{"id":24970,"date":"2022-08-11T12:05:17","date_gmt":"2022-08-11T16:05:17","guid":{"rendered":"https:\/\/portal.sma.gob.cl\/?p=24970"},"modified":"2022-08-17T12:07:18","modified_gmt":"2022-08-17T16:07:18","slug":"puerto-montt-sma-solicita-paralizacion-de-proyecto-inmobiliario-alto-volcanes-por-afectacion-de-humedal-2","status":"publish","type":"post","link":"https:\/\/portal.sma.gob.cl\/index.php\/puerto-montt-sma-solicita-paralizacion-de-proyecto-inmobiliario-alto-volcanes-por-afectacion-de-humedal-2\/","title":{"rendered":"Puerto Montt: SMA solicita paralizaci\u00f3n de proyecto inmobiliario Alto Volcanes por afectaci\u00f3n de humedal"},"content":{"rendered":"<p><strong>La solicitud se ingres\u00f3 al Tercer Tribunal Ambiental, debido a la posible afectaci\u00f3n de los humedales \u201cAlto La Paloma\u201d, \u201cLa Gui\u00f1a\u201d y \u201cBajos del Estero La Paloma\u201d. Toda la ejecuci\u00f3n del proyecto actualmente no cuenta con evaluaci\u00f3n ambiental y se atribuye a 6 empresas.<\/strong><!--more--><\/p>\n<p><strong>Puerto Montt, 11 de agosto de 2022.<\/strong> La Superintendencia del Medio Ambiente (SMA) ha elevado una solicitud al Tercer Tribunal Ambiental, con el objetivo de paralizar las obras del proyecto de \u201cInmobiliaria Alto Volcanes\u201d ubicado en el lote Camino Alto La Paloma s\/n, comuna de Puerto Montt, y cuya titularidad corresponde a empresas Salfacorp S.A., Aconcagua Sur S.A., Inmobiliaria Alto Volcanes SpA, Rentas y Desarrollo Aconcagua S.A., Inmobiliaria e Inversiones HyC S.A. y Aguas Santiago Norte S.A.<\/p>\n<p>\u201cLa SMA hizo un an\u00e1lisis de todas las actividades que realiz\u00f3 el grupo de sociedades que est\u00e1n relacionadas. Con ello, el resultado de la etapa indagatoria demostr\u00f3 que est\u00e1bamos frente a un gran proyecto de car\u00e1cter inmobiliario, que no cuenta con su permiso ambiental correspondiente\u201d, sostiene el Superintendente del Medio Ambiente (S), Emanuel Ibarra.<\/p>\n<p>Dicho proyecto se ubica en el sector Alto La Paloma y actualmente no cuenta con una Resoluci\u00f3n de Calificaci\u00f3n Ambiental (RCA). En mayo de 2022, la SMA abri\u00f3 un procedimiento para requerir su ingreso a evaluaci\u00f3n ambiental de una parte del mismo, a saber, obras de urbanizaci\u00f3n que se emplazan parcialmente sobre el humedal urbano \u201cAlto La Paloma\u201d y sobre el \u201cHumedal La Gui\u00f1a\u201d.<\/p>\n<p>Sin perjuicio de lo anterior, la SMA sigui\u00f3 adelante con la investigaci\u00f3n motivada por nuevas denuncias e informaciones recibidas. En efecto, se realiz\u00f3 una nueva inspecci\u00f3n al \u201cLote C\u201d de dicho proyecto, lo cual permiti\u00f3 tener nuevos antecedentes sobre los verdaderos alcances del proyecto, as\u00ed como tambi\u00e9n de la titularidad de quienes son due\u00f1os de los distintos lotes de terreno, y de quienes tienen a cargo las diversas actividades en el sector. Con ello se concluy\u00f3 que se est\u00e1 frente a un gran proyecto de car\u00e1cter inmobiliario que no cuenta con permiso ambiental.<\/p>\n<p>Con todo lo anterior, la SMA solicit\u00f3 al Tercer Tribunal Ambiental la paralizaci\u00f3n total de las actividades del proyecto \u201cInmobiliaria Alto Volcanes\u201d, debido a la afectaci\u00f3n a los humedales \u201cAlto La Paloma\u201d, \u201cGui\u00f1a\u201d y \u201cBajos del Estero La Paloma\u201d. De autorizarse la medida, las empresas deber\u00e1n paralizar el proyecto.<\/p>\n<p>Dentro de la detenci\u00f3n, se incluye la edificaci\u00f3n de viviendas, la urbanizaci\u00f3n de las Avenidas \u201cEl Bosque\u201d y \u201cEl Bosque Sur\u201d (incluyendo pavimentaci\u00f3n, evacuaci\u00f3n de aguas lluvias, instalaci\u00f3n de electricidad y\/o alumbrado p\u00fablico); el macroloteo \u201cLote C\u201d; la instalaci\u00f3n de redes sanitarias de agua potable y alcantarillado, entre otras. Tambi\u00e9n se solicita la detenci\u00f3n de actividades de movimientos de tierra, excavaciones, construcci\u00f3n de zanjas, escarpe, tr\u00e1nsito de veh\u00edculos y maquinaria pesada, ya que la sobrecarga de v\u00edas circundantes del proyecto, dado el ingreso y salida de materiales y residuos de las obras, es susceptible de afectar los humedales mencionados.<\/p>\n<blockquote><p>M\u00e1s informaci\u00f3n en la web del Tercer Tribunal Ambiental: <a href=\"https:\/\/causas.3ta.cl\/causes\/1160\/expedient\/17058\/books\/884\/?attachmentId=31298\">https:\/\/causas.3ta.cl\/causes\/1160\/expedient\/17058\/books\/884\/?attachmentId=31298<\/a><\/p><\/blockquote>\n","protected":false},"excerpt":{"rendered":"<p>La solicitud se ingres\u00f3 al Tercer Tribunal Ambiental, debido a la posible afectaci\u00f3n de los humedales \u201cAlto La Paloma\u201d, \u201cLa Gui\u00f1a\u201d y \u201cBajos del Estero La Paloma\u201d. Toda la ejecuci\u00f3n del proyecto actualmente no cuenta con evaluaci\u00f3n ambiental y se atribuye a 6 empresas.<\/p>\n","protected":false},"author":9,"featured_media":24967,"comment_status":"open","ping_status":"open","sticky":false,"template":"","format":"standard","meta":{"footnotes":""},"categories":[90,107,239,226],"tags":[],"class_list":["post-24970","post","type-post","status-publish","format-standard","has-post-thumbnail","hentry","category-comunicados-noticias","category-destacado","category-los-lagos","category-macrozona-sur"],"_links":{"self":[{"href":"https:\/\/portal.sma.gob.cl\/index.php\/wp-json\/wp\/v2\/posts\/24970","targetHints":{"allow":["GET"]}}],"collection":[{"href":"https:\/\/portal.sma.gob.cl\/index.php\/wp-json\/wp\/v2\/posts"}],"about":[{"href":"https:\/\/portal.sma.gob.cl\/index.php\/wp-json\/wp\/v2\/types\/post"}],"author":[{"embeddable":true,"href":"https:\/\/portal.sma.gob.cl\/index.php\/wp-json\/wp\/v2\/users\/9"}],"replies":[{"embeddable":true,"href":"https:\/\/portal.sma.gob.cl\/index.php\/wp-json\/wp\/v2\/comments?post=24970"}],"version-history":[{"count":1,"href":"https:\/\/portal.sma.gob.cl\/index.php\/wp-json\/wp\/v2\/posts\/24970\/revisions"}],"predecessor-version":[{"id":24971,"href":"https:\/\/portal.sma.gob.cl\/index.php\/wp-json\/wp\/v2\/posts\/24970\/revisions\/24971"}],"wp:featuredmedia":[{"embeddable":true,"href":"https:\/\/portal.sma.gob.cl\/index.php\/wp-json\/wp\/v2\/media\/24967"}],"wp:attachment":[{"href":"https:\/\/portal.sma.gob.cl\/index.php\/wp-json\/wp\/v2\/media?parent=24970"}],"wp:term":[{"taxonomy":"category","embeddable":true,"href":"https:\/\/portal.sma.gob.cl\/index.php\/wp-json\/wp\/v2\/categories?post=24970"},{"taxonomy":"post_tag","embeddable":true,"href":"https:\/\/portal.sma.gob.cl\/index.php\/wp-json\/wp\/v2\/tags?post=24970"}],"curies":[{"name":"wp","href":"https:\/\/api.w.org\/{rel}","templated":true}]}}