{"id":24987,"date":"2022-08-17T17:26:10","date_gmt":"2022-08-17T21:26:10","guid":{"rendered":"https:\/\/portal.sma.gob.cl\/?p=24987"},"modified":"2022-08-18T09:40:50","modified_gmt":"2022-08-18T13:40:50","slug":"nuevo-taller-virtual","status":"publish","type":"post","link":"https:\/\/portal.sma.gob.cl\/index.php\/nuevo-taller-virtual\/","title":{"rendered":"Nuevo taller virtual: Funcionalidades del Sistema de Seguimiento Atmosf\u00e9rico (SISAT)"},"content":{"rendered":"<p><strong>El taller estar\u00e1 dirigido a encargados de establecimientos que tengan fuentes estacionarias afectas a Planes de Prevenci\u00f3n y\/o Descontaminaci\u00f3n Atmosf\u00e9rica a nivel nacional.<\/strong><!--more--><\/p>\n<p><strong>Santiago, 17 de agosto de 2022.<\/strong> En el marco del proceso de Asistencia al Cumplimiento a establecimientos afectos a las obligaciones establecidas en la Resoluci\u00f3n Exenta N\u00b0 2547 que \u201cEstablece instrucciones generales sobre deberes de remisi\u00f3n de informaci\u00f3n para fuentes reguladas por normas de emisi\u00f3n de contaminantes a la atm\u00f3sfera y planes de prevenci\u00f3n y\/o descontaminaci\u00f3n atmosf\u00e9rica en <a href=\"https:\/\/sisat.sma.gob.cl\/login\/cu\">Sistema de Seguimiento Atmosf\u00e9rico (SISAT)<\/a>\u00a0de la SMA y revoca Resoluci\u00f3n Exenta N\u00b0 1227\/2015\u201d, se ha programado la realizaci\u00f3n de un taller online dirigido a encargados de establecimientos que tengan fuentes estacionarias afectas a Planes de Prevenci\u00f3n y\/o Descontaminaci\u00f3n Atmosf\u00e9rica a nivel nacional y que deban presentar informes de resultados de muestreos de material Particulado o mediciones de gases continuos ejecutados un Entidades T\u00e9cnicas de Fiscalizaci\u00f3n Ambiental (ETFA), en el m\u00f3dulo de muestreo y medici\u00f3n de SISAT.<\/p>\n<p>En la instancia, se presentar\u00e1n las nuevas funcionalidades relacionadas con el Aseguramiento y Control de Calidad (QA\/QC), consistentes en la verificaci\u00f3n de cumplimiento de los controles de calidad de los m\u00e9todos de referencias y de la Resoluci\u00f3n Exenta N\u00b0 2051 SMA 2021, que dicta \u201cInstrucci\u00f3n de Car\u00e1cter general para la operatividad espec\u00edfica de las Entidades T\u00e9cnicas de Fiscalizaci\u00f3n Ambiental en el componente ambiental aire\u201d.<\/p>\n<p>En este taller expondr\u00e1n Juan Pablo Rodr\u00edguez, jefe de la Secci\u00f3n Calidad de Aire y Cambio Clim\u00e1tico, junto a V\u00edctor Delgado, profesional de la misma secci\u00f3n, quienes estar\u00e1n acompa\u00f1ados por Renzo Stanley y Manuel Labra, profesionales de la Divisi\u00f3n de Seguimiento e Informaci\u00f3n Ambiental (DSI).<\/p>\n<p>Invitamos a todas las personas que deseen participar a inscribirse desde ya en el link a continuaci\u00f3n.<\/p>\n<ul>\n<li>Fecha del taller: Lunes 29 de agosto<\/li>\n<li>Horario: 11.00 a 13.00 horas.<\/li>\n<li>Link de inscripci\u00f3n: <a href=\"https:\/\/bit.ly\/3bYEcUo\">https:\/\/bit.ly\/3bYEcUo\u00a0<\/a><\/li>\n<\/ul>\n<p>&nbsp;<\/p>\n<p><a href=\"https:\/\/portal.sma.gob.cl\/wp-content\/uploads\/2022\/08\/Taller-sisat-agosto-2022.jpg\"><img decoding=\"async\" class=\"aligncenter wp-image-24985 size-large\" src=\"https:\/\/portal.sma.gob.cl\/wp-content\/uploads\/2022\/08\/Taller-sisat-agosto-2022-834x1024.jpg\" alt=\"\" width=\"834\" height=\"1024\" srcset=\"https:\/\/portal.sma.gob.cl\/wp-content\/uploads\/2022\/08\/Taller-sisat-agosto-2022-200x246.jpg 200w, https:\/\/portal.sma.gob.cl\/wp-content\/uploads\/2022\/08\/Taller-sisat-agosto-2022-244x300.jpg 244w, https:\/\/portal.sma.gob.cl\/wp-content\/uploads\/2022\/08\/Taller-sisat-agosto-2022-400x491.jpg 400w, https:\/\/portal.sma.gob.cl\/wp-content\/uploads\/2022\/08\/Taller-sisat-agosto-2022-600x737.jpg 600w, https:\/\/portal.sma.gob.cl\/wp-content\/uploads\/2022\/08\/Taller-sisat-agosto-2022-768x943.jpg 768w, https:\/\/portal.sma.gob.cl\/wp-content\/uploads\/2022\/08\/Taller-sisat-agosto-2022-800x983.jpg 800w, https:\/\/portal.sma.gob.cl\/wp-content\/uploads\/2022\/08\/Taller-sisat-agosto-2022-834x1024.jpg 834w, https:\/\/portal.sma.gob.cl\/wp-content\/uploads\/2022\/08\/Taller-sisat-agosto-2022-1200x1474.jpg 1200w, https:\/\/portal.sma.gob.cl\/wp-content\/uploads\/2022\/08\/Taller-sisat-agosto-2022.jpg 1221w\" sizes=\"(max-width: 834px) 100vw, 834px\" \/><\/a><\/p>\n","protected":false},"excerpt":{"rendered":"<p>El taller estar\u00e1 dirigido a encargados de establecimientos que tengan fuentes estacionarias afectas a Planes de Prevenci\u00f3n y\/o Descontaminaci\u00f3n Atmosf\u00e9rica a nivel nacional.<\/p>\n","protected":false},"author":9,"featured_media":24986,"comment_status":"open","ping_status":"open","sticky":false,"template":"","format":"standard","meta":{"footnotes":""},"categories":[90,107,225,232],"tags":[],"class_list":["post-24987","post","type-post","status-publish","format-standard","has-post-thumbnail","hentry","category-comunicados-noticias","category-destacado","category-macrozona-centro","category-metropolitana"],"_links":{"self":[{"href":"https:\/\/portal.sma.gob.cl\/index.php\/wp-json\/wp\/v2\/posts\/24987","targetHints":{"allow":["GET"]}}],"collection":[{"href":"https:\/\/portal.sma.gob.cl\/index.php\/wp-json\/wp\/v2\/posts"}],"about":[{"href":"https:\/\/portal.sma.gob.cl\/index.php\/wp-json\/wp\/v2\/types\/post"}],"author":[{"embeddable":true,"href":"https:\/\/portal.sma.gob.cl\/index.php\/wp-json\/wp\/v2\/users\/9"}],"replies":[{"embeddable":true,"href":"https:\/\/portal.sma.gob.cl\/index.php\/wp-json\/wp\/v2\/comments?post=24987"}],"version-history":[{"count":4,"href":"https:\/\/portal.sma.gob.cl\/index.php\/wp-json\/wp\/v2\/posts\/24987\/revisions"}],"predecessor-version":[{"id":24992,"href":"https:\/\/portal.sma.gob.cl\/index.php\/wp-json\/wp\/v2\/posts\/24987\/revisions\/24992"}],"wp:featuredmedia":[{"embeddable":true,"href":"https:\/\/portal.sma.gob.cl\/index.php\/wp-json\/wp\/v2\/media\/24986"}],"wp:attachment":[{"href":"https:\/\/portal.sma.gob.cl\/index.php\/wp-json\/wp\/v2\/media?parent=24987"}],"wp:term":[{"taxonomy":"category","embeddable":true,"href":"https:\/\/portal.sma.gob.cl\/index.php\/wp-json\/wp\/v2\/categories?post=24987"},{"taxonomy":"post_tag","embeddable":true,"href":"https:\/\/portal.sma.gob.cl\/index.php\/wp-json\/wp\/v2\/tags?post=24987"}],"curies":[{"name":"wp","href":"https:\/\/api.w.org\/{rel}","templated":true}]}}