{"id":25027,"date":"2022-08-25T17:29:47","date_gmt":"2022-08-25T21:29:47","guid":{"rendered":"https:\/\/portal.sma.gob.cl\/?p=25027"},"modified":"2022-08-25T18:04:00","modified_gmt":"2022-08-25T22:04:00","slug":"sma-participa-en-la-mesa-tecnica-interinstitucional-socavon-en-tierra-amarilla","status":"publish","type":"post","link":"https:\/\/portal.sma.gob.cl\/index.php\/sma-participa-en-la-mesa-tecnica-interinstitucional-socavon-en-tierra-amarilla\/","title":{"rendered":"SMA participa en la mesa t\u00e9cnica interinstitucional por socav\u00f3n en Tierra Amarilla"},"content":{"rendered":"<ul>\n<li><strong>La actividad cont\u00f3 con la presencia del Presidente de La Rep\u00fablica, Gabriel Boric, y la Ministra de Miner\u00eda, Marcela Hernando. Las autoridades dialogaron con los servicios p\u00fablicos que han estado trabajando desde el primer d\u00eda en que ocurri\u00f3 la subsidencia y monitorearon el avance de estudios y actividades que se han desarrollado. Asimismo, se reunieron con el alcalde de Tierra Amarilla y representantes de la comunidad. La SMA sigue adelante con la investigaci\u00f3n para determinar las responsabilidades.<\/strong><\/li>\n<\/ul>\n<p><strong>\u00a0<\/strong><\/p>\n<ul>\n<li><strong>El Superintendente (S) Emanuel Ibarra, particip\u00f3 en la Mesa T\u00e9cnica, explicando el rol de la SMA en esta contingencia, y en su visita a la regi\u00f3n dialog\u00f3 con comunidades de la cuenca del R\u00edo Copiap\u00f3, afectadas por la falta de agua. Tambi\u00e9n se reuni\u00f3 con la Seremi de Medio Ambiente, Natalia Penroz, para abordar las principales tem\u00e1ticas de la regi\u00f3n.<\/strong><\/li>\n<\/ul>\n<p><!--more--><\/p>\n<p><strong>Tierra Amarilla, Regi\u00f3n de Atacama, 25 de agosto de 2022.<\/strong> El Superintendente del Medio Ambiente (S), Emanuel Ibarra viaj\u00f3 esta ma\u00f1ana a la Regi\u00f3n de Atacama en el contexto de la contingencia en la comuna de Tierra Amarilla producto del socav\u00f3n que se gener\u00f3 hace un par de semanas en terrenos de la Mina Alcaparrosa de la Compa\u00f1\u00eda Contractual Minera Ojos del Salado. A ra\u00edz de esta contingencia el presidente de la Rep\u00fablica, Gabriel Boric, realiz\u00f3 una visita hoy a esta zona donde se realiz\u00f3 una reuni\u00f3n de coordinaci\u00f3n con todos los organismos sectoriales que est\u00e1n a cargo de medidas respecto en este incidente, con el objetivo de revisar el estatus y pr\u00f3ximos pasos a seguir en este caso.<\/p>\n<p>La actividad se desarroll\u00f3 en las dependencias de la Ilustre Municipalidad de Tierra Amarilla y fue presidida por la ministra de Miner\u00eda, Marcela Hernando. La reuni\u00f3n cont\u00f3 tambi\u00e9n con la presencia de parlamentarias de la zona; del Gobernador Regional, Miguel Vargas; el alcalde de la comuna afectada, Crist\u00f3bal Z\u00fa\u00f1iga; el Delegado Presidencial Regional, Gerardo Tapia; y representantes de nivel central y regional de Sernageomin, de la Direcci\u00f3n General de Aguas (DGA), Direcci\u00f3n de Obras Hidr\u00e1ulica y del Jefe del Servicio de la SMA junto con al Jefe Regional de la entidad fiscalizadora en la Regi\u00f3n de Atacama.<\/p>\n<p>Al respecto, el Superintendente (S) Ibarra explic\u00f3 que \u201cla mesa t\u00e9cnica tuvo por objeto ver el estatus del socav\u00f3n en Tierra Amarilla. Con respecto a las acciones de la SMA, se explicaron las medidas provisionales que hemos ordenado en contra la empresa, junto con analizar las l\u00edneas investigativas para determinar responsabilidades\u201d.<\/p>\n<p>Cabe destacar que el 12 de agosto la SMA dict\u00f3 6 medidas urgentes y transitorias, relativas al levantamiento de informaci\u00f3n que permita caracterizar el riesgo ambiental tras el incidente que comenz\u00f3 el 30 de julio, entre las que se cuentan un estudio de estabilidad del suelo en el \u00e1rea de influencia directa del evento de subsidencia considerando un radio de 500 a 800 metros, un monitoreo de la cota del nivel fre\u00e1tico diario de los pozos HA-02, y pozos 8 al pozo 16, un monitoreo hidro-geoqu\u00edmico, <a href=\"https:\/\/portal.sma.gob.cl\/index.php\/2022\/08\/16\/tierra-amarilla-sma-dicta-medidas-contra-minera-ojos-del-salado-tras-socavon\/\">entre otras medidas.<\/a><\/p>\n<p>Junto con esta actividad, el Superintendente (S) tambi\u00e9n despleg\u00f3 una serie de reuniones con autoridades locales; entre ellas la Seremi de Medio Ambiente, Natalia Penroz, con quien abord\u00f3 los principales casos e investigaciones en curso en la regi\u00f3n. Este tema tambi\u00e9n fue revisado con el equipo interno de la SMA, liderado por Felipe S\u00e1nchez, jefe regional de Atacama.<\/p>\n<p>Durante la tarde la autoridad tuvo una conversaci\u00f3n con comunidades habitantes de los sectores 4, 5 y 6 de la cuenca del R\u00edo de Copiap\u00f3 con quienes se abordaron las principales demandas que les afecta, principalmente respecto al tema del agua en ese sector.<\/p>\n","protected":false},"excerpt":{"rendered":"<p>La actividad cont\u00f3 con la presencia del Presidente de La Rep\u00fablica, Gabriel Boric, y la Ministra de Miner\u00eda, Marcela Hernando. Las autoridades dialogaron con los servicios p\u00fablicos que han estado trabajando desde el primer d\u00eda en que ocurri\u00f3 la subsidencia y monitorearon el avance de estudios y actividades que se han desarrollado. Asimismo, se reunieron con <a href=\"https:\/\/portal.sma.gob.cl\/index.php\/sma-participa-en-la-mesa-tecnica-interinstitucional-socavon-en-tierra-amarilla\/\">Leer m\u00e1s<\/a><\/p>\n","protected":false},"author":9,"featured_media":25033,"comment_status":"open","ping_status":"open","sticky":false,"template":"","format":"standard","meta":{"footnotes":""},"categories":[228,90,224],"tags":[],"class_list":["post-25027","post","type-post","status-publish","format-standard","has-post-thumbnail","hentry","category-atacama","category-comunicados-noticias","category-macrozona-norte"],"_links":{"self":[{"href":"https:\/\/portal.sma.gob.cl\/index.php\/wp-json\/wp\/v2\/posts\/25027","targetHints":{"allow":["GET"]}}],"collection":[{"href":"https:\/\/portal.sma.gob.cl\/index.php\/wp-json\/wp\/v2\/posts"}],"about":[{"href":"https:\/\/portal.sma.gob.cl\/index.php\/wp-json\/wp\/v2\/types\/post"}],"author":[{"embeddable":true,"href":"https:\/\/portal.sma.gob.cl\/index.php\/wp-json\/wp\/v2\/users\/9"}],"replies":[{"embeddable":true,"href":"https:\/\/portal.sma.gob.cl\/index.php\/wp-json\/wp\/v2\/comments?post=25027"}],"version-history":[{"count":4,"href":"https:\/\/portal.sma.gob.cl\/index.php\/wp-json\/wp\/v2\/posts\/25027\/revisions"}],"predecessor-version":[{"id":25039,"href":"https:\/\/portal.sma.gob.cl\/index.php\/wp-json\/wp\/v2\/posts\/25027\/revisions\/25039"}],"wp:featuredmedia":[{"embeddable":true,"href":"https:\/\/portal.sma.gob.cl\/index.php\/wp-json\/wp\/v2\/media\/25033"}],"wp:attachment":[{"href":"https:\/\/portal.sma.gob.cl\/index.php\/wp-json\/wp\/v2\/media?parent=25027"}],"wp:term":[{"taxonomy":"category","embeddable":true,"href":"https:\/\/portal.sma.gob.cl\/index.php\/wp-json\/wp\/v2\/categories?post=25027"},{"taxonomy":"post_tag","embeddable":true,"href":"https:\/\/portal.sma.gob.cl\/index.php\/wp-json\/wp\/v2\/tags?post=25027"}],"curies":[{"name":"wp","href":"https:\/\/api.w.org\/{rel}","templated":true}]}}