{"id":25040,"date":"2022-08-26T14:32:58","date_gmt":"2022-08-26T18:32:58","guid":{"rendered":"https:\/\/portal.sma.gob.cl\/?p=25040"},"modified":"2022-08-26T16:29:03","modified_gmt":"2022-08-26T20:29:03","slug":"region-metropolitana-2022-es-el-segundo-ano-con-mejor-calidad-del-aire-desde-que-existe-plan-de-descontaminacion","status":"publish","type":"post","link":"https:\/\/portal.sma.gob.cl\/index.php\/region-metropolitana-2022-es-el-segundo-ano-con-mejor-calidad-del-aire-desde-que-existe-plan-de-descontaminacion\/","title":{"rendered":"Regi\u00f3n Metropolitana: 2022 es el segundo a\u00f1o con mejor calidad del aire desde que existe plan de descontaminaci\u00f3n"},"content":{"rendered":"<ul>\n<li><strong> La SMA realiz\u00f3 29 fiscalizacionesa los siete Grandes Establecimientos que deb\u00edan paralizar en preemergencia, donde se comprob\u00f3 un alto nivel de cumplimiento de la medida.<\/strong><\/li>\n<li><strong>La ministra del Medio Ambiente, Maisa Rojas, destac\u00f3 el resultado como positivo para los habitantes de la capital y explic\u00f3 el enfoque preventivo que se tom\u00f3.\u00a0<\/strong><\/li>\n<\/ul>\n<p><strong>Santiago, 26 de agosto de 2022.<\/strong> Este invierno se posicion\u00f3 como el segundo a\u00f1o con mejor calidad del aire en la Regi\u00f3n Metropolitana desde que comenz\u00f3 a operar el primer Plan de Prevenci\u00f3n y Descontaminaci\u00f3n Atmosf\u00e9rica (1997) al constatarse seis preemergencias y 13 alertas ambientales, registro s\u00f3lo superado por el 2020, a\u00f1o marcado por la pandemia y las restricciones a la movilidad.<\/p>\n<div>\n<p>As\u00ed lo se\u00f1al\u00f3 la ministra del Medio Ambiente, Maisa Rojas, al hacer un balance de la Gesti\u00f3n de Episodios Cr\u00edticos (GEC) -periodo entre el 1 de mayo y 31 de agosto- y que permite tomar medidas para reducir la contaminaci\u00f3n cuando se declara alerta, preemergencia o emergencia ambiental. En la actividad, realizada en Paseo Bulnes, participaron tambi\u00e9n el ministro de Transportes, Juan Carlos Mu\u00f1oz; la Delegada Presidencial RM, Constanza Mart\u00ednez; y los seremis de Medio Ambiente, Salud y Agricultura, adem\u00e1s de representantes de la Superintendencia del Medio Ambiente, CONAF y Fiscalizaci\u00f3n MMT.<\/p>\n<p>\u201cTuvimos muy buenos resultados de calidad del aire en la Regi\u00f3n Metropolitana. Es una buena noticia para todos quienes vivimos en la capital. Este a\u00f1o tomamos un enfoque preventivo, nos adelantamos y as\u00ed evitamos\u00a0que se constataran episodios cr\u00edticos, es decir, las medidas funcionaron para que la ciudadan\u00eda no haya estado expuesta a estos altos niveles de contaminaci\u00f3n\u201d, coment\u00f3 la ministra Maisa Rojas.<\/p>\n<h3>Fiscalizaci\u00f3n de Grandes Fuentes<\/h3>\n<p>A partir de este a\u00f1o, la Superintendencia del Medio Ambiente (SMA) asumi\u00f3 la responsabilidad de fiscalizar a la industria. De 61 Grandes Establecimientos que deb\u00edan presentar su Plan de Reducci\u00f3n de Emisiones de acuerdo al Plan de Prevenci\u00f3n y Descontaminaci\u00f3n Atmosf\u00e9rica (PPDA), siete de ellos no cumplieron con esta medida, por lo que deb\u00edan paralizar en d\u00edas de preemergencia Ambiental. Respecto de estos, la SMA realiz\u00f3 29 fiscalizaciones a las fuentes, donde se comprob\u00f3 un alto nivel de cumplimiento de la medida de paralizaci\u00f3n.<\/p>\n<p>&#8220;Este ha sido uno de los mejores a\u00f1os en t\u00e9rminso de calidad del aire. S\u00f3lo tuvimos 6 episodios de preemergencia, donde realizamos 29 acciones de fiscalizaci\u00f3n, que de acuerdo a la estrategia se enfoc\u00f3 en los Grandes Establecimientos industriales. Esperamos que el pr\u00f3ximo a\u00f1o siga mejorando la calidad del aire, con el respeto a las medidas del Plan de Descontaminaci\u00f3n de la RM, lo cual es responsabilidad de todas y todos&#8221;, dijo el Superintendente del Medio Ambiente (S), Emanuel Ibarra.<\/p>\n<p>Adicionalmente, como parte de la coordinaci\u00f3n del Programa de Fiscalizaci\u00f3n para el Plan Operacional de la GEC (art 119 PPDA RM), esta Superintendencia &#8220;ha estado recibiendo reportes de los resultados de fiscalizaciones ejecutadas por los organismos sectoriales que participan en su ejecuci\u00f3n, mediante un formulario de reporte en l\u00ednea&#8221;, explic\u00f3 Juan Pablo Rodr\u00edguez, jefe de la Secci\u00f3n de Calidad de Aire y Cambio Clim\u00e1tico de la SMA.<\/p>\n<h3>Episodios de contaminaci\u00f3n<\/h3>\n<p>Tambi\u00e9n se detall\u00f3 que durante este periodo la cantidad de horas con episodios de contaminaci\u00f3n fueron las m\u00e1s bajas de la historia: 80 horas con \u00edndices de preemergencia y 246 horas en alerta ambiental. En 2015, por ejemplo, la Regi\u00f3n Metropolitana present\u00f3 17 horas en emergencia, 251 horas en preemergencia, y 647 horas en alerta ambiental.<\/p>\n<p>El factor meteorol\u00f3gico, principalmente las lluvias de julio, colaboraron a tener mejores condiciones de ventilaci\u00f3n en la cuenca de Santiago.<\/p>\n<p>Sobre la fiscalizaci\u00f3n, el Ministro de Transportes, Juan Carlos Mu\u00f1oz, coment\u00f3 que \u201cdurante este per\u00edodo se han registrado m\u00e1s de 85 mil infracciones s\u00f3lo con nuestras c\u00e1maras. Un sistema automatizado que permite sancionar a quienes no cumplen con las normas y reforzar el trabajo de nuestros fiscalizadores en la calle. Queremos agradecer y destacar el trabajo de fiscalizaci\u00f3n durante este tiempo y a la vez queremos resaltar que seguimos trabajando por un transporte p\u00fablico seguro, confiable y sustentable que les permita a muchos otros bajarse del auto y construir mejores ciudades\u201d.<\/p>\n<p>Tambi\u00e9n respecto de las fiscalizaciones, la Delegada Presidencial de la Regi\u00f3n Metropolitana, Constanza Mart\u00ednez, destac\u00f3 el trabajo realizado en la detecci\u00f3n de quemas agr\u00edcolas y tambi\u00e9n en fiscalizaci\u00f3n por el uso de calefactores a le\u00f1a del sector residencial, prohibidos durante todo el a\u00f1o en la Provincia de Santiago y las comunas de San Bernardo y Puente Alto, y que se extiende a toda la RM en d\u00edas de episodios de alerta y preemergencia.<\/p>\n<p>\u201cEstamos muy contentos porque este 2022 hemos tenido la mejor Calidad de Aire desde que se tiene registro, a excepci\u00f3n del a\u00f1o 2020 donde estuvimos en cuarentena. Ciudades con una mejor calidad de aire son, sin duda, ciudades m\u00e1s felices. Como gobierno tenemos el deber de pensar en el pa\u00eds que le entregaremos a las generaciones futuras y es por ello que debemos pensar acciones que hoy, no ma\u00f1ana, impacten en mejorar la calidad de vida de las personas. Invitamos \u00a0a seguir contribuyendo con estas medidas y as\u00ed aportar, entre todas y todos, para tener una mejor calidad de vida y de aire en nuestra regi\u00f3n\u201d, puntualiz\u00f3 la autoridad regional.<\/p>\n<p>Este a\u00f1o la Seremi de Salud RM pudo comprobar que, tanto en el sector rural como urbano, hubo un incremento en el uso de calefactores a le\u00f1a, lo que signific\u00f3 tambi\u00e9n un aumento de un 67% de los sumarios sanitarios levantados por la autoridad. Y lo mismo ocurri\u00f3 con las Quemas Agr\u00edcolas, donde la Seremi de Agricultura RM a trav\u00e9s de los servicios CONAF y SAG, detect\u00f3 79 quemas ilegales, de las cuales 10 fueron derivadas a los tribunales y 69 quedaron con citaci\u00f3n preventiva. En total fueron 1,96 hect\u00e1reas las afectadas en toda la RM.<\/p>\n<p>Otra de las acciones que se llevan a cabo para disminuir los niveles de material en suspensi\u00f3n es el Programa de Lavado y Aspirado de Calles, que realiza el Gobierno Regional Metropolitano de Santiago, y que para el periodo GEC 2022 incluy\u00f3 a 28 comunas, dividas en 4 Zonas de Barrido, con lo que se logr\u00f3 barrer y aspirar 54.820 kil\u00f3metros lineales, recolect\u00e1ndose 2.307 toneladas de polvo o material particulado grueso.<\/p>\n<\/div>\n","protected":false},"excerpt":{"rendered":"<p>La SMA realiz\u00f3 29 fiscalizacionesa los siete Grandes Establecimientos que deb\u00edan paralizar en preemergencia, donde se comprob\u00f3 un alto nivel de cumplimiento de la medida. La ministra del Medio Ambiente, Maisa Rojas, destac\u00f3 el resultado como positivo para los habitantes de la capital y explic\u00f3 el enfoque preventivo que se tom\u00f3.\u00a0 Santiago, 26 de agosto de <a href=\"https:\/\/portal.sma.gob.cl\/index.php\/region-metropolitana-2022-es-el-segundo-ano-con-mejor-calidad-del-aire-desde-que-existe-plan-de-descontaminacion\/\">Leer m\u00e1s<\/a><\/p>\n","protected":false},"author":9,"featured_media":25047,"comment_status":"open","ping_status":"open","sticky":false,"template":"","format":"standard","meta":{"footnotes":""},"categories":[90,107,225,232],"tags":[],"class_list":["post-25040","post","type-post","status-publish","format-standard","has-post-thumbnail","hentry","category-comunicados-noticias","category-destacado","category-macrozona-centro","category-metropolitana"],"_links":{"self":[{"href":"https:\/\/portal.sma.gob.cl\/index.php\/wp-json\/wp\/v2\/posts\/25040","targetHints":{"allow":["GET"]}}],"collection":[{"href":"https:\/\/portal.sma.gob.cl\/index.php\/wp-json\/wp\/v2\/posts"}],"about":[{"href":"https:\/\/portal.sma.gob.cl\/index.php\/wp-json\/wp\/v2\/types\/post"}],"author":[{"embeddable":true,"href":"https:\/\/portal.sma.gob.cl\/index.php\/wp-json\/wp\/v2\/users\/9"}],"replies":[{"embeddable":true,"href":"https:\/\/portal.sma.gob.cl\/index.php\/wp-json\/wp\/v2\/comments?post=25040"}],"version-history":[{"count":4,"href":"https:\/\/portal.sma.gob.cl\/index.php\/wp-json\/wp\/v2\/posts\/25040\/revisions"}],"predecessor-version":[{"id":25051,"href":"https:\/\/portal.sma.gob.cl\/index.php\/wp-json\/wp\/v2\/posts\/25040\/revisions\/25051"}],"wp:featuredmedia":[{"embeddable":true,"href":"https:\/\/portal.sma.gob.cl\/index.php\/wp-json\/wp\/v2\/media\/25047"}],"wp:attachment":[{"href":"https:\/\/portal.sma.gob.cl\/index.php\/wp-json\/wp\/v2\/media?parent=25040"}],"wp:term":[{"taxonomy":"category","embeddable":true,"href":"https:\/\/portal.sma.gob.cl\/index.php\/wp-json\/wp\/v2\/categories?post=25040"},{"taxonomy":"post_tag","embeddable":true,"href":"https:\/\/portal.sma.gob.cl\/index.php\/wp-json\/wp\/v2\/tags?post=25040"}],"curies":[{"name":"wp","href":"https:\/\/api.w.org\/{rel}","templated":true}]}}