{"id":25090,"date":"2022-08-31T12:12:54","date_gmt":"2022-08-31T16:12:54","guid":{"rendered":"https:\/\/portal.sma.gob.cl\/?p=25090"},"modified":"2022-08-31T12:12:54","modified_gmt":"2022-08-31T16:12:54","slug":"ciclo-sma-aipef-normativa-ambiental-aplicable-a-proyectos-de-inversion-a-lo-largo-de-su-ciclo-de-vida","status":"publish","type":"post","link":"https:\/\/portal.sma.gob.cl\/index.php\/ciclo-sma-aipef-normativa-ambiental-aplicable-a-proyectos-de-inversion-a-lo-largo-de-su-ciclo-de-vida\/","title":{"rendered":"Ciclo SMA-AIPEF: Normativa ambiental aplicable a proyectos de inversi\u00f3n a lo largo de su ciclo de vida"},"content":{"rendered":"<p><strong>El primer taller, de un ciclo que abordar\u00e1 4 capacitaciones para personas del mundo de las comunicaciones, estuvo a cargo del Fiscal (S), Benjam\u00edn Muhr, quien realiz\u00f3 una explicaci\u00f3n general de la institucionalidad ambiental en el pa\u00eds, y revis\u00f3 los principales procesos de la SMA. El jueves 1 de septiembre el taller estar\u00e1 a cargo de Rub\u00e9n Verdugo, quien explicar\u00e1 en detalle las labores de la Divisi\u00f3n de Fiscalizaci\u00f3n y Conformidad Ambiental.<\/strong><!--more--><\/p>\n<p><strong>Santiago, 25 de agosto de 2022.<\/strong> Una charla para explicar la normativa ambiental de los proyectos de inversi\u00f3n y el rol de la Superintendencia de Medio Ambiente (SMA) en el marco de la institucionalidad vigente en el \u00e1rea ofreci\u00f3 hoy el Fiscal (S) de la repartici\u00f3n Benjam\u00edn Muhr.<\/p>\n<p>Explic\u00f3 que los cuatro principales actores del sector son el Ministerio, el Servicio de Evaluaci\u00f3n Ambiental, la Superintendencia y los Tribunales Ambientales y que los instrumentos de gesti\u00f3n de la SMA son los siguientes:<\/p>\n<ol>\n<li>Resoluci\u00f3n de Calificaciones Ambientales (17.556 casos en la actualidad)<\/li>\n<li>Normas de Calidad (16)<\/li>\n<li>Normas de Emisi\u00f3n (10)<\/li>\n<li>Programas de Cumplimiento (538)<\/li>\n<li>Planes de Prevenci\u00f3n y Descontaminaci\u00f3n Ambiental (21)<\/li>\n<li>Impuesto Verde (1)<\/li>\n<li>Otros instrumentos que puedan crearse.<\/li>\n<\/ol>\n<p>Las fiscalizaciones implican inspecciones, mediciones y an\u00e1lisis, los que a veces se realizan en terreno y otras a trav\u00e9s de la revisi\u00f3n de la documentaci\u00f3n de los proyectos, que deben entregar a trav\u00e9s de su seguimiento ambiental establecido en sus RCA. Para dar cumplimiento a la fiscalizaci\u00f3n la SMA cuenta con oficinas y personal en cada regi\u00f3n y posee patrimonio propio. Tambi\u00e9n puede subprogramar actividades con otros servicios p\u00fablicos con competencia ambiental y contratar a Entidades T\u00e9cnicas de Fiscalizaci\u00f3n Ambiental (ETFA) para la toma de muestras.<\/p>\n<p>Asimismo, se\u00f1al\u00f3 que cualquier persona puede realizar una <a href=\"https:\/\/denuncia.sma.gob.cl\/\">denuncia ante la SMA<\/a> y que, debido a la posibilidad de hacerlo en formato online desde hace poco m\u00e1s de un a\u00f1o -antes s\u00f3lo pod\u00edan realizarse en forma presencial-, \u00e9stas se est\u00e1n triplicado anualmente. En 2020 se recibieron 1.870 denuncias, mientras que en 2021 cerca de 6.000.<\/p>\n<p>El ciclo de charlas SMA-AIPEF est\u00e1 presupuestado con cuatro encuentros durante agosto, septiembre y octubre. La pr\u00f3xima charla tendr\u00e1 lugar el 1 de septiembre, tambi\u00e9n a las 9 de la ma\u00f1ana, y tratar\u00e1 la \u201cFiscalizaci\u00f3n de grandes proyectos: los casos de la industria minera y energ\u00e9tica\u201d, a cargo de Rub\u00e9n Verdugo, jefe de la Divisi\u00f3n de Fiscalizaci\u00f3n de la SMA. Si desea participar, <a href=\"https:\/\/us02web.zoom.us\/webinar\/register\/WN_cpP7n_x9RO6yGRAkdiMaxA\">puede inscribirse en este link.<\/a><\/p>\n<p>Revisa la charla del Fiscal Muhr aqu\u00ed:<\/p>\n<div class=\"video-shortcode\"><iframe title=\"Ciclo SMA AIPEF: NORMATIVA AMBIENTAL APLICABLE A PROYECTOS DE INVERSI\u00d3N\" width=\"1100\" height=\"619\" src=\"https:\/\/www.youtube.com\/embed\/Ih-AxUbaUeU?feature=oembed\" frameborder=\"0\" allow=\"accelerometer; autoplay; clipboard-write; encrypted-media; gyroscope; picture-in-picture\" allowfullscreen><\/iframe><\/div>\n<p>&nbsp;<\/p>\n<p>&nbsp;<\/p>\n","protected":false},"excerpt":{"rendered":"<p>El primer taller, de un ciclo que abordar\u00e1 4 capacitaciones para personas del mundo de las comunicaciones, estuvo a cargo del Fiscal (S), Benjam\u00edn Muhr, quien realiz\u00f3 una explicaci\u00f3n general de la institucionalidad ambiental en el pa\u00eds, y revis\u00f3 los principales procesos de la SMA. El jueves 1 de septiembre el taller estar\u00e1 a cargo de <a href=\"https:\/\/portal.sma.gob.cl\/index.php\/ciclo-sma-aipef-normativa-ambiental-aplicable-a-proyectos-de-inversion-a-lo-largo-de-su-ciclo-de-vida\/\">Leer m\u00e1s<\/a><\/p>\n","protected":false},"author":9,"featured_media":25084,"comment_status":"open","ping_status":"open","sticky":false,"template":"","format":"standard","meta":{"footnotes":""},"categories":[90,107,225,232],"tags":[],"class_list":["post-25090","post","type-post","status-publish","format-standard","has-post-thumbnail","hentry","category-comunicados-noticias","category-destacado","category-macrozona-centro","category-metropolitana"],"_links":{"self":[{"href":"https:\/\/portal.sma.gob.cl\/index.php\/wp-json\/wp\/v2\/posts\/25090","targetHints":{"allow":["GET"]}}],"collection":[{"href":"https:\/\/portal.sma.gob.cl\/index.php\/wp-json\/wp\/v2\/posts"}],"about":[{"href":"https:\/\/portal.sma.gob.cl\/index.php\/wp-json\/wp\/v2\/types\/post"}],"author":[{"embeddable":true,"href":"https:\/\/portal.sma.gob.cl\/index.php\/wp-json\/wp\/v2\/users\/9"}],"replies":[{"embeddable":true,"href":"https:\/\/portal.sma.gob.cl\/index.php\/wp-json\/wp\/v2\/comments?post=25090"}],"version-history":[{"count":1,"href":"https:\/\/portal.sma.gob.cl\/index.php\/wp-json\/wp\/v2\/posts\/25090\/revisions"}],"predecessor-version":[{"id":25091,"href":"https:\/\/portal.sma.gob.cl\/index.php\/wp-json\/wp\/v2\/posts\/25090\/revisions\/25091"}],"wp:featuredmedia":[{"embeddable":true,"href":"https:\/\/portal.sma.gob.cl\/index.php\/wp-json\/wp\/v2\/media\/25084"}],"wp:attachment":[{"href":"https:\/\/portal.sma.gob.cl\/index.php\/wp-json\/wp\/v2\/media?parent=25090"}],"wp:term":[{"taxonomy":"category","embeddable":true,"href":"https:\/\/portal.sma.gob.cl\/index.php\/wp-json\/wp\/v2\/categories?post=25090"},{"taxonomy":"post_tag","embeddable":true,"href":"https:\/\/portal.sma.gob.cl\/index.php\/wp-json\/wp\/v2\/tags?post=25090"}],"curies":[{"name":"wp","href":"https:\/\/api.w.org\/{rel}","templated":true}]}}