{"id":25143,"date":"2022-09-06T11:38:03","date_gmt":"2022-09-06T14:38:03","guid":{"rendered":"https:\/\/portal.sma.gob.cl\/?p=25143"},"modified":"2022-09-06T13:50:19","modified_gmt":"2022-09-06T16:50:19","slug":"arauco-sma-inicia-procedimiento-para-exigir-evaluacion-ambiental-a-un-proyecto-de-subdivision-por-afectacion-de-humedal-curaquilla","status":"publish","type":"post","link":"https:\/\/portal.sma.gob.cl\/index.php\/arauco-sma-inicia-procedimiento-para-exigir-evaluacion-ambiental-a-un-proyecto-de-subdivision-por-afectacion-de-humedal-curaquilla\/","title":{"rendered":"Arauco: SMA inicia procedimiento para exigir evaluaci\u00f3n ambiental a un proyecto de subdivisi\u00f3n por afectaci\u00f3n de humedal Curaquilla"},"content":{"rendered":"<ul>\n<li><strong>El proyecto \u201cSubdivisi\u00f3n, sector Laguna Curaquilla\u201d, ubicado en la Regi\u00f3n del Biob\u00edo, consiste en una parcelaci\u00f3n de 56 lotes, adem\u00e1s de asociarse a una actividad de extracci\u00f3n de \u00e1ridos y de compactaci\u00f3n del terreno, en la zona del humedal urbano del mismo nombre.<\/strong><\/li>\n<\/ul>\n<p><!--more--><\/p>\n<p><strong>Arauco, Regi\u00f3n del Biob\u00edo, 06 de septiembre de 2022.<\/strong> La Superintendencia del Medio Ambiente (SMA), tras un proceso de investigaci\u00f3n, inici\u00f3 un procedimiento de requerimiento de ingreso a evaluaci\u00f3n ambiental en contra de Carlos Maudier Lucero y Andr\u00e9s Maudier Pav\u00f3n, en su car\u00e1cter de titulares del proyecto \u201cSubdivisi\u00f3n, sector Laguna Curaquilla\u201d, por configurarse las tipolog\u00edas descritas en los literales p) y s) del art\u00edculo 10 de la Ley N\u00b019.300. Lo anterior, en tanto se constat\u00f3 la ejecuci\u00f3n de obras sobre el humedal urbano Curaquilla, declarado como tal por el Ministerio del Medio Ambiente, mediante la Resoluci\u00f3n Exenta N\u00b0380\/2022, de fecha 18 de abril de 2022, publicada en el Diario Oficial con fecha 18 de mayo de 2022, que podr\u00edan significar su afectaci\u00f3n en los t\u00e9rminos descritos por las causales de ingreso citadas.<\/p>\n<p>Este caso se inici\u00f3 con una denuncia de la Ilustre Municipalidad de Arauco, por intervenciones en la laguna Curaquilla, en ese entonces, en proceso de ser declarada humedal urbano. Esto llev\u00f3 a una primera actividad de inspecci\u00f3n ambiental en terreno por parte de esta Superintendencia, el d\u00eda 07 de diciembre de 2021, donde no se encontraron hallazgos relevantes.<\/p>\n<p>Posteriormente, en marzo de 2022, la misma casa edilicia present\u00f3 una nueva denuncia por intervenciones ejecutadas en el sector, a lo que se sum\u00f3 una denuncia ciudadana. Esto motiv\u00f3 una nueva actividad de inspecci\u00f3n en el sector por parte de la SMA, ejecutada el 31 de marzo de 2022, adem\u00e1s de una serie de requerimientos de informaci\u00f3n para recabar m\u00e1s antecedentes.<\/p>\n<p>\u201cEn la \u00faltima inspecci\u00f3n en terreno, entre otras cosas, se verificaron obras ejecutadas en el humedal urbano Curaquilla, espec\u00edficamente, su relleno y compactaci\u00f3n en distintas \u00e1reas, con el objeto de nivelar el terreno y construir un camino. Adem\u00e1s, se visualizaron obras de desecamiento en distintas zonas de desag\u00fce del humedal, la extracci\u00f3n de cobertura vegetal y la afectaci\u00f3n a juncales (vegetaci\u00f3n caracter\u00edstica de los humedales costeros de la comuna) al final del camino construido\u201d, explica Juan Pablo Granzow, jefe regional de la SMA en Biob\u00edo. A\u00f1ade que \u201ctambi\u00e9n se constat\u00f3\u0301 la demarcaci\u00f3n de lotes o sectores con postes de madera, lo que da indicios de posibles loteos o parcelaciones dentro del predio\u201d.<\/p>\n<p>A partir de la etapa investigativa, se concluy\u00f3 que el proyecto consiste en la subdivisi\u00f3n del predio Rol 168-7, comuna de Arauco, regi\u00f3n de Biob\u00edo, en 56 lotes. Asimismo, en la zona se comprob\u00f3 una actividad de extracci\u00f3n de \u00e1ridos asociada al proyecto de subdivisi\u00f3n, cuyo objeto ser\u00eda extraer alrededor de 97.415 m<sup>3<\/sup> de \u00e1ridos, durante la vida \u00fatil del proyecto.<\/p>\n<p>Finalmente, esta Superintendencia analiz\u00f3 que las actividades desarrolladas, correspond\u00edan a aquellas que los literales s) y p) de la Ley 19.300 exige obligatoriamente su evaluaci\u00f3n ambiental previa.<\/p>\n<p>En efecto, \u201clas obras ejecutadas por los titulares sobre el humedal, espec\u00edficamente, su relleno y compactaci\u00f3n, han producido alteraciones f\u00edsicas, qu\u00edmicas y bi\u00f3ticas del humedal, as\u00ed como tambi\u00e9n sobre sus flujos ecosist\u00e9micos, sus componentes y las interacciones entre \u00e9stos\u201d, explica el Superintendente del Medio Ambiente (S), Emanuel Ibarra.<\/p>\n<p>Los empresarios Maudier, en su car\u00e1cter de titulares del proyecto, tienen un plazo de 15 d\u00edas h\u00e1biles, a contar de la notificaci\u00f3n de la resoluci\u00f3n, para hacer valer sus observaciones, alegaciones, o pruebas que, en conjunto al pronunciamiento del SEA, ser\u00e1n analizadas en su m\u00e9rito con el objeto de confirmar o descartar la hip\u00f3tesis de elusi\u00f3n levantada por la Superintendencia.<\/p>\n","protected":false},"excerpt":{"rendered":"<p>El proyecto \u201cSubdivisi\u00f3n, sector Laguna Curaquilla\u201d, ubicado en la Regi\u00f3n del Biob\u00edo, consiste en una parcelaci\u00f3n de 56 lotes, adem\u00e1s de asociarse a una actividad de extracci\u00f3n de \u00e1ridos y de compactaci\u00f3n del terreno, en la zona del humedal urbano del mismo nombre.<\/p>\n","protected":false},"author":9,"featured_media":25141,"comment_status":"open","ping_status":"open","sticky":false,"template":"","format":"standard","meta":{"footnotes":""},"categories":[236,90,107,226],"tags":[],"class_list":["post-25143","post","type-post","status-publish","format-standard","has-post-thumbnail","hentry","category-biobio","category-comunicados-noticias","category-destacado","category-macrozona-sur"],"_links":{"self":[{"href":"https:\/\/portal.sma.gob.cl\/index.php\/wp-json\/wp\/v2\/posts\/25143","targetHints":{"allow":["GET"]}}],"collection":[{"href":"https:\/\/portal.sma.gob.cl\/index.php\/wp-json\/wp\/v2\/posts"}],"about":[{"href":"https:\/\/portal.sma.gob.cl\/index.php\/wp-json\/wp\/v2\/types\/post"}],"author":[{"embeddable":true,"href":"https:\/\/portal.sma.gob.cl\/index.php\/wp-json\/wp\/v2\/users\/9"}],"replies":[{"embeddable":true,"href":"https:\/\/portal.sma.gob.cl\/index.php\/wp-json\/wp\/v2\/comments?post=25143"}],"version-history":[{"count":1,"href":"https:\/\/portal.sma.gob.cl\/index.php\/wp-json\/wp\/v2\/posts\/25143\/revisions"}],"predecessor-version":[{"id":25144,"href":"https:\/\/portal.sma.gob.cl\/index.php\/wp-json\/wp\/v2\/posts\/25143\/revisions\/25144"}],"wp:featuredmedia":[{"embeddable":true,"href":"https:\/\/portal.sma.gob.cl\/index.php\/wp-json\/wp\/v2\/media\/25141"}],"wp:attachment":[{"href":"https:\/\/portal.sma.gob.cl\/index.php\/wp-json\/wp\/v2\/media?parent=25143"}],"wp:term":[{"taxonomy":"category","embeddable":true,"href":"https:\/\/portal.sma.gob.cl\/index.php\/wp-json\/wp\/v2\/categories?post=25143"},{"taxonomy":"post_tag","embeddable":true,"href":"https:\/\/portal.sma.gob.cl\/index.php\/wp-json\/wp\/v2\/tags?post=25143"}],"curies":[{"name":"wp","href":"https:\/\/api.w.org\/{rel}","templated":true}]}}