{"id":25169,"date":"2022-09-09T10:54:36","date_gmt":"2022-09-09T14:54:36","guid":{"rendered":"https:\/\/portal.sma.gob.cl\/?p=25169"},"modified":"2022-09-09T10:55:28","modified_gmt":"2022-09-09T14:55:28","slug":"sma-inicia-4-sancionatorios-a-rellenos-y-abre-expediente-para-exigir-evaluacion-ambiental-del-vertedero-la-chimba-de-antofagasta","status":"publish","type":"post","link":"https:\/\/portal.sma.gob.cl\/index.php\/sma-inicia-4-sancionatorios-a-rellenos-y-abre-expediente-para-exigir-evaluacion-ambiental-del-vertedero-la-chimba-de-antofagasta\/","title":{"rendered":"SMA inicia 4 sancionatorios a rellenos y abre expediente para exigir evaluaci\u00f3n ambiental del Vertedero La Chimba de Antofagasta"},"content":{"rendered":"<ul>\n<li><strong>En el caso del Vertedero Municipal, se solicita la evaluaci\u00f3n ambiental del plan de cierre de dicha instalaci\u00f3n, que dej\u00f3 de funcionar oficialmente en 2021, pero debido a la falta de un cerco perimetral, sigue recibiendo basura de desconocidos, lo cual ha provocado distintos incendios debido a que no cuenta con un cierre adecuado.<\/strong><\/li>\n<li><strong>Adicionalmente, se formulan cargos a 4 vertederos por incumplimientos ambientales:\u00a0 Rescon (Regi\u00f3n de Antofagasta); Relleno Sanitario Iquique (Regi\u00f3n de Tarapac\u00e1); Vertedero Victoria (Regi\u00f3n de la Araucan\u00eda) y Rexin\u00a0 (Regi\u00f3n de Los Lagos).<\/strong><\/li>\n<\/ul>\n<p><!--more--><\/p>\n<p><strong>\u00a0<\/strong><strong>Santiago, 09 de septiembre de 2022.<\/strong> La Superintendencia del Medio Ambiente inici\u00f3 cuatro procedimientos sancionatorios contra Vertederos y Rellenos Sanitarios ubicados en las regiones de Tarapac\u00e1, Antofagasta, Araucan\u00eda y Los Lagos, debido a incumplimientos asociados a sus permisos ambientales y, sobre todo, a denuncias de la ciudadan\u00eda. En paralelo, y tras varias l\u00edneas de investigaci\u00f3n, inici\u00f3 un proceso de requerimiento de ingreso a evaluaci\u00f3n ambiental al Vertedero La Chimba de Antofagasta, el cual ha tenido distintos episodios de incendios, producto del mal manejo de los residuos que all\u00ed se acumulan, por no existir un cierre adecuado del lugar.<\/p>\n<p>\u201cEstamos realizando un fuerte trabajo de coordinaci\u00f3n con nuestras Oficinas Regionales, que nos levantaron los casos m\u00e1s urgentes, con m\u00e1s denuncias y problem\u00e1ticas en sus zonas. Por esto iniciamos 4 procedimientos sancionatorios, para que las municipalidades tomen medidas antes del per\u00edodo estival, cuando se presentan m\u00e1s molestias por olores y vectores en las comunidades cercanas, y tambi\u00e9n, riesgos de incendio cuando existen zonas de dep\u00f3sitos de residuos sin el manejo adecuado\u201d, afirma el Superintendente del Medio Ambiente (S), Emanuel Ibarra.<\/p>\n<p>&nbsp;<\/p>\n<p><strong>Vertedero La Chimba<\/strong><\/p>\n<p>El Vertedero La Chimba inici\u00f3 su operaci\u00f3n el a\u00f1o 1970 para recibir residuos domiciliarios. En esa \u00e9poca no exist\u00eda la evaluaci\u00f3n ambiental. En 2009, la Seremi de Salud de Antofagasta aprob\u00f3 un programa de adecuaci\u00f3n para el Vertedero La Chimba que contemplaba, en lo relevante, un plan de cierre y abandono de \u00e9ste. Posteriormente, la Municipalidad de Antofagasta -titular del proyecto-, someti\u00f3 a evaluaci\u00f3n el proyecto \u201cPlan de remediaci\u00f3n y recuperaci\u00f3n Vertedero La Chimba y su entorno, comuna de Antofagasta\u201d, pero luego se desisti\u00f3 de \u00e9ste.<\/p>\n<p>En tanto, en diciembre de 2019 la Municipalidad inici\u00f3 la operaci\u00f3n del Relleno Sanitario Chaqueta Blanca, lo que puso fin a la fase de operaci\u00f3n del Vertedero La Chimba para la disposici\u00f3n de residuos domiciliarios, no obstante, continu\u00f3 con la recepci\u00f3n de residuos de construcci\u00f3n hasta junio de 2021, fecha en que se habr\u00eda cerrado de forma completa y definitiva. \u201cSin embargo, y debido a la falta de un buen cierre perimetral, personas desconocidas contin\u00faan con la disposici\u00f3n no autorizada de residuos al interior y a los alrededores de donde se emplazaba el Vertedero La Chimba, con la consecuente ocurrencia de quemas ilegales de dichos residuos, cuyas emisiones afectan a la poblaci\u00f3n cercana\u201d, explica Sandra Cortez, Jefa de la Oficina Regional de Antofagasta.<\/p>\n<p>De hecho, en junio de 2022, la Direcci\u00f3n Regional de Antofagasta de la Oficina Nacional de Emergencias, en su Informe T\u00e9cnico N\u00b0074, dio cuenta de que un n\u00famero indeterminado de personas se encontraba afectado a causa de un incendio en los terrenos del ex Vertedero La Chimba, ubicado en el Sector Norte de la ciudad de Antofagasta. Adem\u00e1s, en dicho informe se indic\u00f3 que \u201c(&#8230;) este recinto no cumple con las condiciones m\u00ednimas para operar como relleno sanitario, careciendo de una respectiva Autorizaci\u00f3n Sanitaria de funcionamiento ni Resoluci\u00f3n de Calificaci\u00f3n Ambiental\u201d.<\/p>\n<p>Por todo lo anterior, y evaluando informaci\u00f3n de distintos servicios p\u00fablicos de la regi\u00f3n, la SMA solicita a Municipalidad de Antofagasta, en su car\u00e1cter de titular del proyecto evaluar la \u201cFase de Cierre del ex Vertedero La Chimba\u201d, a ejecutar en el sector Norte de la comuna de Antofagasta, dentro del radio urbano, por configurarse las tipolog\u00edas descritas en los literales o) y p) del art\u00edculo 10 de la Ley de Bases de Medio Ambiente.<\/p>\n<p>En este caso, el proyecto, se ubica a 900 metros en l\u00ednea recta de la Reserva Nacional La Chimba, que 1\u00b0\u00a0 posee importantes y variados recursos de vegetaci\u00f3n y fauna; que presenta buenas condiciones para la recreaci\u00f3n e investigaci\u00f3n cient\u00edfica, constituyendo un sector representativo de los sistemas ecol\u00f3gicos de Desierto; y que es necesario conservar y regular el manejo de esta \u00e1rea, por estar afectada durante los \u00faltimos a\u00f1os por una fuerte degradaci\u00f3n de origen antr\u00f3pico.<\/p>\n<p>La Municipalidad cuenta con 15 d\u00edas para presentar sus alegaciones o defensas.<\/p>\n<p><a href=\"https:\/\/portal.sma.gob.cl\/wp-content\/uploads\/2022\/09\/incendio-la-Chimba-1.png\"><img decoding=\"async\" class=\"aligncenter size-fusion-800 wp-image-25178\" src=\"https:\/\/portal.sma.gob.cl\/wp-content\/uploads\/2022\/09\/incendio-la-Chimba-1-800x450.png\" alt=\"\" width=\"800\" height=\"450\" srcset=\"https:\/\/portal.sma.gob.cl\/wp-content\/uploads\/2022\/09\/incendio-la-Chimba-1-200x113.png 200w, https:\/\/portal.sma.gob.cl\/wp-content\/uploads\/2022\/09\/incendio-la-Chimba-1-300x169.png 300w, https:\/\/portal.sma.gob.cl\/wp-content\/uploads\/2022\/09\/incendio-la-Chimba-1-400x225.png 400w, https:\/\/portal.sma.gob.cl\/wp-content\/uploads\/2022\/09\/incendio-la-Chimba-1-600x338.png 600w, https:\/\/portal.sma.gob.cl\/wp-content\/uploads\/2022\/09\/incendio-la-Chimba-1-768x432.png 768w, https:\/\/portal.sma.gob.cl\/wp-content\/uploads\/2022\/09\/incendio-la-Chimba-1-800x450.png 800w, https:\/\/portal.sma.gob.cl\/wp-content\/uploads\/2022\/09\/incendio-la-Chimba-1-1024x576.png 1024w, https:\/\/portal.sma.gob.cl\/wp-content\/uploads\/2022\/09\/incendio-la-Chimba-1.png 1200w\" sizes=\"(max-width: 800px) 100vw, 800px\" \/><\/a><\/p>\n<p>&nbsp;<\/p>\n<h2>Otros procedimientos sancionatorios<\/h2>\n<ol>\n<li><strong>Rexin, Los Lagos<\/strong><\/li>\n<\/ol>\n<p>El Empalme Rexin es un relleno sanitario ubicado en la comuna de Maull\u00edn de la Regi\u00f3n de Los Lagos, cuyo proyecto consiste\u202fen la recepci\u00f3n y disposici\u00f3n final de residuos industriales org\u00e1nicos e inorg\u00e1nicos asimilables a domiciliarios y lodos deshidratados, todos de car\u00e1cter no peligroso.<\/p>\n<p>La formulaci\u00f3n de cargos se hace cargo de 10 denuncias y \u00e9stos consisten en haber dispuesto mayor volumen de residuos diarios de lo autorizado, entre 2019 y 2022; y en tener una deficiente operaci\u00f3n del relleno con relaci\u00f3n a las aguas lluvias, lo que se evidencia en escurrimiento de l\u00edquidos lixiviados hacia el estero sin nombre, aportando alta carga org\u00e1nica, en la falta de impermeabilizaci\u00f3n de algunos canales del relleno y en la ausencia de registro de inspecci\u00f3n diaria.<\/p>\n<p><a href=\"https:\/\/portal.sma.gob.cl\/wp-content\/uploads\/2022\/09\/Rexin-Los-Lagos.jpg\"><img decoding=\"async\" class=\"aligncenter size-fusion-600 wp-image-25180\" src=\"https:\/\/portal.sma.gob.cl\/wp-content\/uploads\/2022\/09\/Rexin-Los-Lagos-600x284.jpg\" alt=\"\" width=\"600\" height=\"284\" srcset=\"https:\/\/portal.sma.gob.cl\/wp-content\/uploads\/2022\/09\/Rexin-Los-Lagos-200x95.jpg 200w, https:\/\/portal.sma.gob.cl\/wp-content\/uploads\/2022\/09\/Rexin-Los-Lagos-300x142.jpg 300w, https:\/\/portal.sma.gob.cl\/wp-content\/uploads\/2022\/09\/Rexin-Los-Lagos-400x189.jpg 400w, https:\/\/portal.sma.gob.cl\/wp-content\/uploads\/2022\/09\/Rexin-Los-Lagos-600x284.jpg 600w, https:\/\/portal.sma.gob.cl\/wp-content\/uploads\/2022\/09\/Rexin-Los-Lagos.jpg 760w\" sizes=\"(max-width: 600px) 100vw, 600px\" \/><\/a><\/p>\n<p>&nbsp;<\/p>\n<ol start=\"2\">\n<li><strong>Rescon, Antofagasta<\/strong><\/li>\n<\/ol>\n<p>El proyecto \u201cResiduos de Construcci\u00f3n Comuna de Calama\u201d, cuyo titular es la Ilustre Municipalidad de Calama, se ubica en el Kil\u00f3metro 5 de la ruta CH 23 Calama \u2013 San Pedro de Atacama y fue aprobado mediante RCA N\u00b0096\/2004. En este caso, tras denuncias se fiscaliz\u00f3 la instalaci\u00f3n, verificando una infracci\u00f3n clasificada como grave, que es la \u201cdisposici\u00f3n de materiales no inertes como neum\u00e1ticos, residuos con restos de aceite y papel al interior del dep\u00f3sito de residuos de construcci\u00f3n\u201d.<\/p>\n<p>&nbsp;<\/p>\n<ol start=\"3\">\n<li><strong>Relleno Sanitario de Iquique<\/strong><\/li>\n<\/ol>\n<p><strong>\u00a0<\/strong>Este caso se encuentra priorizado por sucesivas contingencias ambientales (4 incendios desde el 2020 a la fecha, ocurriendo el \u00faltimo de ellos en marzo 2022). De acuerdo a lo informado por la municipalidad, el relleno se encuentra en fase de cierre desde el 15 de diciembre de 2021.<\/p>\n<p>En este caso se formulan 6 cargos; <strong>1 grav\u00edsimo<\/strong> por elusi\u00f3n, al haber superado en 11 a\u00f1os la vida \u00fatil del proyecto, sumado a la mayor ocupaci\u00f3n de superficie (30 hect\u00e1reas, respecto de las 18 hect\u00e1reas autorizadas), y al aumento del volumen de residuos en m\u00e1s de un 50%; <strong>2 cargos graves<\/strong> por incumplimiento de RCA, por inadecuado manejo de residuos e incumplimiento de las obligaciones asociadas al manejo de biog\u00e1s; y <strong>3 cargos leves<\/strong>, por deficiencias en el control de acceso, por no actualizar adecuadamente el Plan de Contingencias y Emergencias, y finalmente, por no responder un requerimiento de informaci\u00f3n, el cual fue reiterado 2 veces por la SMA.<\/p>\n<p><a href=\"https:\/\/portal.sma.gob.cl\/wp-content\/uploads\/2022\/09\/Incendio-el-boro.jpg\"><img decoding=\"async\" class=\"aligncenter size-fusion-800 wp-image-25171\" src=\"https:\/\/portal.sma.gob.cl\/wp-content\/uploads\/2022\/09\/Incendio-el-boro-800x533.jpg\" alt=\"\" width=\"800\" height=\"533\" srcset=\"https:\/\/portal.sma.gob.cl\/wp-content\/uploads\/2022\/09\/Incendio-el-boro-200x133.jpg 200w, https:\/\/portal.sma.gob.cl\/wp-content\/uploads\/2022\/09\/Incendio-el-boro-300x200.jpg 300w, https:\/\/portal.sma.gob.cl\/wp-content\/uploads\/2022\/09\/Incendio-el-boro-400x267.jpg 400w, https:\/\/portal.sma.gob.cl\/wp-content\/uploads\/2022\/09\/Incendio-el-boro-600x400.jpg 600w, https:\/\/portal.sma.gob.cl\/wp-content\/uploads\/2022\/09\/Incendio-el-boro-768x512.jpg 768w, https:\/\/portal.sma.gob.cl\/wp-content\/uploads\/2022\/09\/Incendio-el-boro-800x533.jpg 800w, https:\/\/portal.sma.gob.cl\/wp-content\/uploads\/2022\/09\/Incendio-el-boro.jpg 932w\" sizes=\"(max-width: 800px) 100vw, 800px\" \/><\/a><\/p>\n<ol start=\"4\">\n<li><strong>Vertedero Victoria, Regi\u00f3n de la Araucan\u00eda<\/strong><\/li>\n<\/ol>\n<p><strong>\u00a0<\/strong>Se ubica en la comuna de Victoria y su titular es la Municipalidad del mismo nombre. Este comenz\u00f3 su operaci\u00f3n en el a\u00f1o 1982, contando con autorizaci\u00f3n sanitaria para funcionar hasta el a\u00f1o 2007. Atendida la vida \u00fatil del Vertedero, la Municipalidad de Victoria ingres\u00f3 a evaluaci\u00f3n ambiental el proyecto Cierre de dicha instalaci\u00f3n para concretar su cierre en un plazo de 4 a\u00f1os, lo que se aprob\u00f3 mediante RCA N\u00b025\/2010. No obstante, el plan de cierre inicialmente previsto se vio modificado mediante el proyecto Optimizaci\u00f3n y Ampliaci\u00f3n Etapa de Cierre Progresivo Vertedero Victoria, aprobado mediante RCA N\u00b0228\/2014.<\/p>\n<p>Mediante visitas de inspecci\u00f3n en los a\u00f1os 2020, 2021 y 2022, se constataron hallazgos asociados a la operaci\u00f3n, verific\u00e1ndose una continua disposici\u00f3n de residuos domiciliarios excediendo lo autorizado, as\u00ed como deficiencias en el estado de constructibilidad del cerco perimetral y manejo del sistema de aguas lluvias y l\u00edquidos lixiviados, ausencia de implementaci\u00f3n de medidas asociadas al Plan de Contingencia por ocurrencia de focos de incendio en su interior, falta de reporte de monitoreos de aguas superficiales y subterr\u00e1neas ante la Autoridad e incumplimiento en la remisi\u00f3n de informaci\u00f3n solicitada por la Superintendencia del Medio Ambiente. Preliminarmente, se imputan 4 cargos graves y 1 leve.<\/p>\n<p><a href=\"https:\/\/portal.sma.gob.cl\/wp-content\/uploads\/2022\/09\/IMG_6310.jpg\"><img decoding=\"async\" class=\"aligncenter wp-image-25175 size-fusion-800\" src=\"https:\/\/portal.sma.gob.cl\/wp-content\/uploads\/2022\/09\/IMG_6310-800x600.jpg\" alt=\"\" width=\"800\" height=\"600\" srcset=\"https:\/\/portal.sma.gob.cl\/wp-content\/uploads\/2022\/09\/IMG_6310-200x150.jpg 200w, https:\/\/portal.sma.gob.cl\/wp-content\/uploads\/2022\/09\/IMG_6310-300x225.jpg 300w, https:\/\/portal.sma.gob.cl\/wp-content\/uploads\/2022\/09\/IMG_6310-400x300.jpg 400w, https:\/\/portal.sma.gob.cl\/wp-content\/uploads\/2022\/09\/IMG_6310-600x450.jpg 600w, https:\/\/portal.sma.gob.cl\/wp-content\/uploads\/2022\/09\/IMG_6310-768x576.jpg 768w, https:\/\/portal.sma.gob.cl\/wp-content\/uploads\/2022\/09\/IMG_6310-800x600.jpg 800w, https:\/\/portal.sma.gob.cl\/wp-content\/uploads\/2022\/09\/IMG_6310.jpg 1024w\" sizes=\"(max-width: 800px) 100vw, 800px\" \/><\/a><\/p>\n<p>&nbsp;<\/p>\n<blockquote><p>M\u00e1s informaci\u00f3n en el Sistema Nacional de Informaci\u00f3n de Fiscalizaci\u00f3n Ambiental (SNIFA):<\/p><\/blockquote>\n<ul>\n<li>\n<blockquote><p>Caso La Chimba\/ Vertedero Antofagasta: <a href=\"https:\/\/snifa.sma.gob.cl\/RequerimientoIngreso\/Ficha\/149\">https:\/\/snifa.sma.gob.cl\/RequerimientoIngreso\/Ficha\/149<\/a><\/p><\/blockquote>\n<\/li>\n<li>\n<blockquote><p>Rexim: <a href=\"https:\/\/snifa.sma.gob.cl\/Sancionatorio\/Ficha\/2975\">https:\/\/snifa.sma.gob.cl\/Sancionatorio\/Ficha\/2975<\/a><\/p><\/blockquote>\n<\/li>\n<li>\n<blockquote><p>Rescon: https:\/\/snifa.sma.gob.cl\/Sancionatorio\/Ficha\/2964<\/p><\/blockquote>\n<\/li>\n<li>\n<blockquote><p>Relleno Sanitario Iquique: <a href=\"https:\/\/snifa.sma.gob.cl\/Sancionatorio\/Ficha\/2970\">https:\/\/snifa.sma.gob.cl\/Sancionatorio\/Ficha\/2970<\/a><\/p><\/blockquote>\n<\/li>\n<li>\n<blockquote><p>Vertedero Victoria: <a href=\"https:\/\/snifa.sma.gob.cl\/Sancionatorio\/Ficha\/2966\">https:\/\/snifa.sma.gob.cl\/Sancionatorio\/Ficha\/2966<\/a><\/p><\/blockquote>\n<\/li>\n<\/ul>\n","protected":false},"excerpt":{"rendered":"<p>En el caso del Vertedero Municipal, se solicita la evaluaci\u00f3n ambiental del plan de cierre de dicha instalaci\u00f3n, que dej\u00f3 de funcionar oficialmente en 2021, pero debido a la falta de un cerco perimetral, sigue recibiendo basura de desconocidos, lo cual ha provocado distintos incendios debido a que no cuenta con un cierre adecuado. Adicionalmente, se <a href=\"https:\/\/portal.sma.gob.cl\/index.php\/sma-inicia-4-sancionatorios-a-rellenos-y-abre-expediente-para-exigir-evaluacion-ambiental-del-vertedero-la-chimba-de-antofagasta\/\">Leer m\u00e1s<\/a><\/p>\n","protected":false},"author":9,"featured_media":25178,"comment_status":"open","ping_status":"open","sticky":false,"template":"","format":"standard","meta":{"footnotes":""},"categories":[90,107,225,232],"tags":[],"class_list":["post-25169","post","type-post","status-publish","format-standard","has-post-thumbnail","hentry","category-comunicados-noticias","category-destacado","category-macrozona-centro","category-metropolitana"],"_links":{"self":[{"href":"https:\/\/portal.sma.gob.cl\/index.php\/wp-json\/wp\/v2\/posts\/25169","targetHints":{"allow":["GET"]}}],"collection":[{"href":"https:\/\/portal.sma.gob.cl\/index.php\/wp-json\/wp\/v2\/posts"}],"about":[{"href":"https:\/\/portal.sma.gob.cl\/index.php\/wp-json\/wp\/v2\/types\/post"}],"author":[{"embeddable":true,"href":"https:\/\/portal.sma.gob.cl\/index.php\/wp-json\/wp\/v2\/users\/9"}],"replies":[{"embeddable":true,"href":"https:\/\/portal.sma.gob.cl\/index.php\/wp-json\/wp\/v2\/comments?post=25169"}],"version-history":[{"count":3,"href":"https:\/\/portal.sma.gob.cl\/index.php\/wp-json\/wp\/v2\/posts\/25169\/revisions"}],"predecessor-version":[{"id":25181,"href":"https:\/\/portal.sma.gob.cl\/index.php\/wp-json\/wp\/v2\/posts\/25169\/revisions\/25181"}],"wp:featuredmedia":[{"embeddable":true,"href":"https:\/\/portal.sma.gob.cl\/index.php\/wp-json\/wp\/v2\/media\/25178"}],"wp:attachment":[{"href":"https:\/\/portal.sma.gob.cl\/index.php\/wp-json\/wp\/v2\/media?parent=25169"}],"wp:term":[{"taxonomy":"category","embeddable":true,"href":"https:\/\/portal.sma.gob.cl\/index.php\/wp-json\/wp\/v2\/categories?post=25169"},{"taxonomy":"post_tag","embeddable":true,"href":"https:\/\/portal.sma.gob.cl\/index.php\/wp-json\/wp\/v2\/tags?post=25169"}],"curies":[{"name":"wp","href":"https:\/\/api.w.org\/{rel}","templated":true}]}}