{"id":25211,"date":"2022-09-13T10:52:11","date_gmt":"2022-09-13T13:52:11","guid":{"rendered":"https:\/\/portal.sma.gob.cl\/?p=25211"},"modified":"2022-09-13T12:24:21","modified_gmt":"2022-09-13T15:24:21","slug":"puerto-montt-sma-fiscaliza-paralizacion-de-proyecto-inmobiliario-en-el-sector-alto-la-paloma","status":"publish","type":"post","link":"https:\/\/portal.sma.gob.cl\/index.php\/puerto-montt-sma-fiscaliza-paralizacion-de-proyecto-inmobiliario-en-el-sector-alto-la-paloma\/","title":{"rendered":"Puerto Montt: SMA fiscaliza paralizaci\u00f3n de proyecto inmobiliario en el sector Alto La Paloma"},"content":{"rendered":"<p><strong>Luego que el Tercer Tribunal Ambiental autorizara la detenci\u00f3n del proyecto, por un plazo legal de 15 d\u00edas h\u00e1biles, la SMA ha monitoreado las obras, el desmantelamiento de maquinarias y hoy efectu\u00f3 una nueva ronda de fiscalizaci\u00f3n.<\/strong><!--more--><\/p>\n<p><strong>Puerto Montt, 13 de septiembre de 2022.<\/strong> La Superintendencia del Medio Ambiente (SMA) informa a la comunidad respecto del estado de detenci\u00f3n del proyecto \u201cInmobiliaria Alto Volcanes\u201d, ubicado en el sector Alto La Paloma, sobre el cual el Tercer Tribunal Ambiental, autoriz\u00f3 la paralizaci\u00f3n de sus obras por 15 d\u00edas h\u00e1biles, que es el m\u00e1ximo plazo que permite la ley para solicitar una medida provisional pre-procedimental. Hoy se realiz\u00f3 la tercera inspecci\u00f3n a la zona tras la detenci\u00f3n.<\/p>\n<p>Cabe destacar que la Superintendencia notific\u00f3 a la empresa \u201cInmobiliaria Alto Volcanes SpA\u201d, titular del proyecto, el d\u00eda martes 6 de septiembre en sus oficinas centrales ubicadas en la comuna de Las Condes. La empresa, al tomar conocimiento de la notificaci\u00f3n, envi\u00f3 la informaci\u00f3n a sus contratistas y empresas asociadas el d\u00eda mi\u00e9rcoles 7 de septiembre.<\/p>\n<p>La Oficina Regional de la SMA, en conjunto con la Seremi de Medio Ambiente, concurrieron a fiscalizar la paralizaci\u00f3n de obras el 7 de septiembre durante la tarde. All\u00ed se pudo visualizar una efectiva detenci\u00f3n de las obras, y el retiro de algunas maquinarias pesadas y materiales de construcci\u00f3n.<\/p>\n<p>El viernes 9 de septiembre se concurri\u00f3 nuevamente al sector Alto La Paloma, constatando la detecci\u00f3n de todas las actividades. Considerando las inquietudes de la comunidad al respecto, hoy, martes 13 de septiembre, se visit\u00f3 nuevamente la zona, verificando la paralizaci\u00f3n de obras de construcci\u00f3n. En terreno se verific\u00f3 el retiro de tuber\u00edas y tapas c\u00e1mara, y acciones para el desmantelamiento de las oficinas del tipo container ubicadas en el Lote A, consideradas dentro del retiro de instalaciones.<\/p>\n<p>Respecto a este proyecto, el Superintendente del Medio Ambiente (S), Emanuel Ibarra, comenta: \u201cEn este caso estamos monitoreando constantemente la paralizaci\u00f3n considerando lo que ha denunciado la comunidad. En ese sentido, es importante hacer presente que durante los primeros d\u00edas de la paralizaci\u00f3n la empresa responsable deb\u00eda desmontar la maquinaria, por lo que era posible ver alg\u00fan tipo de movimiento. Es importante destacar que este es un sector abierto y no pueden quedar m\u00e1quinas o materiales expuestos, dado que generan riesgos a las personas y animales que circulan en el lugar. Por otro lado, recalcar que el plazo de detenci\u00f3n de 15 d\u00edas es el m\u00e1ximo que permite la ley en una medida de esta naturaleza, y actualmente se est\u00e1n analizando los antecedentes para iniciar los dem\u00e1s procedimientos que correspondan\u201d.<\/p>\n<blockquote><p>M\u00e1s informaci\u00f3n de este caso, en el Sistema Nacional de Informaci\u00f3n de Fiscalizaci\u00f3n Ambiental (SNIFA): <a href=\"https:\/\/snifa.sma.gob.cl\/MedidaProvisional\/Ficha\/374\">https:\/\/snifa.sma.gob.cl\/MedidaProvisional\/Ficha\/374<\/a><\/p><\/blockquote>\n<h4>Fotograf\u00edas de las inspecciones<\/h4>\n\n\t\t<style type=\"text\/css\">\n\t\t\t#gallery-1 {\n\t\t\t\tmargin: auto;\n\t\t\t}\n\t\t\t#gallery-1 .gallery-item {\n\t\t\t\tfloat: left;\n\t\t\t\tmargin-top: 10px;\n\t\t\t\ttext-align: center;\n\t\t\t\twidth: 25%;\n\t\t\t}\n\t\t\t#gallery-1 img {\n\t\t\t\tborder: 2px solid #cfcfcf;\n\t\t\t}\n\t\t\t#gallery-1 .gallery-caption {\n\t\t\t\tmargin-left: 0;\n\t\t\t}\n\t\t\t\/* see gallery_shortcode() in wp-includes\/media.php *\/\n\t\t<\/style>\n\t\t<div id='gallery-1' class='gallery galleryid-25211 gallery-columns-4 gallery-size-thumbnail'><dl class='gallery-item'>\n\t\t\t<dt class='gallery-icon landscape'>\n\t\t\t\t<a data-rel=\"iLightbox[postimages]\" data-title=\"WhatsApp Image 2022-09-12 at 11.55.50 AM\" data-caption=\"\" href='https:\/\/portal.sma.gob.cl\/whatsapp-image-2022-09-12-at-11-55-50-am\/'><img decoding=\"async\" width=\"150\" height=\"150\" src=\"https:\/\/portal.sma.gob.cl\/wp-content\/uploads\/2022\/09\/WhatsApp-Image-2022-09-12-at-11.55.50-AM-150x150.jpeg\" class=\"attachment-thumbnail size-thumbnail\" alt=\"\" srcset=\"https:\/\/portal.sma.gob.cl\/wp-content\/uploads\/2022\/09\/WhatsApp-Image-2022-09-12-at-11.55.50-AM-66x66.jpeg 66w, https:\/\/portal.sma.gob.cl\/wp-content\/uploads\/2022\/09\/WhatsApp-Image-2022-09-12-at-11.55.50-AM-150x150.jpeg 150w\" sizes=\"(max-width: 150px) 100vw, 150px\" \/><\/a>\n\t\t\t<\/dt><\/dl><dl class='gallery-item'>\n\t\t\t<dt class='gallery-icon landscape'>\n\t\t\t\t<a data-rel=\"iLightbox[postimages]\" data-title=\"WhatsApp Image 2022-09-12 at 11.55.50 AM (3)\" data-caption=\"\" href='https:\/\/portal.sma.gob.cl\/whatsapp-image-2022-09-12-at-11-55-50-am-3\/'><img decoding=\"async\" width=\"150\" height=\"150\" src=\"https:\/\/portal.sma.gob.cl\/wp-content\/uploads\/2022\/09\/WhatsApp-Image-2022-09-12-at-11.55.50-AM-3-150x150.jpeg\" class=\"attachment-thumbnail size-thumbnail\" alt=\"\" srcset=\"https:\/\/portal.sma.gob.cl\/wp-content\/uploads\/2022\/09\/WhatsApp-Image-2022-09-12-at-11.55.50-AM-3-66x66.jpeg 66w, https:\/\/portal.sma.gob.cl\/wp-content\/uploads\/2022\/09\/WhatsApp-Image-2022-09-12-at-11.55.50-AM-3-150x150.jpeg 150w\" sizes=\"(max-width: 150px) 100vw, 150px\" \/><\/a>\n\t\t\t<\/dt><\/dl><dl class='gallery-item'>\n\t\t\t<dt class='gallery-icon portrait'>\n\t\t\t\t<a data-rel=\"iLightbox[postimages]\" data-title=\"WhatsApp Image 2022-09-12 at 11.55.50 AM (2)\" data-caption=\"\" href='https:\/\/portal.sma.gob.cl\/whatsapp-image-2022-09-12-at-11-55-50-am-2\/'><img decoding=\"async\" width=\"150\" height=\"150\" src=\"https:\/\/portal.sma.gob.cl\/wp-content\/uploads\/2022\/09\/WhatsApp-Image-2022-09-12-at-11.55.50-AM-2-150x150.jpeg\" class=\"attachment-thumbnail size-thumbnail\" alt=\"\" srcset=\"https:\/\/portal.sma.gob.cl\/wp-content\/uploads\/2022\/09\/WhatsApp-Image-2022-09-12-at-11.55.50-AM-2-66x66.jpeg 66w, https:\/\/portal.sma.gob.cl\/wp-content\/uploads\/2022\/09\/WhatsApp-Image-2022-09-12-at-11.55.50-AM-2-150x150.jpeg 150w\" sizes=\"(max-width: 150px) 100vw, 150px\" \/><\/a>\n\t\t\t<\/dt><\/dl><dl class='gallery-item'>\n\t\t\t<dt class='gallery-icon landscape'>\n\t\t\t\t<a data-rel=\"iLightbox[postimages]\" data-title=\"WhatsApp Image 2022-09-12 at 11.55.50 AM (1)\" data-caption=\"\" href='https:\/\/portal.sma.gob.cl\/whatsapp-image-2022-09-12-at-11-55-50-am-1\/'><img decoding=\"async\" width=\"150\" height=\"150\" src=\"https:\/\/portal.sma.gob.cl\/wp-content\/uploads\/2022\/09\/WhatsApp-Image-2022-09-12-at-11.55.50-AM-1-150x150.jpeg\" class=\"attachment-thumbnail size-thumbnail\" alt=\"\" srcset=\"https:\/\/portal.sma.gob.cl\/wp-content\/uploads\/2022\/09\/WhatsApp-Image-2022-09-12-at-11.55.50-AM-1-66x66.jpeg 66w, https:\/\/portal.sma.gob.cl\/wp-content\/uploads\/2022\/09\/WhatsApp-Image-2022-09-12-at-11.55.50-AM-1-150x150.jpeg 150w\" sizes=\"(max-width: 150px) 100vw, 150px\" \/><\/a>\n\t\t\t<\/dt><\/dl><br style=\"clear: both\" \/><dl class='gallery-item'>\n\t\t\t<dt class='gallery-icon landscape'>\n\t\t\t\t<a data-rel=\"iLightbox[postimages]\" data-title=\"WhatsApp Image 2022-09-09 at 3.59.48 PM\" data-caption=\"\" href='https:\/\/portal.sma.gob.cl\/whatsapp-image-2022-09-09-at-3-59-48-pm\/'><img decoding=\"async\" width=\"150\" height=\"150\" src=\"https:\/\/portal.sma.gob.cl\/wp-content\/uploads\/2022\/09\/WhatsApp-Image-2022-09-09-at-3.59.48-PM-150x150.jpeg\" class=\"attachment-thumbnail size-thumbnail\" alt=\"\" srcset=\"https:\/\/portal.sma.gob.cl\/wp-content\/uploads\/2022\/09\/WhatsApp-Image-2022-09-09-at-3.59.48-PM-66x66.jpeg 66w, https:\/\/portal.sma.gob.cl\/wp-content\/uploads\/2022\/09\/WhatsApp-Image-2022-09-09-at-3.59.48-PM-150x150.jpeg 150w\" sizes=\"(max-width: 150px) 100vw, 150px\" \/><\/a>\n\t\t\t<\/dt><\/dl><dl class='gallery-item'>\n\t\t\t<dt class='gallery-icon landscape'>\n\t\t\t\t<a data-rel=\"iLightbox[postimages]\" data-title=\"WhatsApp Image 2022-09-09 at 3.59.12 PM\" data-caption=\"\" href='https:\/\/portal.sma.gob.cl\/whatsapp-image-2022-09-09-at-3-59-12-pm\/'><img decoding=\"async\" width=\"150\" height=\"150\" src=\"https:\/\/portal.sma.gob.cl\/wp-content\/uploads\/2022\/09\/WhatsApp-Image-2022-09-09-at-3.59.12-PM-150x150.jpeg\" class=\"attachment-thumbnail size-thumbnail\" alt=\"\" srcset=\"https:\/\/portal.sma.gob.cl\/wp-content\/uploads\/2022\/09\/WhatsApp-Image-2022-09-09-at-3.59.12-PM-66x66.jpeg 66w, https:\/\/portal.sma.gob.cl\/wp-content\/uploads\/2022\/09\/WhatsApp-Image-2022-09-09-at-3.59.12-PM-150x150.jpeg 150w\" sizes=\"(max-width: 150px) 100vw, 150px\" \/><\/a>\n\t\t\t<\/dt><\/dl><dl class='gallery-item'>\n\t\t\t<dt class='gallery-icon landscape'>\n\t\t\t\t<a data-rel=\"iLightbox[postimages]\" data-title=\"WhatsApp Image 2022-09-09 at 3.58.53 PM\" data-caption=\"\" href='https:\/\/portal.sma.gob.cl\/whatsapp-image-2022-09-09-at-3-58-53-pm\/'><img decoding=\"async\" width=\"150\" height=\"150\" src=\"https:\/\/portal.sma.gob.cl\/wp-content\/uploads\/2022\/09\/WhatsApp-Image-2022-09-09-at-3.58.53-PM-150x150.jpeg\" class=\"attachment-thumbnail size-thumbnail\" alt=\"\" srcset=\"https:\/\/portal.sma.gob.cl\/wp-content\/uploads\/2022\/09\/WhatsApp-Image-2022-09-09-at-3.58.53-PM-66x66.jpeg 66w, https:\/\/portal.sma.gob.cl\/wp-content\/uploads\/2022\/09\/WhatsApp-Image-2022-09-09-at-3.58.53-PM-150x150.jpeg 150w\" sizes=\"(max-width: 150px) 100vw, 150px\" \/><\/a>\n\t\t\t<\/dt><\/dl>\n\t\t\t<br style='clear: both' \/>\n\t\t<\/div>\n\n","protected":false},"excerpt":{"rendered":"<p>Luego que el Tercer Tribunal Ambiental autorizara la detenci\u00f3n del proyecto, por un plazo legal de 15 d\u00edas h\u00e1biles, la SMA ha monitoreado las obras, el desmantelamiento de maquinarias y hoy efectu\u00f3 una nueva ronda de fiscalizaci\u00f3n.<\/p>\n","protected":false},"author":9,"featured_media":25215,"comment_status":"open","ping_status":"open","sticky":false,"template":"","format":"standard","meta":{"footnotes":""},"categories":[90,107,239,226],"tags":[],"class_list":["post-25211","post","type-post","status-publish","format-standard","has-post-thumbnail","hentry","category-comunicados-noticias","category-destacado","category-los-lagos","category-macrozona-sur"],"_links":{"self":[{"href":"https:\/\/portal.sma.gob.cl\/index.php\/wp-json\/wp\/v2\/posts\/25211","targetHints":{"allow":["GET"]}}],"collection":[{"href":"https:\/\/portal.sma.gob.cl\/index.php\/wp-json\/wp\/v2\/posts"}],"about":[{"href":"https:\/\/portal.sma.gob.cl\/index.php\/wp-json\/wp\/v2\/types\/post"}],"author":[{"embeddable":true,"href":"https:\/\/portal.sma.gob.cl\/index.php\/wp-json\/wp\/v2\/users\/9"}],"replies":[{"embeddable":true,"href":"https:\/\/portal.sma.gob.cl\/index.php\/wp-json\/wp\/v2\/comments?post=25211"}],"version-history":[{"count":6,"href":"https:\/\/portal.sma.gob.cl\/index.php\/wp-json\/wp\/v2\/posts\/25211\/revisions"}],"predecessor-version":[{"id":25224,"href":"https:\/\/portal.sma.gob.cl\/index.php\/wp-json\/wp\/v2\/posts\/25211\/revisions\/25224"}],"wp:featuredmedia":[{"embeddable":true,"href":"https:\/\/portal.sma.gob.cl\/index.php\/wp-json\/wp\/v2\/media\/25215"}],"wp:attachment":[{"href":"https:\/\/portal.sma.gob.cl\/index.php\/wp-json\/wp\/v2\/media?parent=25211"}],"wp:term":[{"taxonomy":"category","embeddable":true,"href":"https:\/\/portal.sma.gob.cl\/index.php\/wp-json\/wp\/v2\/categories?post=25211"},{"taxonomy":"post_tag","embeddable":true,"href":"https:\/\/portal.sma.gob.cl\/index.php\/wp-json\/wp\/v2\/tags?post=25211"}],"curies":[{"name":"wp","href":"https:\/\/api.w.org\/{rel}","templated":true}]}}