{"id":25280,"date":"2022-09-28T16:30:20","date_gmt":"2022-09-28T19:30:20","guid":{"rendered":"https:\/\/portal.sma.gob.cl\/?p=25280"},"modified":"2022-09-28T16:39:06","modified_gmt":"2022-09-28T19:39:06","slug":"sma-se-une-a-chilenter-para-fortalecer-la-implementacion-del-programa-estado-verde","status":"publish","type":"post","link":"https:\/\/portal.sma.gob.cl\/index.php\/sma-se-une-a-chilenter-para-fortalecer-la-implementacion-del-programa-estado-verde\/","title":{"rendered":"SMA se une a Chilenter para fortalecer la implementaci\u00f3n del Programa Estado Verde"},"content":{"rendered":"<p><strong>Ambas partes firmaron un convenio que permite la donaci\u00f3n de equipos computacionales por parte de la Superintendencia para que luego Chilenter los pueda reacondicionar o valorizar para su posterior reciclaje. La colaboraci\u00f3n forma parte de la medidas del Programa Estado Verde, impulsado por el Ministerio del Medio Ambiente, para la adecuada gesti\u00f3n ambiental de los distintos servicios p\u00fablicos.<\/strong><!--more--><\/p>\n<p><strong>Santiago, 28 de septiembre de 2022.<\/strong>\u00a0Esta ma\u00f1ana, el Superintendente del Medio Ambiente (S), Emanuel Ibarra suscribi\u00f3 un convenio de colaboraci\u00f3n con la Fundaci\u00f3n Chilenter, representada por su director ejecutivo, Mat\u00edas Gonz\u00e1lez Pacheco, el cual busca que la SMA pueda entregar como donaci\u00f3n equipos computacionales como CPUs, Monitores, Impresoras y otros, que hayan sido dados de baja administrativamente, a la fundaci\u00f3n, quien los recibe y los somete a un reacondicionamiento y\/o valorizaci\u00f3n para su posterior reciclaje, seg\u00fan su estado de conservaci\u00f3n o nivel tecnol\u00f3gico.<\/p>\n<p>El Superintendente (S) Ibarra sostiene que \u201ceste convenio es muy importante para la Superintendencia, ya que, a su vez, nos permite cumplir con la implementaci\u00f3n del Programa Estado Verde, que el Ministerio del Medio Ambiente est\u00e1 impulsando en los distintos servicios p\u00fablicos. En este caso, la SMA dispondr\u00e1 de los artefactos tecnol\u00f3gicos para su entrega a Chilenter para su reciclaje\u201d.<\/p>\n<p>Por su parte, el Director Ejecutivo de la Fundaci\u00f3n Chilenter, Mat\u00edas Gonz\u00e1lez, expres\u00f3 que el convenio fortalece nuevas metas que buscan impulsar procesos de Econom\u00eda Circular.<\/p>\n<p>\u201cLas nuevas metas que estamos impulsando dentro de Chilenter coinciden con lo que est\u00e1 implementando el programa Estado Verde de la SMA. Queremos normalizar los procesos de reacondicionamiento y reciclaje de electr\u00f3nicos. Es primordial que los \u00f3rganos del estado den el ejemplo con buenas pr\u00e1cticas medioambientales. Desde Chilenter les damos la seguridad y tranquilidad que todos los electr\u00f3nicos que entreguen ser\u00e1n utilizados para crear impacto social en comunidades vulnerables\u201d, aport\u00f3 el Director Ejecutivo de la Fundaci\u00f3n.<\/p>\n<p>Tras la firma del convenio, Gonz\u00e1lez invit\u00f3 a Ibarra y al equipo de la SMA a recorrer las dependencias de la fundaci\u00f3n, donde se pudo conocer de primera mano el trabajo que realiza la instituci\u00f3n. Cabe destacar que Fundaci\u00f3n Chilenter fue creada en el a\u00f1o 2002 y se encarga de reacondicionar computadores y reciclar residuos electr\u00f3nicos computacionales con fin social.<\/p>\n<p>En sus 20 a\u00f1os de historia ha entregado m\u00e1s de 115 mil equipos reacondicionados a establecimientos educacionales y organizaciones sociales. La instituci\u00f3n pertenece a la Red de Fundaciones de la Presidencia de la Rep\u00fablica, y actualmente preside su directorio Irina Karamanos.<\/p>\n","protected":false},"excerpt":{"rendered":"<p>Ambas partes firmaron un convenio que permite la donaci\u00f3n de equipos computacionales por parte de la Superintendencia para que luego Chilenter los pueda reacondicionar o valorizar para su posterior reciclaje. La colaboraci\u00f3n forma parte de la medidas del Programa Estado Verde, impulsado por el Ministerio del Medio Ambiente, para la adecuada gesti\u00f3n ambiental de los distintos <a href=\"https:\/\/portal.sma.gob.cl\/index.php\/sma-se-une-a-chilenter-para-fortalecer-la-implementacion-del-programa-estado-verde\/\">Leer m\u00e1s<\/a><\/p>\n","protected":false},"author":9,"featured_media":25287,"comment_status":"open","ping_status":"open","sticky":false,"template":"","format":"standard","meta":{"footnotes":""},"categories":[90,107,225,232],"tags":[],"class_list":["post-25280","post","type-post","status-publish","format-standard","has-post-thumbnail","hentry","category-comunicados-noticias","category-destacado","category-macrozona-centro","category-metropolitana"],"_links":{"self":[{"href":"https:\/\/portal.sma.gob.cl\/index.php\/wp-json\/wp\/v2\/posts\/25280","targetHints":{"allow":["GET"]}}],"collection":[{"href":"https:\/\/portal.sma.gob.cl\/index.php\/wp-json\/wp\/v2\/posts"}],"about":[{"href":"https:\/\/portal.sma.gob.cl\/index.php\/wp-json\/wp\/v2\/types\/post"}],"author":[{"embeddable":true,"href":"https:\/\/portal.sma.gob.cl\/index.php\/wp-json\/wp\/v2\/users\/9"}],"replies":[{"embeddable":true,"href":"https:\/\/portal.sma.gob.cl\/index.php\/wp-json\/wp\/v2\/comments?post=25280"}],"version-history":[{"count":3,"href":"https:\/\/portal.sma.gob.cl\/index.php\/wp-json\/wp\/v2\/posts\/25280\/revisions"}],"predecessor-version":[{"id":25292,"href":"https:\/\/portal.sma.gob.cl\/index.php\/wp-json\/wp\/v2\/posts\/25280\/revisions\/25292"}],"wp:featuredmedia":[{"embeddable":true,"href":"https:\/\/portal.sma.gob.cl\/index.php\/wp-json\/wp\/v2\/media\/25287"}],"wp:attachment":[{"href":"https:\/\/portal.sma.gob.cl\/index.php\/wp-json\/wp\/v2\/media?parent=25280"}],"wp:term":[{"taxonomy":"category","embeddable":true,"href":"https:\/\/portal.sma.gob.cl\/index.php\/wp-json\/wp\/v2\/categories?post=25280"},{"taxonomy":"post_tag","embeddable":true,"href":"https:\/\/portal.sma.gob.cl\/index.php\/wp-json\/wp\/v2\/tags?post=25280"}],"curies":[{"name":"wp","href":"https:\/\/api.w.org\/{rel}","templated":true}]}}