{"id":25320,"date":"2022-10-03T10:45:14","date_gmt":"2022-10-03T13:45:14","guid":{"rendered":"https:\/\/portal.sma.gob.cl\/?p=25320"},"modified":"2022-10-03T10:51:11","modified_gmt":"2022-10-03T13:51:11","slug":"sma-organiza-charla-de-ciberseguridad-para-su-funcionariado","status":"publish","type":"post","link":"https:\/\/portal.sma.gob.cl\/index.php\/sma-organiza-charla-de-ciberseguridad-para-su-funcionariado\/","title":{"rendered":"SMA organiza charla de ciberseguridad para su funcionariado"},"content":{"rendered":"<p><strong>La actividad, a cargo de la Divisi\u00f3n de Seguimiento e Informaci\u00f3n Ambiental (DSI), cont\u00f3 con la participaci\u00f3n de casi 100 personas de la instituci\u00f3n.<\/strong><!--more--><\/p>\n<p><strong>Santiago, 30 de septiembre de 2022.<\/strong> Mediante el formato de videoconferencia, para poder llegar a todas las personas de la SMA de Arica a Punta Arenas, se realiz\u00f3 el primero de los talleres de apoyo al curso de \u201cSeguridad de la Informaci\u00f3n y Ciberseguridad\u201d, parte de la campa\u00f1a de sensibilizaci\u00f3n del tema que est\u00e1 realizando la Superintendencia del Medio Ambiente, durante los meses de septiembre y octubre de este a\u00f1o.<\/p>\n<p>Esta actividad va en l\u00ednea con la capacitaci\u00f3n del funcionariado en materias de ciberseguridad, especialmente luego que las \u00faltimas semanas se produjeran distintos ataques y problemas en servicios p\u00fablicos asociados a estas tem\u00e1ticas.<\/p>\n<p>La actividad se inici\u00f3 con las palabras de Cristi\u00e1n Cortes, Jefe de la Divisi\u00f3n de Seguimiento e Informaci\u00f3n Ambiental (DSI), donde se repasaron contenidos como la Pol\u00edtica de Seguridad de la Informaci\u00f3n de la Superintendencia del Medio Ambiente; Claves para la Seguridad Inform\u00e1tica y la ocurrencia de Ataques Cibern\u00e9ticos.<\/p>\n<p>\u201cSe realizaron las recomendaciones respecto al uso adecuado de cuentas de acceso, tambi\u00e9n sobre c\u00f3mo crear contrase\u00f1as robustas, el uso correcto de los datos, la debida precauci\u00f3n ante correos sospechosos y la responsabilidad de todas las personas de la SMA en la confidencialidad, integridad y disponibilidad de la informaci\u00f3n\u201d, explica Cristi\u00e1n Cort\u00e9s.<\/p>\n","protected":false},"excerpt":{"rendered":"<p>La actividad, a cargo de la Divisi\u00f3n de Seguimiento e Informaci\u00f3n Ambiental (DSI), cont\u00f3 con la participaci\u00f3n de casi 100 personas de la instituci\u00f3n.<\/p>\n","protected":false},"author":9,"featured_media":25325,"comment_status":"open","ping_status":"open","sticky":false,"template":"","format":"standard","meta":{"footnotes":""},"categories":[90,107,225,232],"tags":[],"class_list":["post-25320","post","type-post","status-publish","format-standard","has-post-thumbnail","hentry","category-comunicados-noticias","category-destacado","category-macrozona-centro","category-metropolitana"],"_links":{"self":[{"href":"https:\/\/portal.sma.gob.cl\/index.php\/wp-json\/wp\/v2\/posts\/25320","targetHints":{"allow":["GET"]}}],"collection":[{"href":"https:\/\/portal.sma.gob.cl\/index.php\/wp-json\/wp\/v2\/posts"}],"about":[{"href":"https:\/\/portal.sma.gob.cl\/index.php\/wp-json\/wp\/v2\/types\/post"}],"author":[{"embeddable":true,"href":"https:\/\/portal.sma.gob.cl\/index.php\/wp-json\/wp\/v2\/users\/9"}],"replies":[{"embeddable":true,"href":"https:\/\/portal.sma.gob.cl\/index.php\/wp-json\/wp\/v2\/comments?post=25320"}],"version-history":[{"count":3,"href":"https:\/\/portal.sma.gob.cl\/index.php\/wp-json\/wp\/v2\/posts\/25320\/revisions"}],"predecessor-version":[{"id":25327,"href":"https:\/\/portal.sma.gob.cl\/index.php\/wp-json\/wp\/v2\/posts\/25320\/revisions\/25327"}],"wp:featuredmedia":[{"embeddable":true,"href":"https:\/\/portal.sma.gob.cl\/index.php\/wp-json\/wp\/v2\/media\/25325"}],"wp:attachment":[{"href":"https:\/\/portal.sma.gob.cl\/index.php\/wp-json\/wp\/v2\/media?parent=25320"}],"wp:term":[{"taxonomy":"category","embeddable":true,"href":"https:\/\/portal.sma.gob.cl\/index.php\/wp-json\/wp\/v2\/categories?post=25320"},{"taxonomy":"post_tag","embeddable":true,"href":"https:\/\/portal.sma.gob.cl\/index.php\/wp-json\/wp\/v2\/tags?post=25320"}],"curies":[{"name":"wp","href":"https:\/\/api.w.org\/{rel}","templated":true}]}}