{"id":25369,"date":"2022-10-05T12:52:35","date_gmt":"2022-10-05T15:52:35","guid":{"rendered":"https:\/\/portal.sma.gob.cl\/?p=25369"},"modified":"2022-10-05T15:01:09","modified_gmt":"2022-10-05T18:01:09","slug":"finaliza-ciclo-de-charlas-ambientales-sma-aipef","status":"publish","type":"post","link":"https:\/\/portal.sma.gob.cl\/index.php\/finaliza-ciclo-de-charlas-ambientales-sma-aipef\/","title":{"rendered":"Finaliza ciclo de charlas ambientales SMA-AIPEF"},"content":{"rendered":"<p><strong>En la cuarta sesi\u00f3n, el Fiscal (S) Benjam\u00edn Muhr, abord\u00f3 dos tem\u00e1ticas: las medidas provisionales que puede adoptar la SMA por da\u00f1os a la salud o al medioambiente y tambi\u00e9n los requerimientos de ingreso al Sistema de Evaluaci\u00f3n de Impacto Ambiental.<\/strong><!--more--><\/p>\n<p><strong>Santiago, 5 de octubre de 2022.<\/strong> Hoy se realiz\u00f3 la cuarta y \u00faltima charla del ciclo de capacitaci\u00f3n para periodistas organizado por la <a href=\"https:\/\/aipef.cl\/\">Asociaci\u00f3n Interamericana de Periodistas de Econom\u00eda y Finanzas (AIPEF)<\/a> y la Superintendencia de Medio Ambiente (SMA) para analizar la normativa ambiental aplicable a los proyectos de inversi\u00f3n en las distintas etapas de su ciclo de vida. El encuentro de hoy, a cargo del Fiscal (s) de la Superintendencia, Benjam\u00edn Muhr, se refiri\u00f3 a las medidas provisionales que puede adoptar la instituci\u00f3n en caso de afectaci\u00f3n de la salud de las personas o del medioambiente, y tambi\u00e9n a los Requerimientos de Ingreso al SEIA de proyectos que no se han evaluado, debiendo hacerlo.<\/p>\n<p>\u201cLa potestad cautelar, en el caso de las medidas provisionales o urgentes y transitorias, sirve para proteger, mientras dure el procedimiento administrativo, la salud de las personas o da\u00f1os al medio ambiente\u201d, explic\u00f3 el Fiscal. Las medidas que puede adoptar la SMA son diversas, y van desde medidas temporales de correcci\u00f3n, sellado de aparatos y equipos, a ordenar programas de monitoreo espec\u00edfico. Todas estas las puede adoptar la Superintendencia.<\/p>\n<p>Ahora bien, cuando las medidas son m\u00e1s lesivas, \u00e9stas requieren consultarse al Tribunal Ambiental, como lo son \u201clas clausuras temporal, parcial o total de instalaciones; hasta la suspensi\u00f3n temporal de la resoluci\u00f3n de calificaci\u00f3n ambiental\u201d, explic\u00f3 Muhr.<\/p>\n<p>Agreg\u00f3 que estas resoluciones se pueden dictar en cualquier etapa del procedimiento administrativo por impactos puntuales de distinta complejidad, citando el caso de alarma p\u00fablica provocada en junio pasado por episodios de contaminaci\u00f3n aguda en el complejo Quintero-Puchuncav\u00ed que llevaron a atenciones masivas de la poblaci\u00f3n para atenci\u00f3n en centros hospitalarios. Record\u00f3 que los episodios se produjeron por distintas situaciones \u2014un primer d\u00eda por superaci\u00f3n de la Norma de SO2 y luego, asociado a Compuestos Org\u00e1nicos Vol\u00e1tiles (COVS)\u2014. En este caso, la SMA debe identificar el tipo de contaminaci\u00f3n y los agentes que la provocan para tomar sus decisiones de c\u00f3mo actuar y por cu\u00e1nto tiempo, en un plazo muy acotado, pues lo que se requiere es evitar un mayor riesgo a la salud de la poblaci\u00f3n.<\/p>\n<p>En segundo lugar, Muhr abord\u00f3 la potestad correctiva de la SMA. Esta se relaciona a las denuncias de muchos proyectos que comienzan su ejecuci\u00f3n, sin contar con una adecuada evaluaci\u00f3n ambiental, por lo cual la instituci\u00f3n puede requerir su ingreso al SEIA. Aclar\u00f3 que incluso cuando un proyecto haya consultado sobre si est\u00e1 afecto a Evaluaci\u00f3n Ambiental \u2014mediante pertinencia\u2014 y la respuesta haya sido negativa en un momento, las condiciones pueden cambiar y luego s\u00ed estar afectos a esta normativa.<\/p>\n<p>Sobre los loteos de \u201cparcelas de agrado\u201d que se han cuestionado en las \u00faltimas semanas, Muhr explic\u00f3 qu\u00e9 tipo de proyectos est\u00e1n afectos al Sistema de Evaluaci\u00f3n de Impacto Ambiental (SEIA). En el caso de proyectos que se ubican fuera de zonas con Instrumentos de Gesti\u00f3n Territorial, deben evaluarse los que tienen m\u00e1s de 80 viviendas o infraestructura sanitaria que atiende a m\u00e1s de 160 personas, entre otros.<\/p>\n<p>En el caso de loteos en zonas rurales (parcelas de agrado), aunque no se vendan con las viviendas construidas, si \u201ccontemplan\u201d la construcci\u00f3n de las mismas en el futuro, igualmente pueden tener obligaci\u00f3n de ingreso al SEIA. En muchos casos se agrega infraestructura como caminos, plantas de tratamiento de aguas, alumbrados, <em>club house<\/em>. Agreg\u00f3 que las municipalidades pueden hacer parte de los procedimientos de la SMA cuando estiman que los agentes inmobiliarios est\u00e1n eludiendo la normativa ambiental. De hecho, mencion\u00f3 que en varios casos, son las municipalidades quienes presentan las denuncias ante la SMA.<\/p>\n<p>En el siguiente link se pueden ver los requerimientos de ingreso al Sistema de Evaluaci\u00f3n de Impacto Ambiental (SEIA): <a href=\"https:\/\/snifa.sma.gob.cl\/RequerimientoIngreso\">https:\/\/snifa.sma.gob.cl\/RequerimientoIngreso<\/a><\/p>\n<p>Revisa el video de la charla completa aqu\u00ed:<\/p>\n<div class=\"video-shortcode\"><iframe title=\"AIPEF y SMA: Medidas provisionales que puede adoptar la SMA por da\u00f1os a la salud o al medioambiente\" width=\"1100\" height=\"619\" src=\"https:\/\/www.youtube.com\/embed\/1-Rqhax95nc?feature=oembed\" frameborder=\"0\" allow=\"accelerometer; autoplay; clipboard-write; encrypted-media; gyroscope; picture-in-picture\" allowfullscreen><\/iframe><\/div>\n","protected":false},"excerpt":{"rendered":"<p>En la cuarta sesi\u00f3n, el Fiscal (S) Benjam\u00edn Muhr, abord\u00f3 dos tem\u00e1ticas: las medidas provisionales que puede adoptar la SMA por da\u00f1os a la salud o al medioambiente y tambi\u00e9n los requerimientos de ingreso al Sistema de Evaluaci\u00f3n de Impacto Ambiental.<\/p>\n","protected":false},"author":9,"featured_media":25371,"comment_status":"open","ping_status":"open","sticky":false,"template":"","format":"standard","meta":{"footnotes":""},"categories":[90,107,225,232],"tags":[],"class_list":["post-25369","post","type-post","status-publish","format-standard","has-post-thumbnail","hentry","category-comunicados-noticias","category-destacado","category-macrozona-centro","category-metropolitana"],"_links":{"self":[{"href":"https:\/\/portal.sma.gob.cl\/index.php\/wp-json\/wp\/v2\/posts\/25369","targetHints":{"allow":["GET"]}}],"collection":[{"href":"https:\/\/portal.sma.gob.cl\/index.php\/wp-json\/wp\/v2\/posts"}],"about":[{"href":"https:\/\/portal.sma.gob.cl\/index.php\/wp-json\/wp\/v2\/types\/post"}],"author":[{"embeddable":true,"href":"https:\/\/portal.sma.gob.cl\/index.php\/wp-json\/wp\/v2\/users\/9"}],"replies":[{"embeddable":true,"href":"https:\/\/portal.sma.gob.cl\/index.php\/wp-json\/wp\/v2\/comments?post=25369"}],"version-history":[{"count":3,"href":"https:\/\/portal.sma.gob.cl\/index.php\/wp-json\/wp\/v2\/posts\/25369\/revisions"}],"predecessor-version":[{"id":25385,"href":"https:\/\/portal.sma.gob.cl\/index.php\/wp-json\/wp\/v2\/posts\/25369\/revisions\/25385"}],"wp:featuredmedia":[{"embeddable":true,"href":"https:\/\/portal.sma.gob.cl\/index.php\/wp-json\/wp\/v2\/media\/25371"}],"wp:attachment":[{"href":"https:\/\/portal.sma.gob.cl\/index.php\/wp-json\/wp\/v2\/media?parent=25369"}],"wp:term":[{"taxonomy":"category","embeddable":true,"href":"https:\/\/portal.sma.gob.cl\/index.php\/wp-json\/wp\/v2\/categories?post=25369"},{"taxonomy":"post_tag","embeddable":true,"href":"https:\/\/portal.sma.gob.cl\/index.php\/wp-json\/wp\/v2\/tags?post=25369"}],"curies":[{"name":"wp","href":"https:\/\/api.w.org\/{rel}","templated":true}]}}