{"id":25387,"date":"2022-10-06T09:40:07","date_gmt":"2022-10-06T12:40:07","guid":{"rendered":"https:\/\/portal.sma.gob.cl\/?p=25387"},"modified":"2022-11-03T10:21:20","modified_gmt":"2022-11-03T13:21:20","slug":"tierra-amarilla-sma-formula-cuatro-cargos-a-minera-ojos-del-salado-tras-socavon-en-faena-alcaparrosa","status":"publish","type":"post","link":"https:\/\/portal.sma.gob.cl\/index.php\/tierra-amarilla-sma-formula-cuatro-cargos-a-minera-ojos-del-salado-tras-socavon-en-faena-alcaparrosa\/","title":{"rendered":"Tierra Amarilla: SMA formula cuatro cargos a Minera Ojos del Salado tras socav\u00f3n en faena Alcaparrosa"},"content":{"rendered":"<p><strong>Principales infracciones son por sobre extracci\u00f3n de mineral y construcci\u00f3n de obras en zonas diferentes a las aprobadas ambientalmente, lo cual, en conjunto, produjeron el socav\u00f3n ubicado a 200 metros por sobre el caser\u00f3n \u201cGaby 4\u201d, que es donde se extrae mineral.<\/strong><\/p>\n<p><strong>Tierra Amarilla, 6 de octubre de 2022.<\/strong> La Superintendencia del Medio Ambiente (SMA) ha formulado cuatro cargos contra Minera Ojos del Salado, titular del proyecto \u201cContinuidad Operacional Mina Alcaparrosa\u201d (RCA N\u00b0158\/2017), ubicada a 900 metros al noroeste de la zona urbana de Tierra Amarilla. En esta zona apareci\u00f3 el socav\u00f3n de m\u00e1s de 60 metros de profundidad el d\u00eda 30 de julio de 2022.<\/p>\n<p>Al respecto, el Superintendente del Medio Ambiente (S), Emanuel Ibarra explic\u00f3 que \u201cEste proceso sancionatorio se inicia luego de analizar toda la informaci\u00f3n recabada en terreno por el equipo de la Oficina Regional de Atacama de la SMA, informaci\u00f3n entregada por Sernageomin y la DGA, junto a los reportes entregados por la minera en el marco de Medidas Provisionales dictadas pocos d\u00edas despu\u00e9s de la aparici\u00f3n del socav\u00f3n de m\u00e1s de 60 metros de profundidad registrado en las inmediaciones de la faena minera en Tierra Amarilla\u201d, indic\u00f3 la autoridad.<\/p>\n<p>En cuanto a las cuatro infracciones levantadas, una fue clasificada como grave, espec\u00edficamente la sobre extracci\u00f3n de mineral en Mina Alcaparrosa, lo cual se constata en el incumplimiento de la tasa de producci\u00f3n durante 2019. La segunda fue clasificada como grav\u00edsima, y dice relaci\u00f3n con la modificaci\u00f3n de la infraestructura minera ambientalmente evaluada generando afectaci\u00f3n en el acu\u00edfero del R\u00edo Copiap\u00f3, lo que se constata en: a) La modificaci\u00f3n del sistema de drenaje subterr\u00e1neo, con la incorporaci\u00f3n de piscinas subterr\u00e1neas en los niveles 335, 270 y 205 (para manejar aguas afloradas); y ejecutar infraestructura minera hasta el nivel 350 en el sector Gaby, cercanas al nivel fre\u00e1tico del acu\u00edfero del R\u00edo Copiap\u00f3. Este \u00faltimo cargo habr\u00eda generado un da\u00f1o ambiental irreparable en el acu\u00edfero.<\/p>\n<p>\u201cLa instructora del caso y la investigaci\u00f3n de la oficina regional permiti\u00f3 vincular el socav\u00f3n con la sobre extracci\u00f3n de mineral. Adem\u00e1s, cuando ocurri\u00f3 el evento comenz\u00f3 a filtrarse dentro de la mina grandes cantidades de agua desde lugares donde la empresa intervino m\u00e1s all\u00e1 de lo considerado en la evaluaci\u00f3n ambiental\u201d, a\u00f1ade Ibarra.<\/p>\n<p>Adem\u00e1s, se formularon dos cargos leves que se sustentan en el incumplimiento de las condiciones establecidas para el transporte de mineral, lo que se constat\u00f3 en la operaci\u00f3n de camiones con tonelaje superior al establecido en RCA N<strong>\u00b0<\/strong>158\/2017; y no haber obtenido la autorizaci\u00f3n de Vialidad para tr\u00e1nsito con sobrepeso por caminos p\u00fablicos. El \u00faltimo cargo es modificar el destino de recepci\u00f3n del mineral ambientalmente evaluado, pues en el permiso ambiental se planific\u00f3 que se llevar\u00eda en su totalidad a la faena Mina Candelaria, lo cual no ha sido as\u00ed.<\/p>\n<p>Cabe destacar que las infracciones leves pueden ser objeto de multas hasta 1.000 Unidades Tributarias Anuales (UTA). En tanto, las infracciones graves, pueden ser objeto de multas hasta 5.000 UTA, clausura o revocaci\u00f3n de la RCA. Y respecto a las infracciones grav\u00edsimas, el titular arriesga la revocaci\u00f3n de la RCA, clausura o multa de hasta 10 mil Unidades Tributarias Anuales (UTA). Por esta raz\u00f3n, en total, la empresa arriesgar\u00eda una multa de hasta 17.000 UTA, sobre $12.300 millones (CLP).<\/p>\n<p>Sobre lo anterior, el Superintendente del Medio Ambiente (S) indic\u00f3 que \u201ccon esta formulaci\u00f3n se abre un procedimiento donde deber\u00e1 ponderarse la visi\u00f3n de la comunidad; la de la Municipalidad que es parte interesada en el caso; y las defensas que presente la empresa, para luego de ello tomar la decisi\u00f3n y determinar las sanciones que corresponden aplicar\u201d.<\/p>\n<p>M\u00e1s informaci\u00f3n el Sistema Nacional de Informaci\u00f3n de Fiscalizaci\u00f3n Ambiental (SNIFA): <a href=\"https:\/\/snifa.sma.gob.cl\/Sancionatorio\/Ficha\/3035\">https:\/\/snifa.sma.gob.cl\/Sancionatorio\/Ficha\/3035<\/a><\/p>\n<p><strong>________________________________________________________________________________<\/strong><\/p>\n<p><strong>Formulaci\u00f3n de cargos:<\/strong> Marca el inicio de un procedimiento sancionatorio en la SMA. Tras la formulaci\u00f3n, el infractor cuenta con dos v\u00edas: presentar descargos o su defensa en 10 d\u00edas h\u00e1biles, tras lo cual contin\u00faa el proceso hasta una eventual sanci\u00f3n o absoluci\u00f3n. La segunda posibilidad es presentar un Programa de Cumplimiento (PdC), que es un plan de acciones y metas que buscan que la empresa corrija sus infracciones y se ponga al d\u00eda con la normativa ambiental aplicable. Si la empresa cumple su PdC, termina el sancionatorio sin multa. Si lo incumple, se reinicia el sancionatorio, arriesgando el infractor hasta el doble de la multa original.<\/p>\n<p>&nbsp;<\/p>\n","protected":false},"excerpt":{"rendered":"<p>Principales infracciones son por sobre extracci\u00f3n de mineral y construcci\u00f3n de obras en zonas diferentes a las aprobadas ambientalmente, lo cual, en conjunto, produjeron el socav\u00f3n ubicado a 200 metros por sobre el caser\u00f3n \u201cGaby 4\u201d, que es donde se extrae mineral. Tierra Amarilla, 6 de octubre de 2022. La Superintendencia del Medio Ambiente (SMA) ha <a href=\"https:\/\/portal.sma.gob.cl\/index.php\/tierra-amarilla-sma-formula-cuatro-cargos-a-minera-ojos-del-salado-tras-socavon-en-faena-alcaparrosa\/\">Leer m\u00e1s<\/a><\/p>\n","protected":false},"author":8,"featured_media":24965,"comment_status":"open","ping_status":"open","sticky":false,"template":"","format":"standard","meta":{"footnotes":""},"categories":[90,230,107,224],"tags":[],"class_list":["post-25387","post","type-post","status-publish","format-standard","has-post-thumbnail","hentry","category-comunicados-noticias","category-copiapo","category-destacado","category-macrozona-norte"],"_links":{"self":[{"href":"https:\/\/portal.sma.gob.cl\/index.php\/wp-json\/wp\/v2\/posts\/25387","targetHints":{"allow":["GET"]}}],"collection":[{"href":"https:\/\/portal.sma.gob.cl\/index.php\/wp-json\/wp\/v2\/posts"}],"about":[{"href":"https:\/\/portal.sma.gob.cl\/index.php\/wp-json\/wp\/v2\/types\/post"}],"author":[{"embeddable":true,"href":"https:\/\/portal.sma.gob.cl\/index.php\/wp-json\/wp\/v2\/users\/8"}],"replies":[{"embeddable":true,"href":"https:\/\/portal.sma.gob.cl\/index.php\/wp-json\/wp\/v2\/comments?post=25387"}],"version-history":[{"count":1,"href":"https:\/\/portal.sma.gob.cl\/index.php\/wp-json\/wp\/v2\/posts\/25387\/revisions"}],"predecessor-version":[{"id":25388,"href":"https:\/\/portal.sma.gob.cl\/index.php\/wp-json\/wp\/v2\/posts\/25387\/revisions\/25388"}],"wp:featuredmedia":[{"embeddable":true,"href":"https:\/\/portal.sma.gob.cl\/index.php\/wp-json\/wp\/v2\/media\/24965"}],"wp:attachment":[{"href":"https:\/\/portal.sma.gob.cl\/index.php\/wp-json\/wp\/v2\/media?parent=25387"}],"wp:term":[{"taxonomy":"category","embeddable":true,"href":"https:\/\/portal.sma.gob.cl\/index.php\/wp-json\/wp\/v2\/categories?post=25387"},{"taxonomy":"post_tag","embeddable":true,"href":"https:\/\/portal.sma.gob.cl\/index.php\/wp-json\/wp\/v2\/tags?post=25387"}],"curies":[{"name":"wp","href":"https:\/\/api.w.org\/{rel}","templated":true}]}}