{"id":25412,"date":"2022-10-13T12:21:06","date_gmt":"2022-10-13T15:21:06","guid":{"rendered":"https:\/\/portal.sma.gob.cl\/?p=25412"},"modified":"2022-10-13T12:22:28","modified_gmt":"2022-10-13T15:22:28","slug":"superintendente-s-visita-el-gran-concepcion-y-se-reune-con-autoridades-locales","status":"publish","type":"post","link":"https:\/\/portal.sma.gob.cl\/index.php\/superintendente-s-visita-el-gran-concepcion-y-se-reune-con-autoridades-locales\/","title":{"rendered":"Superintendente (s) visita el Gran Concepci\u00f3n y se re\u00fane con autoridades locales"},"content":{"rendered":"<ul>\n<li><strong>Agenda del Jefe del Servicio de la Superintendencia del Medio Ambiente (SMA) incluy\u00f3 reuniones con la Delegada Presidencia Regional del Biob\u00edo, Daniela Dresdner, el Gobernador Rodrigo D\u00edaz y con el Seremi del Medio Ambiente, Oscar Reicher con quienes se revisaron los principales casos ambientales de la Regi\u00f3n. <\/strong><\/li>\n<li><strong>En paralelo, la autoridad anunci\u00f3 un requerimiento de ingreso al SEIA del Vertedero Licura Mulch\u00e9n por no contar con permiso ambiental respectivo.<\/strong><\/li>\n<\/ul>\n<p><!--more--><\/p>\n<p><strong>Concepci\u00f3n, Regi\u00f3n del Biob\u00edo, 13 de octubre de 2022.<\/strong>\u00a0El S<strong>uperintendente del Medio Ambiente (S), Emanuel Ibarra<\/strong> viaj\u00f3 a la Regi\u00f3n del Biob\u00edo con la finalidad de concretar reuniones con autoridades locales. La primera reuni\u00f3n se llev\u00f3 a cabo con la <strong>Delegada Presidencia Regional del Biob\u00edo, Daniela Dresdner<\/strong> y <strong>el Seremi de Medio Ambiente, Oscar Reicher,<\/strong> con quienes se revisaron los principales casos e investigaciones que la SMA tiene en curso en la zona. Encuentro que cont\u00f3 tambi\u00e9n con la participaci\u00f3n del Jefe Regional SMA del Biob\u00edo, Juan Pablo Granzow.<\/p>\n<p>M\u00e1s tarde, el Jefe del Servicio se reuni\u00f3 con el <strong>Gobernador Rodrigo D\u00edaz<\/strong>, con quien se est\u00e1 trabajando un proyecto orientado a contar con mayor presencia de la SMA en la Regi\u00f3n del Biob\u00edo. La autoridad regional destac\u00f3 que \u201csabemos que ha aumentado la cantidad de denuncias y el \u00f3rgano competente es la SMA, y no es un misterio que al igual que otras instancias de gobierno, tiene una cantidad limitada de fiscalizadores. Por ello, el Gobierno Regional puede trabajar mancomunadamente con la Superintendencia a trav\u00e9s de proveer recursos, lo cual permitir\u00e1 aumentar la cantidad de personas que trabajen en la SMA y con m\u00e1s oficinas, para que puedan tramitar en menor tiempo y con mayor precisi\u00f3n las denuncias de las personas\u201d.<\/p>\n<p>Respecto de la reuni\u00f3n, el Superintendente (S) Ibarra manifest\u00f3 que \u201c<strong>fue muy fruct\u00edfera con el Gobernador y la Presidenta de la Comisi\u00f3n de Medio Ambiente del Consejo Regional, Ana Araneda porque es un ejemplo de una instancia de cooperaci\u00f3n entre una instituci\u00f3n regional y una nacional. Nos han presentado un proyecto para que la SMA pueda expandir su capacidad fiscalizadora para atender m\u00e1s r\u00e1pido las denuncias y las demandas ciudadanas.<\/strong> Es un proyecto que vamos a trabajar con nuestra oficina Regional y nivel central, y estamos muy agradecidos del apoyo y la iniciativa del Gobernador, porque en la Regi\u00f3n del Biob\u00edo se han triplicado la cantidad de denuncias. En la reuni\u00f3n tambi\u00e9n abordamos los temas ambientales relevantes para la regi\u00f3n como los rellenos sanitarios y vertederos, parques e\u00f3licos y c\u00f3mo llegamos a las zonas con m\u00e1s problemas de la mejor manera\u201d.<\/p>\n<p>En cuanto a la visita a la regi\u00f3n, El Superintendente (s) Ibarra destac\u00f3 que \u201cesta ronda de reuniones con autoridades locales de la Regi\u00f3n del Biob\u00edo son muy importantes para nuestro servicio donde junto con dar cuenta del trabajo que est\u00e1 realizando la SMA en la zona, tambi\u00e9n nos permite conocer con mayor detalle las necesidades y requerimientos que tienen las autoridades sobre los casos con prioridad ambiental, para que sean revisados y en conjunto, lleguemos a una soluci\u00f3n que proteja al medio ambiente y a la comunidades afectadas. Destaco en especial el proyecto que estamos trabajando con el Gobernador porque est\u00e1 dirigido a conseguir recursos para m\u00e1s personal y equipos para mejorar la atenci\u00f3n de la demanda ciudadana\u201d.<\/p>\n<h3>Vertedero Licura Mulch\u00e9n<\/h3>\n<p>En paralelo a la agenda de reuniones con autoridades, el Jefe del Servicio de la SMA tambi\u00e9n anunci\u00f3 el requerimiento de ingreso al Sistema de Evaluaci\u00f3n de Impacto Ambiental (SEIA), en contra de la Servicios Mecanizados Aseos y Roces Ltda., en su car\u00e1cter de titular del proyecto <strong>\u201cVertedero Licura Mulch\u00e9n\u201d<\/strong>, a ejecutar en el sector Licura de la comuna de Mulch\u00e9n, por configurarse la tipolog\u00eda descrita en el literal o), desarrollada en el subliteral o.5) del art\u00edculo 3\u00b0 del Reglamento del SEIA.<\/p>\n<p>Este caso se inicia con una denuncia ciudadana que data de diciembre de 2021 que informa la existencia de un Vertedero que se encontrar\u00eda funcionando ilegalmente desde el a\u00f1o 1998. Junto con lo anterior, la denuncia tambi\u00e9n se\u00f1ala que el Vertedero provoca ruidos molestos, eventual contaminaci\u00f3n a cuerpos de agua, degradaci\u00f3n de suelos, malos olores, propagaci\u00f3n de vectores con el consecuente da\u00f1o a las tierras, construcciones, animales y ganado pertenecientes a los vecinos del sector. Por \u00faltimo, se informa que el proyecto atiende a una poblaci\u00f3n de m\u00e1s de 200.000 habitantes, sin haberse sometido a evaluaci\u00f3n ambiental previa.<\/p>\n<p>El Vertedero Licura Mulch\u00e9n opera como sitio de disposici\u00f3n de residuos domiciliarios s\u00f3lidos y asimilables desde el a\u00f1o 1998, en virtud de la autorizaci\u00f3n de la SEREMI de Salud del Biob\u00edo, contenida en la Res. Ex. N\u00b059\/1998. Durante el a\u00f1o 2021, el titular solicit\u00f3 una nueva autorizaci\u00f3n sanitaria, esta vez para el plan de cierre definitivo del proyecto, la que fue autorizada por la misma mediante la Resoluci\u00f3n Exenta N\u00b0878\/2021. Esta resoluci\u00f3n consider\u00f3 un nuevo plazo de vida \u00fatil del proyecto y la construcci\u00f3n del plan de cierre en 5 a\u00f1os adicionales, contados desde la notificaci\u00f3n de la resoluci\u00f3n. Esta \u00faltima acci\u00f3n -cierre- requiere un permiso ambiental para su ejecuci\u00f3n.<\/p>\n<p>En la actualidad, este Vertedero recibe basura de las comunas de Mulch\u00e9n, Negrete, San Rosendo, Collipulli, Quilaco, Renaico, Lautaro, Padre de las Casas, Galvarino, Perquenco y Curacaut\u00edn, pertenecientes a las Regiones del Biob\u00edo y de La Araucan\u00eda.<\/p>\n<p>Tras la solicitud de requerimiento de ingreso al SEIA por parte de la SMA, y en un plazo de 15 d\u00edas h\u00e1biles, a contar de la notificaci\u00f3n de la presente resoluci\u00f3n, la empresa podr\u00e1 hacer valer las observaciones, alegaciones, o pruebas, que estime pertinentes frente a la hip\u00f3tesis de elusi\u00f3n levantada por la SMA.<\/p>\n<p>Sobre este caso, Ibarra sostuvo que \u201cen base a nuestra investigaci\u00f3n, solicitamos a la empresa que ingrese el Plan de Cierre del vertedero a Evaluaci\u00f3n de Impacto Ambiental, con el fin de que se establezcan medidas adecuadas para mitigar los impactos al medio ambiente que genera la operaci\u00f3n y cierre del vertedero\u201d.<\/p>\n<blockquote><p>M\u00e1s informaci\u00f3n del caso: <a href=\"https:\/\/snifa.sma.gob.cl\/RequerimientoIngreso\/Ficha\/156\">https:\/\/snifa.sma.gob.cl\/RequerimientoIngreso\/Ficha\/156<\/a><\/p><\/blockquote>\n","protected":false},"excerpt":{"rendered":"<p>Agenda del Jefe del Servicio de la Superintendencia del Medio Ambiente (SMA) incluy\u00f3 reuniones con la Delegada Presidencia Regional del Biob\u00edo, Daniela Dresdner, el Gobernador Rodrigo D\u00edaz y con el Seremi del Medio Ambiente, Oscar Reicher con quienes se revisaron los principales casos ambientales de la Regi\u00f3n. En paralelo, la autoridad anunci\u00f3 un requerimiento de ingreso <a href=\"https:\/\/portal.sma.gob.cl\/index.php\/superintendente-s-visita-el-gran-concepcion-y-se-reune-con-autoridades-locales\/\">Leer m\u00e1s<\/a><\/p>\n","protected":false},"author":9,"featured_media":25414,"comment_status":"open","ping_status":"open","sticky":false,"template":"","format":"standard","meta":{"footnotes":""},"categories":[236,90,107,226],"tags":[],"class_list":["post-25412","post","type-post","status-publish","format-standard","has-post-thumbnail","hentry","category-biobio","category-comunicados-noticias","category-destacado","category-macrozona-sur"],"_links":{"self":[{"href":"https:\/\/portal.sma.gob.cl\/index.php\/wp-json\/wp\/v2\/posts\/25412","targetHints":{"allow":["GET"]}}],"collection":[{"href":"https:\/\/portal.sma.gob.cl\/index.php\/wp-json\/wp\/v2\/posts"}],"about":[{"href":"https:\/\/portal.sma.gob.cl\/index.php\/wp-json\/wp\/v2\/types\/post"}],"author":[{"embeddable":true,"href":"https:\/\/portal.sma.gob.cl\/index.php\/wp-json\/wp\/v2\/users\/9"}],"replies":[{"embeddable":true,"href":"https:\/\/portal.sma.gob.cl\/index.php\/wp-json\/wp\/v2\/comments?post=25412"}],"version-history":[{"count":3,"href":"https:\/\/portal.sma.gob.cl\/index.php\/wp-json\/wp\/v2\/posts\/25412\/revisions"}],"predecessor-version":[{"id":25419,"href":"https:\/\/portal.sma.gob.cl\/index.php\/wp-json\/wp\/v2\/posts\/25412\/revisions\/25419"}],"wp:featuredmedia":[{"embeddable":true,"href":"https:\/\/portal.sma.gob.cl\/index.php\/wp-json\/wp\/v2\/media\/25414"}],"wp:attachment":[{"href":"https:\/\/portal.sma.gob.cl\/index.php\/wp-json\/wp\/v2\/media?parent=25412"}],"wp:term":[{"taxonomy":"category","embeddable":true,"href":"https:\/\/portal.sma.gob.cl\/index.php\/wp-json\/wp\/v2\/categories?post=25412"},{"taxonomy":"post_tag","embeddable":true,"href":"https:\/\/portal.sma.gob.cl\/index.php\/wp-json\/wp\/v2\/tags?post=25412"}],"curies":[{"name":"wp","href":"https:\/\/api.w.org\/{rel}","templated":true}]}}