{"id":25435,"date":"2022-10-14T15:26:45","date_gmt":"2022-10-14T18:26:45","guid":{"rendered":"https:\/\/portal.sma.gob.cl\/?p=25435"},"modified":"2022-10-14T16:46:22","modified_gmt":"2022-10-14T19:46:22","slug":"villarrica-sma-fiscaliza-denuncia-por-posible-afectacion-al-centro-de-reproduccion-fauna-andina","status":"publish","type":"post","link":"https:\/\/portal.sma.gob.cl\/index.php\/villarrica-sma-fiscaliza-denuncia-por-posible-afectacion-al-centro-de-reproduccion-fauna-andina\/","title":{"rendered":"Villarrica: SMA fiscaliza denuncia por posible afectaci\u00f3n al Centro de Reproducci\u00f3n Fauna Andina"},"content":{"rendered":"<p><strong>La entidad ha denunciado afectaci\u00f3n a las especies del centro, debido a que se realizan trabajos de corta de \u00e1rboles nativos a orillas del R\u00edo Pedregoso, con equipos de motor a combusti\u00f3n que alteran a las especies como g\u00fci\u00f1as y pud\u00faes.<\/strong><\/p>\n<p><strong>Temuco, 14 de octubre de 2022<\/strong>. La Oficina Regional de la Araucan\u00eda de la SMA ha recibido una denuncia respecto a una potencial afectaci\u00f3n del funcionamiento del Centro de Reproducci\u00f3n Fauna Andina, reserva registrada por el Ministerio del Medio Ambiente (MMA) para la conservaci\u00f3n y reproducci\u00f3n de fauna nativa como pud\u00faes, g\u00fci\u00f1as, entre otros.<\/p>\n<p>Al respecto, el Jefe Regional de la Superintendencia del Medio Ambiente de La Araucan\u00eda, Luis Mu\u00f1oz explic\u00f3 que: \u201cEl d\u00eda 12 de octubre, me toc\u00f3 realizar una nueva inspecci\u00f3n al sector asociado al Centro de Reproducci\u00f3n Fauna Andina. Dicha actividad se realiz\u00f3 para atender una denuncia respecto a una eventual afectaci\u00f3n de dicho centro, que est\u00e1 siendo afectado por un proyecto posiblemente tur\u00edstico, que est\u00e1 actualmente en etapa de levantamiento de antecedentes. En este se habr\u00eda constatado igualmente corta de \u00e1rboles nativos a orillas del R\u00edo Pedregoso producto de habilitaci\u00f3n de senderos\u201d.<\/p>\n<p>En ese sentido, Mu\u00f1oz explica que los senderos se ubican en zonas de reproducci\u00f3n de las especies nativas protegidas. Este proyecto se fiscaliz\u00f3 tambi\u00e9n el 14 de septiembre. \u201cAll\u00ed pudimos revisar la situaci\u00f3n planteada en la denuncia, pero no se constat\u00f3 personal de la parte denunciada, por lo que no obtuvimos informaci\u00f3n. En tanto, el 12 de octubre s\u00ed pudimos encontrar una empresa prestadora del servicio de reforestaci\u00f3n del sector la cual se encontraba realizando trabajos en al menos dos cuadrillas de trabajo con equipos de motor de combusti\u00f3n, situaci\u00f3n que, de acuerdo con los hechos denunciados, generar\u00eda alteraci\u00f3n en las especies nativas existentes en el centro como G\u00fci\u00f1as, Pud\u00faes, ambas especies que se encuentran en etapa de reproducci\u00f3n y\/o parici\u00f3n actualmente\u201d, comenta Mu\u00f1oz.<\/p>\n<p>El jefe regional indic\u00f3 que: \u201chemos atendido dicha denuncia en atenci\u00f3n a la relevancia de este Centro que como Reserva Privada, se encuentra realizando la labor de conservaci\u00f3n de especies que el Servicio Agr\u00edcola y Ganadero (SAG) ingresa para su cuidado, rehabilitaci\u00f3n y posterior retorno a su h\u00e1bitat natural, siendo testigos de un ejemplar de gato g\u00fci\u00f1a que fue ingresado por funcionarios del SAG Biob\u00edo, el 24 de septiembre, con una data de 5 d\u00edas el cual fue rescatado de un incendio en la octava regi\u00f3n y que se encuentra al cuidado de los encargados del Centro de Reproducci\u00f3n\u201d.<\/p>\n<p>Agrega Mu\u00f1oz que, \u201cpudimos ser testigos directos de la existencia de pud\u00faes, gui\u00f1as, guanacos e inclusive un individuo de huemul en dichas instalaciones, el cual se encuentra protegido como monumento natural por la legislaci\u00f3n vigente\u201d.<\/p>\n<p>Este proceso se encuentra en etapa de investigaci\u00f3n y no se descartan nuevas acciones de terreno, ya que durante la inspecci\u00f3n de ayer, se constat\u00f3 la existencia de una trampa para pumas que se encontraba activa, situaci\u00f3n que por su gravedad fue derivada al SAG Araucan\u00eda para sus gestiones en conformidad a la ley.<\/p>\n","protected":false},"excerpt":{"rendered":"<p>La entidad ha denunciado afectaci\u00f3n a las especies del centro, debido a que se realizan trabajos de corta de \u00e1rboles nativos a orillas del R\u00edo Pedregoso, con equipos de motor a combusti\u00f3n que alteran a las especies como g\u00fci\u00f1as y pud\u00faes. Temuco, 14 de octubre de 2022. La Oficina Regional de la Araucan\u00eda de la SMA <a href=\"https:\/\/portal.sma.gob.cl\/index.php\/villarrica-sma-fiscaliza-denuncia-por-posible-afectacion-al-centro-de-reproduccion-fauna-andina\/\">Leer m\u00e1s<\/a><\/p>\n","protected":false},"author":8,"featured_media":25437,"comment_status":"open","ping_status":"open","sticky":false,"template":"","format":"standard","meta":{"footnotes":""},"categories":[237,90,107,226],"tags":[],"class_list":["post-25435","post","type-post","status-publish","format-standard","has-post-thumbnail","hentry","category-araucania","category-comunicados-noticias","category-destacado","category-macrozona-sur"],"_links":{"self":[{"href":"https:\/\/portal.sma.gob.cl\/index.php\/wp-json\/wp\/v2\/posts\/25435","targetHints":{"allow":["GET"]}}],"collection":[{"href":"https:\/\/portal.sma.gob.cl\/index.php\/wp-json\/wp\/v2\/posts"}],"about":[{"href":"https:\/\/portal.sma.gob.cl\/index.php\/wp-json\/wp\/v2\/types\/post"}],"author":[{"embeddable":true,"href":"https:\/\/portal.sma.gob.cl\/index.php\/wp-json\/wp\/v2\/users\/8"}],"replies":[{"embeddable":true,"href":"https:\/\/portal.sma.gob.cl\/index.php\/wp-json\/wp\/v2\/comments?post=25435"}],"version-history":[{"count":2,"href":"https:\/\/portal.sma.gob.cl\/index.php\/wp-json\/wp\/v2\/posts\/25435\/revisions"}],"predecessor-version":[{"id":25447,"href":"https:\/\/portal.sma.gob.cl\/index.php\/wp-json\/wp\/v2\/posts\/25435\/revisions\/25447"}],"wp:featuredmedia":[{"embeddable":true,"href":"https:\/\/portal.sma.gob.cl\/index.php\/wp-json\/wp\/v2\/media\/25437"}],"wp:attachment":[{"href":"https:\/\/portal.sma.gob.cl\/index.php\/wp-json\/wp\/v2\/media?parent=25435"}],"wp:term":[{"taxonomy":"category","embeddable":true,"href":"https:\/\/portal.sma.gob.cl\/index.php\/wp-json\/wp\/v2\/categories?post=25435"},{"taxonomy":"post_tag","embeddable":true,"href":"https:\/\/portal.sma.gob.cl\/index.php\/wp-json\/wp\/v2\/tags?post=25435"}],"curies":[{"name":"wp","href":"https:\/\/api.w.org\/{rel}","templated":true}]}}