{"id":25460,"date":"2022-10-19T16:50:26","date_gmt":"2022-10-19T19:50:26","guid":{"rendered":"https:\/\/portal.sma.gob.cl\/?p=25460"},"modified":"2022-10-21T12:38:52","modified_gmt":"2022-10-21T15:38:52","slug":"los-lagos-sma-fiscaliza-con-conaf-denuncia-sobre-tala-de-bosque-nativo-en-proyecto-inmobiliario-paralizado","status":"publish","type":"post","link":"https:\/\/portal.sma.gob.cl\/index.php\/los-lagos-sma-fiscaliza-con-conaf-denuncia-sobre-tala-de-bosque-nativo-en-proyecto-inmobiliario-paralizado\/","title":{"rendered":"Los Lagos: SMA fiscaliza con CONAF denuncia sobre tala de bosque nativo en proyecto inmobiliario paralizado \u00a0"},"content":{"rendered":"<p><strong>Profesionales de la Oficina Regional de Los Lagos concurrieron ayer a terreno junto a CONAF para atender a denuncias de organizaciones sociales, sobre un posible incumplimiento a la medida de paralizaci\u00f3n del proyecto \u201cAlto Volcanes SpA\u201d en el sector del humedal Alto La Paloma. <\/strong><!--more--><\/p>\n<p><strong>Puerto Montt, 19 de octubre de 2022.<\/strong>\u00a0La Superintendencia del Medio Ambiente (SMA) concurri\u00f3 a fiscalizar en terreno, junto a profesionales de la Corporaci\u00f3n Nacional Forestal (CONAF) denuncias de organizaciones sociales respecto a un posible incumplimiento de la medida de paralizaci\u00f3n de las obras del proyecto \u201cAlto Volcanes SpA\u201d, en el sector del humedal Alto La Paloma, en la comuna de Puerto Montt. Cabe recordar que sobre dicho proyecto se solicit\u00f3 la detenci\u00f3n de las obras en el \u201cLote \u201cA\u201d, \u201cLote C\u201d, y las desarrolladas de forma contigua al \u201cLote D\u201d, primero como Medida Provisional al Tercer Tribunal Ambiental, y posteriormente se formul\u00f3 cargos a dicha empresa, manteniendo la paralizaci\u00f3n.<\/p>\n<p>Dicha paralizaci\u00f3n se refiere a los movimientos de tierra, excavaciones, construcci\u00f3n de zanjas, acopio de residuos y tr\u00e1nsito de veh\u00edculos y maquinaria pesada son algunas de las actividades que deber\u00e1n detenerse.<\/p>\n<p>Al respecto, Ivonne Mansilla, Jefa Regional de la SMA en Los Lagos, comenta: \u201cRespecto a las denuncias referidas, podemos informar que realizamos una fiscalizaci\u00f3n en conjunto con funcionarios de CONAF, ya que se trataban sobre la corta de bosque. En el lugar se levantaron antecedentes y se georreferenciaron los sitios donde existe corta, los que ser\u00e1n contrastados con informaci\u00f3n de gabinete para evaluar si corresponden al proyecto en cuesti\u00f3n. Esto, ya que se constat\u00f3 la corta ilegal de alrededor de 1 hect\u00e1rea, la cual estar\u00eda siendo realizada por personas naturales para extracci\u00f3n de le\u00f1a, por lo que CONAF iniciar\u00e1 la investigaci\u00f3n, para ver si es que corresponde derivar la informaci\u00f3n a los \u00f3rganos judiciales que correspondan\u201d.<\/p>\n<p>Para mayor detalle, acceder al procedimiento sancionatorio en el siguiente link del <a href=\"https:\/\/snifa.sma.gob.cl\/Sancionatorio\/Ficha\/3039\">Sistema Nacional de Informaci\u00f3n de Fiscalizaci\u00f3n Ambiental (SNIFA).<\/a><\/p>\n","protected":false},"excerpt":{"rendered":"<p>Profesionales de la Oficina Regional de Los Lagos concurrieron ayer a terreno junto a CONAF para atender a denuncias de organizaciones sociales, sobre un posible incumplimiento a la medida de paralizaci\u00f3n del proyecto \u201cAlto Volcanes SpA\u201d en el sector del humedal Alto La Paloma.<\/p>\n","protected":false},"author":9,"featured_media":25454,"comment_status":"open","ping_status":"open","sticky":false,"template":"","format":"standard","meta":{"footnotes":""},"categories":[90,107,239,226],"tags":[],"class_list":["post-25460","post","type-post","status-publish","format-standard","has-post-thumbnail","hentry","category-comunicados-noticias","category-destacado","category-los-lagos","category-macrozona-sur"],"_links":{"self":[{"href":"https:\/\/portal.sma.gob.cl\/index.php\/wp-json\/wp\/v2\/posts\/25460","targetHints":{"allow":["GET"]}}],"collection":[{"href":"https:\/\/portal.sma.gob.cl\/index.php\/wp-json\/wp\/v2\/posts"}],"about":[{"href":"https:\/\/portal.sma.gob.cl\/index.php\/wp-json\/wp\/v2\/types\/post"}],"author":[{"embeddable":true,"href":"https:\/\/portal.sma.gob.cl\/index.php\/wp-json\/wp\/v2\/users\/9"}],"replies":[{"embeddable":true,"href":"https:\/\/portal.sma.gob.cl\/index.php\/wp-json\/wp\/v2\/comments?post=25460"}],"version-history":[{"count":7,"href":"https:\/\/portal.sma.gob.cl\/index.php\/wp-json\/wp\/v2\/posts\/25460\/revisions"}],"predecessor-version":[{"id":25479,"href":"https:\/\/portal.sma.gob.cl\/index.php\/wp-json\/wp\/v2\/posts\/25460\/revisions\/25479"}],"wp:featuredmedia":[{"embeddable":true,"href":"https:\/\/portal.sma.gob.cl\/index.php\/wp-json\/wp\/v2\/media\/25454"}],"wp:attachment":[{"href":"https:\/\/portal.sma.gob.cl\/index.php\/wp-json\/wp\/v2\/media?parent=25460"}],"wp:term":[{"taxonomy":"category","embeddable":true,"href":"https:\/\/portal.sma.gob.cl\/index.php\/wp-json\/wp\/v2\/categories?post=25460"},{"taxonomy":"post_tag","embeddable":true,"href":"https:\/\/portal.sma.gob.cl\/index.php\/wp-json\/wp\/v2\/tags?post=25460"}],"curies":[{"name":"wp","href":"https:\/\/api.w.org\/{rel}","templated":true}]}}