{"id":25467,"date":"2022-10-24T09:00:36","date_gmt":"2022-10-24T12:00:36","guid":{"rendered":"https:\/\/portal.sma.gob.cl\/?p=25467"},"modified":"2022-10-21T10:51:03","modified_gmt":"2022-10-21T13:51:03","slug":"la-reina-sma-inicia-sancionatorio-contra-homecenter-por-ruidos","status":"publish","type":"post","link":"https:\/\/portal.sma.gob.cl\/index.php\/la-reina-sma-inicia-sancionatorio-contra-homecenter-por-ruidos\/","title":{"rendered":"La Reina: SMA inicia sancionatorio contra Homecenter por ruidos"},"content":{"rendered":"<p><strong>Tras fiscalizar varias denuncias ciudadanas se registr\u00f3 la superaci\u00f3n de la norma de ruido en horario diurno, especialmente por las labores en el patio de carga de la multitienda. Esta misma instalaci\u00f3n tuvo denuncias por una alarma que son\u00f3 durante m\u00e1s de 10 horas el fin de semana de Fiestas Patrias.<\/strong><!--more--><\/p>\n<p><strong>Santiago, 17 de octubre de 2022. <\/strong>La Superintendencia del Medio Ambiente (SMA) inici\u00f3 un proceso sancionatorio contra Sodimac Homecenter, por su local ubicado en la comuna de La Reina, debido a reiteradas denuncias de vecinos del sector respecto de ruidos molestos por actividades del movimiento de camiones, gr\u00faas horquillas, descargas de materiales, bocinas y un grupo electr\u00f3geno.<\/p>\n<p>Adicionalmente, durante el fin de semana largo de Fiestas Patrias, en este local se activ\u00f3 una alarma por m\u00e1s de 10 horas. Respecto de esta situaci\u00f3n, la SMA recibi\u00f3 denuncias, pero no ha aplicado una sanci\u00f3n, ya que la normativa (D.S. 38\/2011) excluye a las alarmas de las mediciones que puede realizar la instituci\u00f3n.<\/p>\n<p>Sin embargo, \u201cen este caso el normal funcionamiento del local provoca ruidos, lo cual se verific\u00f3 con mediciones con son\u00f3metro al interior de hogares afectados, verificando excedencias de entre 2 y 9 decibeles a la normativa, que en horario diurno fija un l\u00edmite de 60 decibeles en esa zona\u201d, explica Claudia Pastore, jefa de la Secci\u00f3n Ciudad y Territorio de la Divisi\u00f3n de Fiscalizaci\u00f3n.<\/p>\n<p>Por su parte, el Superintendente del Medio Ambiente (S), Emanuel Ibarra, sostiene que \u201cestamos tratando de atender con la mayor rapidez las denuncias de las personas afectadas por ruidos, las que se han triplicado en el \u00faltimo a\u00f1o. Respecto de este caso, Homecenter cuenta con 10 d\u00edas h\u00e1biles para presentar un Programa de Cumplimiento, el cual es un plan de acciones para hacerse cargo y remediar el problema hacia la comunidad vecina, o bien, tiene 15 d\u00edas h\u00e1biles para presentar descargos, tras lo cual contin\u00faa el proceso sancionatorio\u201d.<\/p>\n<p><strong>\u00a0<\/strong><\/p>\n<p><strong>*M\u00e1s detalles de las medidas provisionales en el Sistema Nacional de Informaci\u00f3n de Fiscalizaci\u00f3n Ambiental (SNIFA): <\/strong><a href=\"https:\/\/snifa.sma.gob.cl\/Sancionatorio\/Ficha\/3036\">https:\/\/snifa.sma.gob.cl\/Sancionatorio\/Ficha\/3036<\/a><\/p>\n","protected":false},"excerpt":{"rendered":"<p>Tras fiscalizar varias denuncias ciudadanas se registr\u00f3 la superaci\u00f3n de la norma de ruido en horario diurno, especialmente por las labores en el patio de carga de la multitienda. Esta misma instalaci\u00f3n tuvo denuncias por una alarma que son\u00f3 durante m\u00e1s de 10 horas el fin de semana de Fiestas Patrias.<\/p>\n","protected":false},"author":9,"featured_media":25469,"comment_status":"open","ping_status":"open","sticky":false,"template":"","format":"standard","meta":{"footnotes":""},"categories":[90,222,225,232],"tags":[],"class_list":["post-25467","post","type-post","status-publish","format-standard","has-post-thumbnail","hentry","category-comunicados-noticias","category-macrozona","category-macrozona-centro","category-metropolitana"],"_links":{"self":[{"href":"https:\/\/portal.sma.gob.cl\/index.php\/wp-json\/wp\/v2\/posts\/25467","targetHints":{"allow":["GET"]}}],"collection":[{"href":"https:\/\/portal.sma.gob.cl\/index.php\/wp-json\/wp\/v2\/posts"}],"about":[{"href":"https:\/\/portal.sma.gob.cl\/index.php\/wp-json\/wp\/v2\/types\/post"}],"author":[{"embeddable":true,"href":"https:\/\/portal.sma.gob.cl\/index.php\/wp-json\/wp\/v2\/users\/9"}],"replies":[{"embeddable":true,"href":"https:\/\/portal.sma.gob.cl\/index.php\/wp-json\/wp\/v2\/comments?post=25467"}],"version-history":[{"count":1,"href":"https:\/\/portal.sma.gob.cl\/index.php\/wp-json\/wp\/v2\/posts\/25467\/revisions"}],"predecessor-version":[{"id":25468,"href":"https:\/\/portal.sma.gob.cl\/index.php\/wp-json\/wp\/v2\/posts\/25467\/revisions\/25468"}],"wp:featuredmedia":[{"embeddable":true,"href":"https:\/\/portal.sma.gob.cl\/index.php\/wp-json\/wp\/v2\/media\/25469"}],"wp:attachment":[{"href":"https:\/\/portal.sma.gob.cl\/index.php\/wp-json\/wp\/v2\/media?parent=25467"}],"wp:term":[{"taxonomy":"category","embeddable":true,"href":"https:\/\/portal.sma.gob.cl\/index.php\/wp-json\/wp\/v2\/categories?post=25467"},{"taxonomy":"post_tag","embeddable":true,"href":"https:\/\/portal.sma.gob.cl\/index.php\/wp-json\/wp\/v2\/tags?post=25467"}],"curies":[{"name":"wp","href":"https:\/\/api.w.org\/{rel}","templated":true}]}}