{"id":25517,"date":"2022-11-02T16:17:23","date_gmt":"2022-11-02T19:17:23","guid":{"rendered":"https:\/\/portal.sma.gob.cl\/?p=25517"},"modified":"2022-11-02T16:26:26","modified_gmt":"2022-11-02T19:26:26","slug":"sma-participa-en-charla-sobre-concientizacion-del-cancer-de-mama","status":"publish","type":"post","link":"https:\/\/portal.sma.gob.cl\/index.php\/sma-participa-en-charla-sobre-concientizacion-del-cancer-de-mama\/","title":{"rendered":"SMA participa en charla sobre Concientizaci\u00f3n del C\u00e1ncer de Mama"},"content":{"rendered":"<p><strong>La actividad, realizada por la especialista Marlene Palacio de la Corporaci\u00f3n Yo Mujer, tuvo m\u00e1s de 60 funcionarias y funcionarios conectados, quienes realizaron consultas y reflexiones respecto a este importante tema que afecta a la salud.<\/strong><!--more--><\/p>\n<p><strong>Santiago, 27 de octubre de 2022.<\/strong> En el contexto del mes de la concientizaci\u00f3n de c\u00e1ncer y en el marco de las actividades que potencian la implementaci\u00f3n de\u00a0\u00a0 la normativa sobre Equidad de G\u00e9nero que la SMA, se desarroll\u00f3 una charla a cargo de la <strong>\u201cCorporaci\u00f3n Yo Mujer\u201d<\/strong>, donde la matrona y especialista en el tema, Marlene Palacio, abord\u00f3 detalladamente c\u00f3mo detectar precozmente esta enfermedad junto con mencionar algunas cifras y estad\u00edsticas que la convierten en la principal causa de muerte por c\u00e1ncer de mujeres en Chile.<\/p>\n<p>La actividad comenz\u00f3 con las palabras del Superintendente (S) del Medio Ambiente, Emanuel Ibarra, quien agradeci\u00f3 a la profesional por acceder a compartir informaci\u00f3n tan relevante para todo el funcionariado de la SMA. Indic\u00f3 saber del tema pues \u201cun familiar cercano tuvo la enfermedad, por lo tanto, conocerla en detalle, es muy importante no s\u00f3lo para quien la tiene, sino que tambi\u00e9n para su grupo m\u00e1s cercano\u201d.<\/p>\n<p>Tras estas palabras, la especialista inici\u00f3 su presentaci\u00f3n, revelando algunas cifras al respecto. Palacio explic\u00f3 que \u201canualmente en Chile, se detectan 5.400 nuevos casos de c\u00e1ncer de mama, (9 mujeres al d\u00eda) de las cuales, 1.500 mueren en este mismo per\u00edodo (3 al d\u00eda), convirti\u00e9ndose en la primera causa de muerte por c\u00e1ncer en las mujeres chilenas\u201d, precis\u00f3 la especialista.<\/p>\n<p>Detr\u00e1s de cada una de ellas \u2014continu\u00f3\u2014 debemos pensar que existe una familia, hay hijos\/as, maridos, pap\u00e1s, mam\u00e1s, sobrinos\/as y un entorno cercano que debe lidiar con ese dolor. Cada 6 horas en Chile muere una mujer por c\u00e1ncer de mama y por ello es crucial abordar su concientizaci\u00f3n, indic\u00f3.<\/p>\n<p>La especialista precis\u00f3 que \u201csi bien a\u00fan no tenemos en Chile alg\u00fan medicamento o investigaciones m\u00e9dicas que lo puedan evitar \u2014como s\u00ed ocurre con el VPH que tiene una vacuna para ni\u00f1as y ni\u00f1os\u2014, es de vital importancia su detecci\u00f3n a tiempo\u201d.<\/p>\n<p>Respecto de este punto, la especialista se\u00f1al\u00f3 que culturalmente las mujeres suelen descuidar y postergar estos temas y dilatar la visita al m\u00e9dico para realizarse la mamograf\u00eda. \u201cEn tiempos de pandemia, esto se acentu\u00f3 m\u00e1s a\u00fan por todas las restricciones que tuvimos para acceder a centros m\u00e9dicos a realizar nuestros controles de rutina\u201d.<\/p>\n<p>El c\u00e1ncer de mama es una enfermedad en la cual, por alg\u00fan motivo, se rompe el equilibrio y las c\u00e9lulas propias de la mama pierden su patr\u00f3n de multiplicaci\u00f3n, pasando a conformar un tumor. \u201cEs por este motivo que cient\u00edficamente sabemos que la tasa de diagn\u00f3stico aumenta desde los 40 a\u00f1os en adelante, sin embargo, hay pacientes con este tipo de c\u00e1ncer mucho m\u00e1s j\u00f3venes y el desarrollo en ellas puede ser m\u00e1s agresivo\u201d, indic\u00f3 Marlene.<\/p>\n<p>Entre los factores de riesgo m\u00e1s frecuentes en esta enfermedad, est\u00e1n los siguientes: mujer mayor de 40 a\u00f1os; menarquia precoz; menopausia tard\u00eda; nuliparidad o paridad tard\u00eda; sobrepeso u obesidad; patolog\u00edas mamarias benignas a repetici\u00f3n; historia personal o familiar de C\u00e1ncer de Mama.<\/p>\n<p>Palacio recomend\u00f3 poner todos estos antecedentes a disposici\u00f3n del m\u00e9dico tratante una vez que entreguen los resultados de la mamograf\u00eda o eco mamaria. \u201cS\u00f3lo de esta manera, el doctor que las atienda reconocer\u00e1 a trav\u00e9s de su historia m\u00e9dica, si son pacientes m\u00e1s propensas a presentar la enfermedad\u201d, indic\u00f3.<\/p>\n<p>Asimismo, se\u00f1al\u00f3 que no s\u00f3lo las mujeres pueden tener c\u00e1ncer de mama, sino que tambi\u00e9n los hombres por lo que deben estar atentos a cualquier s\u00edntoma extra\u00f1o que detecten.<\/p>\n<p>El llamado de la especialista es a conocer nuestro cuerpo y tener la conciencia de realizarnos como prioridad, la mamograf\u00eda anualmente. Asimismo, relev\u00f3 la importancia del autoexamen mamario que, si bien no reemplaza la mamograf\u00eda, tiene como objetivo hacer consciente a la mujer de su autocuidado, detectar lesiones que se puedan ver a simple vista, o bien, palpando la mama.<\/p>\n<p>Respecto de los m\u00e9todos del autoexamen, la profesional explic\u00f3 en detalle los tres pasos para hacerlo. \u00c9stas son: palpaci\u00f3n en la ducha; observaci\u00f3n frente al espejo; y palpaci\u00f3n acostada.<\/p>\n<p>En relaci\u00f3n con la mamograf\u00eda, la recomendaci\u00f3n es realizarse este examen basal a los 35 a\u00f1os y anualmente, a partir de los 40 a\u00f1os. S\u00f3lo de esta manera se puede determinar precozmente el c\u00e1ncer y atender de manera adecuada con los tratamientos y ex\u00e1menes que determine el m\u00e9dico, enfatiz\u00f3.<\/p>\n<p>Finalizando su presentaci\u00f3n, la profesional mostr\u00f3 datos que indican que, en la gran mayor\u00eda de los casos, el superar el c\u00e1ncer de mama depender\u00e1 en un alto porcentaje del momento en que se diagnostica, por lo que mientras antes se inicie el tratamiento, mejores expectativas de sobrevida existen. Al finalizar la exposici\u00f3n, el funcionariado de la SMA pudo realizar consultas y algunas reflexiones, que fueron muy bien recibidas por las personas, ya que es un tema que concita fuerte inter\u00e9s.<\/p>\n<p>Cabe destacar que la <strong>Corporaci\u00f3n \u201cYo Mujer\u201d<\/strong>, es una entidad sin fines de lucro que aboga por el trato digno, respetuoso e informado a la paciente con c\u00e1ncer y su familia. Uno de sus objetivos es educar sobre la importancia de la detecci\u00f3n precoz para contribuir a la disminuci\u00f3n de las tasas de mortalidad por c\u00e1ncer de mama en Chile. M\u00e1s informaci\u00f3n de la Corporaci\u00f3n ingresa en el siguiente link: <a href=\"https:\/\/corporacionyomujer.cl\/donar\/\">https:\/\/corporacionyomujer.cl\/donar\/<\/a><\/p>\n","protected":false},"excerpt":{"rendered":"<p>La actividad, realizada por la especialista Marlene Palacio de la Corporaci\u00f3n Yo Mujer, tuvo m\u00e1s de 60 funcionarias y funcionarios conectados, quienes realizaron consultas y reflexiones respecto a este importante tema que afecta a la salud.<\/p>\n","protected":false},"author":9,"featured_media":25525,"comment_status":"open","ping_status":"open","sticky":false,"template":"","format":"standard","meta":{"footnotes":""},"categories":[90,107,225,232],"tags":[],"class_list":["post-25517","post","type-post","status-publish","format-standard","has-post-thumbnail","hentry","category-comunicados-noticias","category-destacado","category-macrozona-centro","category-metropolitana"],"_links":{"self":[{"href":"https:\/\/portal.sma.gob.cl\/index.php\/wp-json\/wp\/v2\/posts\/25517","targetHints":{"allow":["GET"]}}],"collection":[{"href":"https:\/\/portal.sma.gob.cl\/index.php\/wp-json\/wp\/v2\/posts"}],"about":[{"href":"https:\/\/portal.sma.gob.cl\/index.php\/wp-json\/wp\/v2\/types\/post"}],"author":[{"embeddable":true,"href":"https:\/\/portal.sma.gob.cl\/index.php\/wp-json\/wp\/v2\/users\/9"}],"replies":[{"embeddable":true,"href":"https:\/\/portal.sma.gob.cl\/index.php\/wp-json\/wp\/v2\/comments?post=25517"}],"version-history":[{"count":3,"href":"https:\/\/portal.sma.gob.cl\/index.php\/wp-json\/wp\/v2\/posts\/25517\/revisions"}],"predecessor-version":[{"id":25520,"href":"https:\/\/portal.sma.gob.cl\/index.php\/wp-json\/wp\/v2\/posts\/25517\/revisions\/25520"}],"wp:featuredmedia":[{"embeddable":true,"href":"https:\/\/portal.sma.gob.cl\/index.php\/wp-json\/wp\/v2\/media\/25525"}],"wp:attachment":[{"href":"https:\/\/portal.sma.gob.cl\/index.php\/wp-json\/wp\/v2\/media?parent=25517"}],"wp:term":[{"taxonomy":"category","embeddable":true,"href":"https:\/\/portal.sma.gob.cl\/index.php\/wp-json\/wp\/v2\/categories?post=25517"},{"taxonomy":"post_tag","embeddable":true,"href":"https:\/\/portal.sma.gob.cl\/index.php\/wp-json\/wp\/v2\/tags?post=25517"}],"curies":[{"name":"wp","href":"https:\/\/api.w.org\/{rel}","templated":true}]}}