{"id":25526,"date":"2022-11-02T17:16:22","date_gmt":"2022-11-02T20:16:22","guid":{"rendered":"https:\/\/portal.sma.gob.cl\/?p=25526"},"modified":"2022-11-02T17:23:57","modified_gmt":"2022-11-02T20:23:57","slug":"finaliza-ronda-de-consulta-regional-del-ciclo-de-programacion-de-fiscalizaciones-para-el-ano-2023","status":"publish","type":"post","link":"https:\/\/portal.sma.gob.cl\/index.php\/finaliza-ronda-de-consulta-regional-del-ciclo-de-programacion-de-fiscalizaciones-para-el-ano-2023\/","title":{"rendered":"Finaliza ronda de consulta regional del Ciclo de Programaci\u00f3n de fiscalizaciones para el a\u00f1o 2023"},"content":{"rendered":"<ul>\n<li><strong>En total se realizaron 16 reuniones, una por cada zona del pa\u00eds, entre el martes 11 y el 25 de octubre. El objetivo fue definir, en conjunto con los organismos que forman parte de la Red Nacional de Fiscalizaci\u00f3n Ambiental, las Unidades Fiscalizables que ser\u00e1n parte de los Programas y Subprogramas de RCA para 2023.<\/strong><\/li>\n<\/ul>\n<p><!--more--><\/p>\n<p><strong>Santiago, 02 de noviembre de 2022. <\/strong>Una exitosa ronda de reuniones se llev\u00f3 a cabo entre el martes 11 de octubre y el martes 25 del mismo mes en las 16 regiones de nuestro pa\u00eds. El objetivo de la actividad fue definir las Unidades Fiscalizables que ser\u00e1n parte del Programa y los Subprogramas de RCA 2023 en cada regi\u00f3n, en conjunto entre la SMA y los organismos sectoriales que forman parte de la Red Nacional de Fiscalizaci\u00f3n Ambiental (RENFA).<\/p>\n<p>La actividad, que se enmarca en el proceso anual de programaci\u00f3n de fiscalizaciones coordinado por la Secci\u00f3n de Mejoramiento Continuo de la SMA, busc\u00f3 que cada oficina regional se pudiera reunir con representantes de los equipos de la RENFA, conformada por Sernapesca, Sernageomin, Seremi de Salud, entre otros organismos sectoriales con competencia ambiental. En algunas regiones fue posible desarrollar la reuni\u00f3n en formato presencial \u2014tras dos a\u00f1os de citas virtuales por la pandemia\u2014, mientras que en otras zonas se mantuvo la videollamada este a\u00f1o.<\/p>\n<p><strong>\u00a0<\/strong>\u201cLas reuniones consisten en una deliberaci\u00f3n para elegir las Unidades Fiscalizables que ser\u00e1n incluidas en el programa de RCA 2023, a partir de una lista acotada de proyectos que fueron previamente priorizados por los Organismos Sectoriales y por las Oficinas Regionales de la SMA de todos los proyectos que existen en cada regi\u00f3n\u201d, explica Cristi\u00e1n Lastra, de la Secci\u00f3n de Mejoramiento Continuo de la SMA.<\/p>\n<p>En forma previa a la deliberaci\u00f3n, explica Lastra, se presentaron <strong>\u201c<\/strong>una serie de lineamientos estrat\u00e9gicos que rigen la Programaci\u00f3n de cada a\u00f1o. Para 2023 son: atenci\u00f3n a los \u00e1mbitos estrat\u00e9gicos de Gobierno, en especial, biodiversidad y escasez h\u00eddrica; atenci\u00f3n a las prioridades identificadas por los Organismos Sectoriales; prioridad a la atenci\u00f3n de denuncias; foco en Territorios Prioritarios y el fortalecimiento de la fiscalizaci\u00f3n remota, en los \u00e1mbitos en que es posible\u201d.<\/p>\n<p>Finalmente, los pr\u00f3ximos pasos de este proceso son: la revisi\u00f3n de los resultados de las reuniones regionales con los niveles centrales de los Organismos Sectoriales, lo cual luego se ve reflejado en la dictaci\u00f3n de las resoluciones exentas que formalizar\u00e1n los Programas y Subprogramas 2023, las cuales incluyen el n\u00famero total de fiscalizaciones de RCA por regi\u00f3n.<\/p>\n<p>Galer\u00eda de fotos del proceso<\/p>\n\n\t\t<style type=\"text\/css\">\n\t\t\t#gallery-1 {\n\t\t\t\tmargin: auto;\n\t\t\t}\n\t\t\t#gallery-1 .gallery-item {\n\t\t\t\tfloat: left;\n\t\t\t\tmargin-top: 10px;\n\t\t\t\ttext-align: center;\n\t\t\t\twidth: 33%;\n\t\t\t}\n\t\t\t#gallery-1 img {\n\t\t\t\tborder: 2px solid #cfcfcf;\n\t\t\t}\n\t\t\t#gallery-1 .gallery-caption {\n\t\t\t\tmargin-left: 0;\n\t\t\t}\n\t\t\t\/* see gallery_shortcode() in wp-includes\/media.php *\/\n\t\t<\/style>\n\t\t<div id='gallery-1' class='gallery galleryid-25526 gallery-columns-3 gallery-size-thumbnail'><dl class='gallery-item'>\n\t\t\t<dt class='gallery-icon landscape'>\n\t\t\t\t<a data-rel=\"iLightbox[postimages]\" data-title=\"WhatsApp Image 2022-10-20 at 12.41.36 PM\" data-caption=\"Regi\u00f3n de Tarapac\u00e1\" href='https:\/\/portal.sma.gob.cl\/whatsapp-image-2022-10-20-at-12-41-36-pm\/'><img decoding=\"async\" width=\"150\" height=\"150\" src=\"https:\/\/portal.sma.gob.cl\/wp-content\/uploads\/2022\/11\/WhatsApp-Image-2022-10-20-at-12.41.36-PM-150x150.jpeg\" class=\"attachment-thumbnail size-thumbnail\" alt=\"\" aria-describedby=\"gallery-1-25536\" srcset=\"https:\/\/portal.sma.gob.cl\/wp-content\/uploads\/2022\/11\/WhatsApp-Image-2022-10-20-at-12.41.36-PM-66x66.jpeg 66w, https:\/\/portal.sma.gob.cl\/wp-content\/uploads\/2022\/11\/WhatsApp-Image-2022-10-20-at-12.41.36-PM-150x150.jpeg 150w\" sizes=\"(max-width: 150px) 100vw, 150px\" \/><\/a>\n\t\t\t<\/dt>\n\t\t\t\t<dd class='wp-caption-text gallery-caption' id='gallery-1-25536'>\n\t\t\t\tRegi\u00f3n de Tarapac\u00e1\n\t\t\t\t<\/dd><\/dl><dl class='gallery-item'>\n\t\t\t<dt class='gallery-icon landscape'>\n\t\t\t\t<a data-rel=\"iLightbox[postimages]\" data-title=\"WhatsApp Image 2022-10-17 at 2.44.09 PM\" data-caption=\"Regi\u00f3n de Valpara\u00edso\" href='https:\/\/portal.sma.gob.cl\/whatsapp-image-2022-10-17-at-2-44-09-pm\/'><img decoding=\"async\" width=\"150\" height=\"150\" src=\"https:\/\/portal.sma.gob.cl\/wp-content\/uploads\/2022\/11\/WhatsApp-Image-2022-10-17-at-2.44.09-PM-150x150.jpeg\" class=\"attachment-thumbnail size-thumbnail\" alt=\"\" aria-describedby=\"gallery-1-25535\" srcset=\"https:\/\/portal.sma.gob.cl\/wp-content\/uploads\/2022\/11\/WhatsApp-Image-2022-10-17-at-2.44.09-PM-66x66.jpeg 66w, https:\/\/portal.sma.gob.cl\/wp-content\/uploads\/2022\/11\/WhatsApp-Image-2022-10-17-at-2.44.09-PM-150x150.jpeg 150w\" sizes=\"(max-width: 150px) 100vw, 150px\" \/><\/a>\n\t\t\t<\/dt>\n\t\t\t\t<dd class='wp-caption-text gallery-caption' id='gallery-1-25535'>\n\t\t\t\tRegi\u00f3n de Valpara\u00edso\n\t\t\t\t<\/dd><\/dl><dl class='gallery-item'>\n\t\t\t<dt class='gallery-icon landscape'>\n\t\t\t\t<a data-rel=\"iLightbox[postimages]\" data-title=\"WhatsApp Image 2022-10-18 at 10.34.38 AM\" data-caption=\"Regi\u00f3n de Los R\u00edos\" href='https:\/\/portal.sma.gob.cl\/whatsapp-image-2022-10-18-at-10-34-38-am\/'><img decoding=\"async\" width=\"150\" height=\"150\" src=\"https:\/\/portal.sma.gob.cl\/wp-content\/uploads\/2022\/11\/WhatsApp-Image-2022-10-18-at-10.34.38-AM-150x150.jpeg\" class=\"attachment-thumbnail size-thumbnail\" alt=\"\" aria-describedby=\"gallery-1-25534\" srcset=\"https:\/\/portal.sma.gob.cl\/wp-content\/uploads\/2022\/11\/WhatsApp-Image-2022-10-18-at-10.34.38-AM-66x66.jpeg 66w, https:\/\/portal.sma.gob.cl\/wp-content\/uploads\/2022\/11\/WhatsApp-Image-2022-10-18-at-10.34.38-AM-150x150.jpeg 150w\" sizes=\"(max-width: 150px) 100vw, 150px\" \/><\/a>\n\t\t\t<\/dt>\n\t\t\t\t<dd class='wp-caption-text gallery-caption' id='gallery-1-25534'>\n\t\t\t\tRegi\u00f3n de Los R\u00edos\n\t\t\t\t<\/dd><\/dl><br style=\"clear: both\" \/><dl class='gallery-item'>\n\t\t\t<dt class='gallery-icon landscape'>\n\t\t\t\t<a data-rel=\"iLightbox[postimages]\" data-title=\"3db6465d-1f7b-4b7e-8e05-fabeca97c418\" data-caption=\"Regi\u00f3n de Antofagasta\" href='https:\/\/portal.sma.gob.cl\/3db6465d-1f7b-4b7e-8e05-fabeca97c418\/'><img decoding=\"async\" width=\"150\" height=\"150\" src=\"https:\/\/portal.sma.gob.cl\/wp-content\/uploads\/2022\/11\/3db6465d-1f7b-4b7e-8e05-fabeca97c418-150x150.jpg\" class=\"attachment-thumbnail size-thumbnail\" alt=\"\" aria-describedby=\"gallery-1-25533\" srcset=\"https:\/\/portal.sma.gob.cl\/wp-content\/uploads\/2022\/11\/3db6465d-1f7b-4b7e-8e05-fabeca97c418-66x66.jpg 66w, https:\/\/portal.sma.gob.cl\/wp-content\/uploads\/2022\/11\/3db6465d-1f7b-4b7e-8e05-fabeca97c418-150x150.jpg 150w\" sizes=\"(max-width: 150px) 100vw, 150px\" \/><\/a>\n\t\t\t<\/dt>\n\t\t\t\t<dd class='wp-caption-text gallery-caption' id='gallery-1-25533'>\n\t\t\t\tRegi\u00f3n de Antofagasta\n\t\t\t\t<\/dd><\/dl><dl class='gallery-item'>\n\t\t\t<dt class='gallery-icon landscape'>\n\t\t\t\t<a data-rel=\"iLightbox[postimages]\" data-title=\"20221013_124141\" data-caption=\"Regi\u00f3n de Coquimbo\" href='https:\/\/portal.sma.gob.cl\/20221013_124141\/'><img decoding=\"async\" width=\"150\" height=\"150\" src=\"https:\/\/portal.sma.gob.cl\/wp-content\/uploads\/2022\/11\/20221013_124141-150x150.jpg\" class=\"attachment-thumbnail size-thumbnail\" alt=\"\" aria-describedby=\"gallery-1-25532\" srcset=\"https:\/\/portal.sma.gob.cl\/wp-content\/uploads\/2022\/11\/20221013_124141-66x66.jpg 66w, https:\/\/portal.sma.gob.cl\/wp-content\/uploads\/2022\/11\/20221013_124141-150x150.jpg 150w\" sizes=\"(max-width: 150px) 100vw, 150px\" \/><\/a>\n\t\t\t<\/dt>\n\t\t\t\t<dd class='wp-caption-text gallery-caption' id='gallery-1-25532'>\n\t\t\t\tRegi\u00f3n de Coquimbo\n\t\t\t\t<\/dd><\/dl><dl class='gallery-item'>\n\t\t\t<dt class='gallery-icon landscape'>\n\t\t\t\t<a data-rel=\"iLightbox[postimages]\" data-title=\"WhatsApp Image 2022-10-17 at 2.51.51 PM (1)\" data-caption=\"Valpara\u00edso\" href='https:\/\/portal.sma.gob.cl\/whatsapp-image-2022-10-17-at-2-51-51-pm-1\/'><img decoding=\"async\" width=\"150\" height=\"150\" src=\"https:\/\/portal.sma.gob.cl\/wp-content\/uploads\/2022\/11\/WhatsApp-Image-2022-10-17-at-2.51.51-PM-1-150x150.jpeg\" class=\"attachment-thumbnail size-thumbnail\" alt=\"\" aria-describedby=\"gallery-1-25531\" srcset=\"https:\/\/portal.sma.gob.cl\/wp-content\/uploads\/2022\/11\/WhatsApp-Image-2022-10-17-at-2.51.51-PM-1-66x66.jpeg 66w, https:\/\/portal.sma.gob.cl\/wp-content\/uploads\/2022\/11\/WhatsApp-Image-2022-10-17-at-2.51.51-PM-1-150x150.jpeg 150w\" sizes=\"(max-width: 150px) 100vw, 150px\" \/><\/a>\n\t\t\t<\/dt>\n\t\t\t\t<dd class='wp-caption-text gallery-caption' id='gallery-1-25531'>\n\t\t\t\tValpara\u00edso\n\t\t\t\t<\/dd><\/dl><br style=\"clear: both\" \/><dl class='gallery-item'>\n\t\t\t<dt class='gallery-icon landscape'>\n\t\t\t\t<a data-rel=\"iLightbox[postimages]\" data-title=\"WhatsApp Image 2022-10-20 at 11.09.27\" data-caption=\"Regi\u00f3n del Maule\" href='https:\/\/portal.sma.gob.cl\/whatsapp-image-2022-10-20-at-11-09-27\/'><img decoding=\"async\" width=\"150\" height=\"150\" src=\"https:\/\/portal.sma.gob.cl\/wp-content\/uploads\/2022\/11\/WhatsApp-Image-2022-10-20-at-11.09.27-150x150.jpeg\" class=\"attachment-thumbnail size-thumbnail\" alt=\"\" aria-describedby=\"gallery-1-25529\" srcset=\"https:\/\/portal.sma.gob.cl\/wp-content\/uploads\/2022\/11\/WhatsApp-Image-2022-10-20-at-11.09.27-66x66.jpeg 66w, https:\/\/portal.sma.gob.cl\/wp-content\/uploads\/2022\/11\/WhatsApp-Image-2022-10-20-at-11.09.27-150x150.jpeg 150w\" sizes=\"(max-width: 150px) 100vw, 150px\" \/><\/a>\n\t\t\t<\/dt>\n\t\t\t\t<dd class='wp-caption-text gallery-caption' id='gallery-1-25529'>\n\t\t\t\tRegi\u00f3n del Maule\n\t\t\t\t<\/dd><\/dl><dl class='gallery-item'>\n\t\t\t<dt class='gallery-icon landscape'>\n\t\t\t\t<a data-rel=\"iLightbox[postimages]\" data-title=\"f10\" data-caption=\"Regi\u00f3n de Arica y Parinacota\" href='https:\/\/portal.sma.gob.cl\/f10\/'><img decoding=\"async\" width=\"150\" height=\"150\" src=\"https:\/\/portal.sma.gob.cl\/wp-content\/uploads\/2022\/11\/f10-150x150.jpg\" class=\"attachment-thumbnail size-thumbnail\" alt=\"\" aria-describedby=\"gallery-1-25528\" srcset=\"https:\/\/portal.sma.gob.cl\/wp-content\/uploads\/2022\/11\/f10-66x66.jpg 66w, https:\/\/portal.sma.gob.cl\/wp-content\/uploads\/2022\/11\/f10-150x150.jpg 150w\" sizes=\"(max-width: 150px) 100vw, 150px\" \/><\/a>\n\t\t\t<\/dt>\n\t\t\t\t<dd class='wp-caption-text gallery-caption' id='gallery-1-25528'>\n\t\t\t\tRegi\u00f3n de Arica y Parinacota\n\t\t\t\t<\/dd><\/dl>\n\t\t\t<br style='clear: both' \/>\n\t\t<\/div>\n\n","protected":false},"excerpt":{"rendered":"<p>En total se realizaron 16 reuniones, una por cada zona del pa\u00eds, entre el martes 11 y el 25 de octubre. El objetivo fue definir, en conjunto con los organismos que forman parte de la Red Nacional de Fiscalizaci\u00f3n Ambiental, las Unidades Fiscalizables que ser\u00e1n parte de los Programas y Subprogramas de RCA para 2023.<\/p>\n","protected":false},"author":9,"featured_media":25535,"comment_status":"open","ping_status":"open","sticky":false,"template":"","format":"standard","meta":{"footnotes":""},"categories":[90,107,225,232],"tags":[],"class_list":["post-25526","post","type-post","status-publish","format-standard","has-post-thumbnail","hentry","category-comunicados-noticias","category-destacado","category-macrozona-centro","category-metropolitana"],"_links":{"self":[{"href":"https:\/\/portal.sma.gob.cl\/index.php\/wp-json\/wp\/v2\/posts\/25526","targetHints":{"allow":["GET"]}}],"collection":[{"href":"https:\/\/portal.sma.gob.cl\/index.php\/wp-json\/wp\/v2\/posts"}],"about":[{"href":"https:\/\/portal.sma.gob.cl\/index.php\/wp-json\/wp\/v2\/types\/post"}],"author":[{"embeddable":true,"href":"https:\/\/portal.sma.gob.cl\/index.php\/wp-json\/wp\/v2\/users\/9"}],"replies":[{"embeddable":true,"href":"https:\/\/portal.sma.gob.cl\/index.php\/wp-json\/wp\/v2\/comments?post=25526"}],"version-history":[{"count":3,"href":"https:\/\/portal.sma.gob.cl\/index.php\/wp-json\/wp\/v2\/posts\/25526\/revisions"}],"predecessor-version":[{"id":25537,"href":"https:\/\/portal.sma.gob.cl\/index.php\/wp-json\/wp\/v2\/posts\/25526\/revisions\/25537"}],"wp:featuredmedia":[{"embeddable":true,"href":"https:\/\/portal.sma.gob.cl\/index.php\/wp-json\/wp\/v2\/media\/25535"}],"wp:attachment":[{"href":"https:\/\/portal.sma.gob.cl\/index.php\/wp-json\/wp\/v2\/media?parent=25526"}],"wp:term":[{"taxonomy":"category","embeddable":true,"href":"https:\/\/portal.sma.gob.cl\/index.php\/wp-json\/wp\/v2\/categories?post=25526"},{"taxonomy":"post_tag","embeddable":true,"href":"https:\/\/portal.sma.gob.cl\/index.php\/wp-json\/wp\/v2\/tags?post=25526"}],"curies":[{"name":"wp","href":"https:\/\/api.w.org\/{rel}","templated":true}]}}