{"id":25566,"date":"2022-11-08T13:49:38","date_gmt":"2022-11-08T16:49:38","guid":{"rendered":"https:\/\/portal.sma.gob.cl\/?p=25566"},"modified":"2022-11-08T13:49:38","modified_gmt":"2022-11-08T16:49:38","slug":"sma-inaugura-delegacion-exclusiva-de-huasco","status":"publish","type":"post","link":"https:\/\/portal.sma.gob.cl\/index.php\/sma-inaugura-delegacion-exclusiva-de-huasco\/","title":{"rendered":"SMA inaugura delegaci\u00f3n exclusiva de Huasco"},"content":{"rendered":"<p><strong>La oficina se encuentra ubicada en calle Craig N\u00b0249, segundo piso, y tendr\u00e1 como foco la fiscalizaci\u00f3n de los principales proyectos ambientales de la zona sur de la Regi\u00f3n de Atacama, como tambi\u00e9n el an\u00e1lisis de denuncias.<\/strong><!--more--><\/p>\n<p><strong>Huasco, 08 de noviembre de 2022.<\/strong> La Superintendencia del Medio Ambiente (SMA) inaugur\u00f3 este mediod\u00eda su Delegaci\u00f3n Exclusiva de Huasco, la cual permitir\u00e1 una gesti\u00f3n integrada en el territorio de la zona para la fiscalizaci\u00f3n de las distintas unidades productivas de este territorio prioritario para la SMA, junto a una atenci\u00f3n m\u00e1s \u00e1gil de las denuncias ciudadanas que se presentan en este territorio. La actividad cont\u00f3 con la presencia del Superintendente del Medio Ambiente (S), Emanuel Ibarra; el alcalde de Huasco, Genaro Brice\u00f1o; la concejala Javiera Orellana y Doris Zamorano, representante del Consejo para la Recuperaci\u00f3n Ambiental y Social (CRAS) de Huasco.<\/p>\n<p>\u201cComo Superintendencia, estamos muy felices de poder inaugurar esta Delegaci\u00f3n Exclusiva. Sabemos que hay muchos territorios en el pa\u00eds, alejados de las capitales regionales que requieren una presencia m\u00e1s permanente de nuestra instituci\u00f3n. Para nosotros, este tipo de delegaciones permite acercar la SMA al territorio, descentralizar y poder hacer una gesti\u00f3n m\u00e1s r\u00e1pida y eficaz\u201d, afirm\u00f3 el Superintendente del Medio Ambiente (S), Emanuel Ibarra.<\/p>\n<p>Por su parte, el alcalde Brice\u00f1o sostuvo que \u201cesta oficina se logr\u00f3 con bastante esfuerzo, y ojal\u00e1 tenga una accesibilidad universal como espacio para denuncias. Es importante destacar que las comunidades organizadas presentan sus intereses y como municipalidad, nos toca mediar para ver c\u00f3mo presentarlos a los organismos respectivos. Eso ha pasado con el proceso del relave, la situaci\u00f3n de Guacolda, que se vaya ampliando el CRAS\u201d.<\/p>\n<p>Con esta nueva dependencia, la Superintendencia del Medio Ambiente suma un total de 9 delegaciones a lo largo del pa\u00eds, ya operativas en ciudades como Calama, Quintero, Puchuncav\u00ed, Catemu, San Antonio, Coronel, Chilo\u00e9 y Osorno. Todas ellas permiten a la instituci\u00f3n priorizar territorios que requieren atenci\u00f3n en fiscalizaci\u00f3n y acciones de correcci\u00f3n por su vulnerabilidad ambiental. Estas instalaciones se suman a la presencia de las 16 Oficinas Regionales de la SMA ubicadas en todas las capitales del territorio nacional.<\/p>\n<p>La delegaci\u00f3n exclusiva de Huasco se ubicar\u00e1 calle Craig N\u00b0249, segundo piso. Luis Novoa es el fiscalizador a cargo de la Delegaci\u00f3n Exclusiva. Es Ingeniero en Gesti\u00f3n Ambiental de la Universidad T\u00e9cnica Federico Santa Mar\u00eda y T\u00e9cnico en Automatizaci\u00f3n y Control Industrial, de INACAP. Cuenta con experiencia en el \u00e1rea industrial, tiene conocimientos en legislaci\u00f3n ambiental, programas de descontaminaci\u00f3n, an\u00e1lisis de datos, gesti\u00f3n circular y mantenimiento de equipos automatizados.<\/p>\n<p>El profesional ser\u00e1 apoyado por el equipo de la Oficina Regional de Copiap\u00f3, cuyo jefe, Felipe S\u00e1nchez, comenta: \u201cLuis Novoa lleva cinco meses en Huasco; lo hemos podido acompa\u00f1ar en fiscalizaciones y se le han entregado conocimientos y metodolog\u00edas para desempe\u00f1ar su rol. Toda la oficina est\u00e1 atenta a sus gestiones y necesidades, ya que cuando hay casos que son m\u00e1s grandes, o por su complejidad requieran de apoyo, viajamos para estar en terreno en conjunto\u201d.<\/p>\n","protected":false},"excerpt":{"rendered":"<p>La oficina se encuentra ubicada en calle Craig N\u00b0249, segundo piso, y tendr\u00e1 como foco la fiscalizaci\u00f3n de los principales proyectos ambientales de la zona sur de la Regi\u00f3n de Atacama, como tambi\u00e9n el an\u00e1lisis de denuncias.<\/p>\n","protected":false},"author":9,"featured_media":25564,"comment_status":"open","ping_status":"open","sticky":false,"template":"","format":"standard","meta":{"footnotes":""},"categories":[228,90,107,224],"tags":[],"class_list":["post-25566","post","type-post","status-publish","format-standard","has-post-thumbnail","hentry","category-atacama","category-comunicados-noticias","category-destacado","category-macrozona-norte"],"_links":{"self":[{"href":"https:\/\/portal.sma.gob.cl\/index.php\/wp-json\/wp\/v2\/posts\/25566","targetHints":{"allow":["GET"]}}],"collection":[{"href":"https:\/\/portal.sma.gob.cl\/index.php\/wp-json\/wp\/v2\/posts"}],"about":[{"href":"https:\/\/portal.sma.gob.cl\/index.php\/wp-json\/wp\/v2\/types\/post"}],"author":[{"embeddable":true,"href":"https:\/\/portal.sma.gob.cl\/index.php\/wp-json\/wp\/v2\/users\/9"}],"replies":[{"embeddable":true,"href":"https:\/\/portal.sma.gob.cl\/index.php\/wp-json\/wp\/v2\/comments?post=25566"}],"version-history":[{"count":1,"href":"https:\/\/portal.sma.gob.cl\/index.php\/wp-json\/wp\/v2\/posts\/25566\/revisions"}],"predecessor-version":[{"id":25567,"href":"https:\/\/portal.sma.gob.cl\/index.php\/wp-json\/wp\/v2\/posts\/25566\/revisions\/25567"}],"wp:featuredmedia":[{"embeddable":true,"href":"https:\/\/portal.sma.gob.cl\/index.php\/wp-json\/wp\/v2\/media\/25564"}],"wp:attachment":[{"href":"https:\/\/portal.sma.gob.cl\/index.php\/wp-json\/wp\/v2\/media?parent=25566"}],"wp:term":[{"taxonomy":"category","embeddable":true,"href":"https:\/\/portal.sma.gob.cl\/index.php\/wp-json\/wp\/v2\/categories?post=25566"},{"taxonomy":"post_tag","embeddable":true,"href":"https:\/\/portal.sma.gob.cl\/index.php\/wp-json\/wp\/v2\/tags?post=25566"}],"curies":[{"name":"wp","href":"https:\/\/api.w.org\/{rel}","templated":true}]}}