{"id":25579,"date":"2022-11-14T18:34:06","date_gmt":"2022-11-14T21:34:06","guid":{"rendered":"https:\/\/portal.sma.gob.cl\/?p=25579"},"modified":"2023-01-10T10:50:49","modified_gmt":"2023-01-10T13:50:49","slug":"bid-y-redlafica-inician-el-ix-dialogo-regional-de-politica-sobre-licenciamiento-y-fiscalizacion-ambiental-y-social-en-america-latina-y-caribe","status":"publish","type":"post","link":"https:\/\/portal.sma.gob.cl\/index.php\/bid-y-redlafica-inician-el-ix-dialogo-regional-de-politica-sobre-licenciamiento-y-fiscalizacion-ambiental-y-social-en-america-latina-y-caribe\/","title":{"rendered":"BID y REDLAFICA inician el IX Di\u00e1logo Regional de Pol\u00edtica sobre Licenciamiento y Fiscalizaci\u00f3n Ambiental y Social en Am\u00e9rica Latina y Caribe"},"content":{"rendered":"<p style=\"text-align: justify;\"><strong>Encuentro que se desarrolla en la ciudad de Santo Domingo y que tiene como objeto el intercambio de experiencias y lecciones aprendidas de l\u00edderes de programas de fiscalizaci\u00f3n y licenciamiento en la regi\u00f3n. Actividad se extender\u00e1 hasta el 16 de noviembre.<\/strong><\/p>\n<p style=\"text-align: justify;\"><strong>Santo Domingo, Rep\u00fablica Dominicana 14 de noviembre de 2022.<\/strong>\u00a0El Banco Interamericano del Desarrollo (BID), a trav\u00e9s de su Unidad de Soluciones Ambientales y Sociales, y en conjunto con la Red Latinoamericana de Fiscalizaci\u00f3n y Cumplimiento Ambiente (REDLAFICA) dieron inicio al<strong> IX Di\u00e1logo Regional de Pol\u00edtica sobre Licenciamiento y Fiscalizaci\u00f3n Ambiental y Social en Am\u00e9rica Latina y Caribe,<\/strong> cuyo lema para este per\u00edodo busca potenciar las <strong>&#8220;Lecciones Post Pandemia en Licenciamiento y Fiscalizaci\u00f3n Socio Ambiental&#8221;.<\/strong> Actividad que se extender\u00e1 hasta el 16 de noviembre.<\/p>\n<p style=\"text-align: justify;\">El encuentro cont\u00f3 con la participaci\u00f3n de Gilles Damais, Jefe de operaciones del Banco Interamericano de Desarrollo en Rep\u00fablica Dominicana; Emanuel Ibarra, Superintendente (S) de la Superintendencia del Medio Ambiente (SMA) de Chile y Presidente Pro Tempore de REDLAFICA; Indhira de Jesus, viceministra de Gesti\u00f3n Ambiental del Ministerio de Medio Ambiente y Recursos Naturales en Rep\u00fablica Dominicana; junto con la participaci\u00f3n de los representantes de los pa\u00edses miembros de Redlafica, de pa\u00edses del Caribe, as\u00ed como tambi\u00e9n ejecutivos de la Agencia de Protecci\u00f3n Ambiental de Estados Unidos (EPA), de la International Network for Environmental Compliance and Enforcement (INECE -por su sigla en ingl\u00e9s-) y de la Sociedad Alemana de Cooperaci\u00f3n Internacional (GIZ).<\/p>\n<p style=\"text-align: justify;\">Al respecto, Gilles Damais, Jefe de Operaciones del Banco Interamericano de Desarrollo (BID) en Rep\u00fablica Dominicana relev\u00f3 que <em>\u201cla misi\u00f3n del BID es mejorar vidas en Am\u00e9rica Latina y El Caribe, lo cual, s\u00f3lo puede lograrse si nuestra labor contribuye a procesos de desarrollos que sean respetuosos con el medio ambiente y que propicien la inclusi\u00f3n social\u201d,<\/em> indic\u00f3 el ejecutivo.<\/p>\n<p style=\"text-align: justify;\">Por su parte, Emanuel Ibarra, Presidente Pro Tempore de REDLAFICA y Superintendente (s) de la Superintendencia del Medio Ambiente reflexion\u00f3 que <em>\u201cel diagn\u00f3stico com\u00fan que hemos conversado durante esta jornada, es que en general, los pa\u00edses de la regi\u00f3n no contamos con los recursos suficientes para realizar la fiscalizaci\u00f3n ambiental, por lo que estas instancias de encontrarnos, nos da la posibilidad de hacer alianzas y generar proyectos que nos permitan ahorrar recursos y hacer sinergias, todo con el objetivo de lograr el fin p\u00fablico que persiguen nuestras instituciones, que es el cuidado del medio ambiente y las personas. En mi calidad de Presidente Pro Tempore de Redlafica, quiero invitar a todos los pa\u00edses que no son parte de la Red, a que se hagan parte. Es una instancia que trae muchos beneficios y nos permite compartir experiencias entre todas y todos para mejorar nuestra gesti\u00f3n ambiental en la regi\u00f3n\u201d,<\/em> indic\u00f3 la autoridad.<\/p>\n<p style=\"text-align: justify;\">En tanto, Indhira de Jes\u00fas, viceministra de Gesti\u00f3n Ambiental del Ministerio de Medio Ambiente y Recursos Naturales en Rep\u00fablica Dominicana destac\u00f3 sobre la <em>\u201coportunidad extraordinaria para conocer las experiencias de cada uno de los pa\u00edses y entidades que asisten a esta actividad. Y nuestro deseo est\u00e1 orientado en encontrar un camino hacia un desarrollo sostenible, y c\u00f3mo lograr mejorar la situaci\u00f3n econ\u00f3mica y social sin depredar nuestro capital natural, garantizando que podamos dejar a nuestras futuras generaciones, pa\u00edses tan hermosos y ricos en biodiversidad. Como podemos visualizar, nos une una labor de hermosa importancia para todas y todos\u201d,<\/em> sostuvo.<\/p>\n<p style=\"text-align: justify;\">Tras la apertura y palabras de bienvenidas de las autoridades, la actividad cont\u00f3 a lo largo de toda la jornada con un Plenario denominado <strong>\u201cDesaf\u00edos Impuestos por el Covid-19 y Aproximaciones Post Pandemia\u201d,<\/strong> cuyo prop\u00f3sito fue relevar los principales desaf\u00edos impuestos por la Pandemia de Covid-19 en las actividades de licenciamiento y fiscalizaci\u00f3n socioambiental, las lecciones aprendidas y proyectar las necesidades futuras.<\/p>\n<p style=\"text-align: justify;\">As\u00ed, se realizaron tres bloques con distintas presentaciones, donde el primero se enfoc\u00f3 en la <strong>Participaci\u00f3n Ciudadana<\/strong> con exposiciones de Juan Mart\u00ednez de la Unidad de Soluciones Ambientales y Sociales del BID, quien abord\u00f3 \u201cLa participaci\u00f3n de las partes interesadas en la gesti\u00f3n socioambiental\u201d; Domiluis Dom\u00ednguez, Director Nacional de Evaluaci\u00f3n Ambiental del Ministerio de Ambiente (MIAMBIENTE) de Panam\u00e1, quien abord\u00f3 la \u201cParticipaci\u00f3n Ciudadana en los Estudios de Impacto Ambiental\u201d; y Emanuel Ibarra, Superintendente(s), Superintendencia del Medio Ambiente (SMA), Chile y Presidente Pro Tempore de Redlafica, quien profundiz\u00f3 sobre la \u201cParticipaci\u00f3n Ciudadana en el Proceso Sancionatorio\u201d.<br \/>\nAl t\u00e9rmino del primer bloque, se desarroll\u00f3 una Mesa de Trabajo, donde se enfatiz\u00f3 sobre las \u201cOportunidades y desaf\u00edos para involucrar a las comunidades afectadas en la fiscalizaci\u00f3n ambiental\u201d, y que fue moderada por Juan Martinez, de la Unidad de Soluciones Ambientales y Sociales del BID.<\/p>\n<p style=\"text-align: justify;\">El segundo bloque estuvo focalizado en presentaciones sobre la <strong>\u201cFiscalizaci\u00f3n Ambiental\u201d<\/strong> con exposiciones de Milagros Pozo Ascu\u00f1a, de la Direcci\u00f3n de Pol\u00edticas y Estrategias de Fiscalizaci\u00f3n del OEFA del Per\u00fa, quien present\u00f3 sobre la \u201cFiscalizaci\u00f3n Ambiental en el Per\u00fa: Desaf\u00edo y Oportunidades luego de la Covid-19\u201d; Yessica Gonz\u00e1lez Soto de la Procuradur\u00eda Federal de Protecci\u00f3n al Ambiente (PROFEPA) de M\u00e9xico, quien se refiri\u00f3 al \u201cIntercambio de Experiencias en Procedimientos de Inspecci\u00f3n\u201d; Roc\u00edo Mendoza, Jefa de Estad\u00edstica de la Direcci\u00f3n de Fiscalizaci\u00f3n del Ministerio del Ambiente y Desarrollo Sostenible del Paraguay, quien abord\u00f3 las \u201cOportunidades despu\u00e9s de la pandemia en la fiscalizaci\u00f3n ambiental\u201d; Juan Pablo Peregalli, Gerente del \u00c1rea de Control y Desempe\u00f1o Ambiental del Ministerio de Ambiente de Uruguay, quien se refiri\u00f3 a \u201cLas Estrategias de Fiscalizaci\u00f3n en el Marco de Pol\u00edticas de Desarrollo Sostenible\u201d; y Miguel Angel Flores Miranda, Director de Verificaci\u00f3n del Desempe\u00f1o Ambiental del Ministerio de Ambiente (MIAMBIENTE) de Panam\u00e1, ejecutivo que present\u00f3 sobre la \u201cSupervisi\u00f3n, Control y Fiscalizaci\u00f3n en Panam\u00e1\u201d.<\/p>\n<p style=\"text-align: justify;\">La Mesa redonda, finalizado este segundo bloque, se centr\u00f3 en las \u201cFuturas prioridades relacionadas con los desaf\u00edos y oportunidades en el licenciamiento y fiscalizaci\u00f3n ambiental y social\u201d, y que cont\u00f3 con la moderaci\u00f3n de Andelka Vrsalovic, Asesora del Gabinete de la SMA y Punto Focal para Redlafica.<\/p>\n<p style=\"text-align: justify;\">El tercer bloque se desarroll\u00f3 en torno a la <strong>\u201cTecnolog\u00eda, Transici\u00f3n y Oportunidades\u201d<\/strong> con exposiciones de Sebasti\u00e1n Campos Machado, Gerente de Cumplimiento Ambiental de la Direcci\u00f3n General de Evaluaci\u00f3n y Cumplimiento Ambiental de El Salvador; Andrea Hern\u00e1ndez, Directora normativa y control Ambiental del Ministerio del Ambiente, Agua y Transici\u00f3n Ecol\u00f3gica de Ecuador, quien junto a Ana Gabriela Manosalvas, Subsecretar\u00eda de Calidad Ambiental presentaron sobre \u201cTransici\u00f3n Ecol\u00f3gica y Calidad Ambiental en el Ecuador: Desaf\u00edos y Oportunidades\u201d; H\u00e9ctor Francisco Espinoza Garc\u00eda, Viceministro de Recursos Naturales y Cambio Clim\u00e1tico de Guatemala, quien se refiri\u00f3 a los \u201cAvances y prioridades futuras en la protecci\u00f3n de los sistemas naturales\u201d; y Hayden Romano, Managing Director de la Environmental Management Authority (EMA) de Trinidad y Tobago, quien present\u00f3 sobre \u201cInter-American Development Bank, through the Environmental and Social Solution Unit and the Latin American Network for Environmental Enforcement and Compliance\u201d.<\/p>\n<p style=\"text-align: justify;\">Cristian P\u00e9rez, Facilitador del Di\u00e1logo y Consultor del BID, estuvo a cargo de la moderaci\u00f3n del IX Di\u00e1logo Regional de Pol\u00edtica sobre Licenciamiento y Fiscalizaci\u00f3n Ambiental y Social en Am\u00e9rica Latina y Caribe; y tambi\u00e9n fue el encargado de cerrar la primera jornada bajo una din\u00e1mica de Discusiones Enfocadas, cuyo prop\u00f3sito fue abordar los principales desaf\u00edos impuestos por la Pandemia de COVID-19 en las actividades de licenciamiento y fiscalizaci\u00f3n socioambiental, las lecciones aprendidas y proyectar las necesidades futuras de las agencias.<\/p>\n\n\t\t<style type=\"text\/css\">\n\t\t\t#gallery-1 {\n\t\t\t\tmargin: auto;\n\t\t\t}\n\t\t\t#gallery-1 .gallery-item {\n\t\t\t\tfloat: left;\n\t\t\t\tmargin-top: 10px;\n\t\t\t\ttext-align: center;\n\t\t\t\twidth: 33%;\n\t\t\t}\n\t\t\t#gallery-1 img {\n\t\t\t\tborder: 2px solid #cfcfcf;\n\t\t\t}\n\t\t\t#gallery-1 .gallery-caption {\n\t\t\t\tmargin-left: 0;\n\t\t\t}\n\t\t\t\/* see gallery_shortcode() in wp-includes\/media.php *\/\n\t\t<\/style>\n\t\t<div id='gallery-1' class='gallery galleryid-25579 gallery-columns-3 gallery-size-fusion-800'><dl class='gallery-item'>\n\t\t\t<dt class='gallery-icon landscape'>\n\t\t\t\t<a data-rel=\"iLightbox[postimages]\" data-title=\"8\" data-caption=\"\" href='https:\/\/portal.sma.gob.cl\/wp-content\/uploads\/2022\/11\/8.jpeg'><img decoding=\"async\" width=\"800\" height=\"600\" src=\"https:\/\/portal.sma.gob.cl\/wp-content\/uploads\/2022\/11\/8-800x600.jpeg\" class=\"attachment-fusion-800 size-fusion-800\" alt=\"\" srcset=\"https:\/\/portal.sma.gob.cl\/wp-content\/uploads\/2022\/11\/8-200x150.jpeg 200w, https:\/\/portal.sma.gob.cl\/wp-content\/uploads\/2022\/11\/8-300x225.jpeg 300w, https:\/\/portal.sma.gob.cl\/wp-content\/uploads\/2022\/11\/8-400x300.jpeg 400w, https:\/\/portal.sma.gob.cl\/wp-content\/uploads\/2022\/11\/8-600x450.jpeg 600w, https:\/\/portal.sma.gob.cl\/wp-content\/uploads\/2022\/11\/8-768x576.jpeg 768w, https:\/\/portal.sma.gob.cl\/wp-content\/uploads\/2022\/11\/8-800x600.jpeg 800w, https:\/\/portal.sma.gob.cl\/wp-content\/uploads\/2022\/11\/8-1024x768.jpeg 1024w, https:\/\/portal.sma.gob.cl\/wp-content\/uploads\/2022\/11\/8-1200x900.jpeg 1200w, https:\/\/portal.sma.gob.cl\/wp-content\/uploads\/2022\/11\/8-1536x1152.jpeg 1536w, https:\/\/portal.sma.gob.cl\/wp-content\/uploads\/2022\/11\/8.jpeg 1600w\" sizes=\"(max-width: 800px) 100vw, 800px\" \/><\/a>\n\t\t\t<\/dt><\/dl><dl class='gallery-item'>\n\t\t\t<dt class='gallery-icon landscape'>\n\t\t\t\t<a data-rel=\"iLightbox[postimages]\" data-title=\"7\" data-caption=\"\" href='https:\/\/portal.sma.gob.cl\/wp-content\/uploads\/2022\/11\/7.jpeg'><img decoding=\"async\" width=\"800\" height=\"600\" src=\"https:\/\/portal.sma.gob.cl\/wp-content\/uploads\/2022\/11\/7-800x600.jpeg\" class=\"attachment-fusion-800 size-fusion-800\" alt=\"\" srcset=\"https:\/\/portal.sma.gob.cl\/wp-content\/uploads\/2022\/11\/7-200x150.jpeg 200w, https:\/\/portal.sma.gob.cl\/wp-content\/uploads\/2022\/11\/7-300x225.jpeg 300w, https:\/\/portal.sma.gob.cl\/wp-content\/uploads\/2022\/11\/7-400x300.jpeg 400w, https:\/\/portal.sma.gob.cl\/wp-content\/uploads\/2022\/11\/7-600x450.jpeg 600w, https:\/\/portal.sma.gob.cl\/wp-content\/uploads\/2022\/11\/7-768x576.jpeg 768w, https:\/\/portal.sma.gob.cl\/wp-content\/uploads\/2022\/11\/7-800x600.jpeg 800w, https:\/\/portal.sma.gob.cl\/wp-content\/uploads\/2022\/11\/7.jpeg 1024w\" sizes=\"(max-width: 800px) 100vw, 800px\" \/><\/a>\n\t\t\t<\/dt><\/dl><dl class='gallery-item'>\n\t\t\t<dt class='gallery-icon landscape'>\n\t\t\t\t<a data-rel=\"iLightbox[postimages]\" data-title=\"6\" data-caption=\"\" href='https:\/\/portal.sma.gob.cl\/wp-content\/uploads\/2022\/11\/6.jpeg'><img decoding=\"async\" width=\"800\" height=\"600\" src=\"https:\/\/portal.sma.gob.cl\/wp-content\/uploads\/2022\/11\/6-800x600.jpeg\" class=\"attachment-fusion-800 size-fusion-800\" alt=\"\" srcset=\"https:\/\/portal.sma.gob.cl\/wp-content\/uploads\/2022\/11\/6-200x150.jpeg 200w, https:\/\/portal.sma.gob.cl\/wp-content\/uploads\/2022\/11\/6-300x225.jpeg 300w, https:\/\/portal.sma.gob.cl\/wp-content\/uploads\/2022\/11\/6-400x300.jpeg 400w, https:\/\/portal.sma.gob.cl\/wp-content\/uploads\/2022\/11\/6-600x450.jpeg 600w, https:\/\/portal.sma.gob.cl\/wp-content\/uploads\/2022\/11\/6-768x576.jpeg 768w, https:\/\/portal.sma.gob.cl\/wp-content\/uploads\/2022\/11\/6-800x600.jpeg 800w, https:\/\/portal.sma.gob.cl\/wp-content\/uploads\/2022\/11\/6.jpeg 1024w\" sizes=\"(max-width: 800px) 100vw, 800px\" \/><\/a>\n\t\t\t<\/dt><\/dl><br style=\"clear: both\" \/><dl class='gallery-item'>\n\t\t\t<dt class='gallery-icon landscape'>\n\t\t\t\t<a data-rel=\"iLightbox[postimages]\" data-title=\"5\" data-caption=\"\" href='https:\/\/portal.sma.gob.cl\/wp-content\/uploads\/2022\/11\/5.jpeg'><img decoding=\"async\" width=\"800\" height=\"540\" src=\"https:\/\/portal.sma.gob.cl\/wp-content\/uploads\/2022\/11\/5-800x540.jpeg\" class=\"attachment-fusion-800 size-fusion-800\" alt=\"\" srcset=\"https:\/\/portal.sma.gob.cl\/wp-content\/uploads\/2022\/11\/5-200x135.jpeg 200w, https:\/\/portal.sma.gob.cl\/wp-content\/uploads\/2022\/11\/5-300x203.jpeg 300w, https:\/\/portal.sma.gob.cl\/wp-content\/uploads\/2022\/11\/5-400x270.jpeg 400w, https:\/\/portal.sma.gob.cl\/wp-content\/uploads\/2022\/11\/5-600x405.jpeg 600w, https:\/\/portal.sma.gob.cl\/wp-content\/uploads\/2022\/11\/5-768x518.jpeg 768w, https:\/\/portal.sma.gob.cl\/wp-content\/uploads\/2022\/11\/5-800x540.jpeg 800w, https:\/\/portal.sma.gob.cl\/wp-content\/uploads\/2022\/11\/5-1024x691.jpeg 1024w, https:\/\/portal.sma.gob.cl\/wp-content\/uploads\/2022\/11\/5-1200x810.jpeg 1200w, https:\/\/portal.sma.gob.cl\/wp-content\/uploads\/2022\/11\/5-1536x1037.jpeg 1536w, https:\/\/portal.sma.gob.cl\/wp-content\/uploads\/2022\/11\/5.jpeg 1600w\" sizes=\"(max-width: 800px) 100vw, 800px\" \/><\/a>\n\t\t\t<\/dt><\/dl><dl class='gallery-item'>\n\t\t\t<dt class='gallery-icon landscape'>\n\t\t\t\t<a data-rel=\"iLightbox[postimages]\" data-title=\"4\" data-caption=\"\" href='https:\/\/portal.sma.gob.cl\/wp-content\/uploads\/2022\/11\/4.jpeg'><img decoding=\"async\" width=\"800\" height=\"540\" src=\"https:\/\/portal.sma.gob.cl\/wp-content\/uploads\/2022\/11\/4-800x540.jpeg\" class=\"attachment-fusion-800 size-fusion-800\" alt=\"\" srcset=\"https:\/\/portal.sma.gob.cl\/wp-content\/uploads\/2022\/11\/4-200x135.jpeg 200w, https:\/\/portal.sma.gob.cl\/wp-content\/uploads\/2022\/11\/4-300x203.jpeg 300w, https:\/\/portal.sma.gob.cl\/wp-content\/uploads\/2022\/11\/4-400x270.jpeg 400w, https:\/\/portal.sma.gob.cl\/wp-content\/uploads\/2022\/11\/4-600x405.jpeg 600w, https:\/\/portal.sma.gob.cl\/wp-content\/uploads\/2022\/11\/4-768x518.jpeg 768w, https:\/\/portal.sma.gob.cl\/wp-content\/uploads\/2022\/11\/4-800x540.jpeg 800w, https:\/\/portal.sma.gob.cl\/wp-content\/uploads\/2022\/11\/4-1024x691.jpeg 1024w, https:\/\/portal.sma.gob.cl\/wp-content\/uploads\/2022\/11\/4-1200x810.jpeg 1200w, https:\/\/portal.sma.gob.cl\/wp-content\/uploads\/2022\/11\/4-1536x1037.jpeg 1536w, https:\/\/portal.sma.gob.cl\/wp-content\/uploads\/2022\/11\/4.jpeg 1600w\" sizes=\"(max-width: 800px) 100vw, 800px\" \/><\/a>\n\t\t\t<\/dt><\/dl><dl class='gallery-item'>\n\t\t\t<dt class='gallery-icon landscape'>\n\t\t\t\t<a data-rel=\"iLightbox[postimages]\" data-title=\"3\" data-caption=\"\" href='https:\/\/portal.sma.gob.cl\/wp-content\/uploads\/2022\/11\/3-1.jpeg'><img decoding=\"async\" width=\"800\" height=\"540\" src=\"https:\/\/portal.sma.gob.cl\/wp-content\/uploads\/2022\/11\/3-1-800x540.jpeg\" class=\"attachment-fusion-800 size-fusion-800\" alt=\"\" srcset=\"https:\/\/portal.sma.gob.cl\/wp-content\/uploads\/2022\/11\/3-1-200x135.jpeg 200w, https:\/\/portal.sma.gob.cl\/wp-content\/uploads\/2022\/11\/3-1-300x203.jpeg 300w, https:\/\/portal.sma.gob.cl\/wp-content\/uploads\/2022\/11\/3-1-400x270.jpeg 400w, https:\/\/portal.sma.gob.cl\/wp-content\/uploads\/2022\/11\/3-1-600x405.jpeg 600w, https:\/\/portal.sma.gob.cl\/wp-content\/uploads\/2022\/11\/3-1-768x518.jpeg 768w, https:\/\/portal.sma.gob.cl\/wp-content\/uploads\/2022\/11\/3-1-800x540.jpeg 800w, https:\/\/portal.sma.gob.cl\/wp-content\/uploads\/2022\/11\/3-1-1024x691.jpeg 1024w, https:\/\/portal.sma.gob.cl\/wp-content\/uploads\/2022\/11\/3-1-1200x810.jpeg 1200w, https:\/\/portal.sma.gob.cl\/wp-content\/uploads\/2022\/11\/3-1-1536x1037.jpeg 1536w, https:\/\/portal.sma.gob.cl\/wp-content\/uploads\/2022\/11\/3-1.jpeg 1600w\" sizes=\"(max-width: 800px) 100vw, 800px\" \/><\/a>\n\t\t\t<\/dt><\/dl><br style=\"clear: both\" \/><dl class='gallery-item'>\n\t\t\t<dt class='gallery-icon landscape'>\n\t\t\t\t<a data-rel=\"iLightbox[postimages]\" data-title=\"1\" data-caption=\"\" href='https:\/\/portal.sma.gob.cl\/wp-content\/uploads\/2022\/11\/1-1.jpeg'><img decoding=\"async\" width=\"800\" height=\"532\" src=\"https:\/\/portal.sma.gob.cl\/wp-content\/uploads\/2022\/11\/1-1-800x532.jpeg\" class=\"attachment-fusion-800 size-fusion-800\" alt=\"\" srcset=\"https:\/\/portal.sma.gob.cl\/wp-content\/uploads\/2022\/11\/1-1-200x133.jpeg 200w, https:\/\/portal.sma.gob.cl\/wp-content\/uploads\/2022\/11\/1-1-300x200.jpeg 300w, https:\/\/portal.sma.gob.cl\/wp-content\/uploads\/2022\/11\/1-1-400x266.jpeg 400w, https:\/\/portal.sma.gob.cl\/wp-content\/uploads\/2022\/11\/1-1-600x399.jpeg 600w, https:\/\/portal.sma.gob.cl\/wp-content\/uploads\/2022\/11\/1-1-768x511.jpeg 768w, https:\/\/portal.sma.gob.cl\/wp-content\/uploads\/2022\/11\/1-1-800x532.jpeg 800w, https:\/\/portal.sma.gob.cl\/wp-content\/uploads\/2022\/11\/1-1-1024x681.jpeg 1024w, https:\/\/portal.sma.gob.cl\/wp-content\/uploads\/2022\/11\/1-1-1200x798.jpeg 1200w, https:\/\/portal.sma.gob.cl\/wp-content\/uploads\/2022\/11\/1-1-1536x1021.jpeg 1536w, https:\/\/portal.sma.gob.cl\/wp-content\/uploads\/2022\/11\/1-1.jpeg 1600w\" sizes=\"(max-width: 800px) 100vw, 800px\" \/><\/a>\n\t\t\t<\/dt><\/dl>\n\t\t\t<br style='clear: both' \/>\n\t\t<\/div>\n\n","protected":false},"excerpt":{"rendered":"<p>Encuentro que se desarrolla en la ciudad de Santo Domingo y que tiene como objeto el intercambio de experiencias y lecciones aprendidas de l\u00edderes de programas de fiscalizaci\u00f3n y licenciamiento en la regi\u00f3n. Actividad se extender\u00e1 hasta el 16 de noviembre. Santo Domingo, Rep\u00fablica Dominicana 14 de noviembre de 2022.\u00a0El Banco Interamericano del Desarrollo (BID), a <a href=\"https:\/\/portal.sma.gob.cl\/index.php\/bid-y-redlafica-inician-el-ix-dialogo-regional-de-politica-sobre-licenciamiento-y-fiscalizacion-ambiental-y-social-en-america-latina-y-caribe\/\">Leer m\u00e1s<\/a><\/p>\n","protected":false},"author":3,"featured_media":25583,"comment_status":"open","ping_status":"open","sticky":false,"template":"","format":"standard","meta":{"footnotes":""},"categories":[107,225,232,94],"tags":[],"class_list":["post-25579","post","type-post","status-publish","format-standard","has-post-thumbnail","hentry","category-destacado","category-macrozona-centro","category-metropolitana","category-notas-noticias"],"_links":{"self":[{"href":"https:\/\/portal.sma.gob.cl\/index.php\/wp-json\/wp\/v2\/posts\/25579","targetHints":{"allow":["GET"]}}],"collection":[{"href":"https:\/\/portal.sma.gob.cl\/index.php\/wp-json\/wp\/v2\/posts"}],"about":[{"href":"https:\/\/portal.sma.gob.cl\/index.php\/wp-json\/wp\/v2\/types\/post"}],"author":[{"embeddable":true,"href":"https:\/\/portal.sma.gob.cl\/index.php\/wp-json\/wp\/v2\/users\/3"}],"replies":[{"embeddable":true,"href":"https:\/\/portal.sma.gob.cl\/index.php\/wp-json\/wp\/v2\/comments?post=25579"}],"version-history":[{"count":2,"href":"https:\/\/portal.sma.gob.cl\/index.php\/wp-json\/wp\/v2\/posts\/25579\/revisions"}],"predecessor-version":[{"id":25829,"href":"https:\/\/portal.sma.gob.cl\/index.php\/wp-json\/wp\/v2\/posts\/25579\/revisions\/25829"}],"wp:featuredmedia":[{"embeddable":true,"href":"https:\/\/portal.sma.gob.cl\/index.php\/wp-json\/wp\/v2\/media\/25583"}],"wp:attachment":[{"href":"https:\/\/portal.sma.gob.cl\/index.php\/wp-json\/wp\/v2\/media?parent=25579"}],"wp:term":[{"taxonomy":"category","embeddable":true,"href":"https:\/\/portal.sma.gob.cl\/index.php\/wp-json\/wp\/v2\/categories?post=25579"},{"taxonomy":"post_tag","embeddable":true,"href":"https:\/\/portal.sma.gob.cl\/index.php\/wp-json\/wp\/v2\/tags?post=25579"}],"curies":[{"name":"wp","href":"https:\/\/api.w.org\/{rel}","templated":true}]}}