{"id":25592,"date":"2022-11-16T14:47:31","date_gmt":"2022-11-16T17:47:31","guid":{"rendered":"https:\/\/portal.sma.gob.cl\/?p=25592"},"modified":"2023-01-10T10:52:32","modified_gmt":"2023-01-10T13:52:32","slug":"chile-y-sma-fueron-elegidos-para-presidencia-pro-tempore-redlafica-periodo-2023","status":"publish","type":"post","link":"https:\/\/portal.sma.gob.cl\/index.php\/chile-y-sma-fueron-elegidos-para-presidencia-pro-tempore-redlafica-periodo-2023\/","title":{"rendered":"Chile y SMA fueron elegidos para Presidencia Pro Tempore Redlafica per\u00edodo 2023"},"content":{"rendered":"<p style=\"text-align: justify;\"><strong>Elecci\u00f3n fue de manera un\u00e1nime por parte de los pa\u00edses de la Red que asistieron IX Di\u00e1logo Regional de Pol\u00edtica sobre Licenciamiento y Fiscalizaci\u00f3n Ambiental y Social en Am\u00e9rica Latina y El Caribe, organizado por el Banco Interamericano de Desarrollo (BID) junto a Redlafica y que se est\u00e1 desarrollando en Rep\u00fablica Dominicana.<\/strong><\/p>\n<p style=\"text-align: justify;\"><strong>Santo Domingo, Rep\u00fablica Dominicana 16 de noviembre de 2022.-<\/strong> Los pa\u00edses miembros de la Red Latinoamericana de Fiscalizaci\u00f3n y Cumplimiento Ambiental (Redlafica) eligieron de forma un\u00e1nime a la Superintendencia del Medio Ambiente (SMA) como Presidencia Pro Tempore para el per\u00edodo 2023 durante la segunda jornada del IX Di\u00e1logo Regional de Pol\u00edtica sobre Licenciamiento y Fiscalizaci\u00f3n Ambiental y Social en Am\u00e9rica Latina y El Caribe, organizado por el Banco Interamericano de Desarrollo (BID) junto a Redlafica y que se est\u00e1 desarrollando en Santo Domingo, Rep\u00fablica Dominicana. Votaci\u00f3n que adem\u00e1s cont\u00f3 con la presencia de representantes del International Network for Environmental Compliance and Enforcement (INECE), de la US Environmental Protection Agency (EPA) y de la Deutsche Gesellschaft f\u00fcr InternationaleZusammenarbeit GmbH (GIZ).<\/p>\n<p style=\"text-align: justify;\">Al respecto, el Superintendente del Medio Ambiente (s), Emanuel Ibarra agradeci\u00f3 la designaci\u00f3n para que la SMA presida por un tercer per\u00edodo Redlafica, destacando que \u201ces muy relevante seguir potenciando el trabajo, actividades e intercambio de experiencias que realiza nuestra red, que tienen por finalidad hacer sinergias entre todos los pa\u00edses miembros con el fin de promover el cumplimiento ambiental en la regi\u00f3n, junto con identificar mejoras en nuestros procesos de fiscalizaci\u00f3n. Asumimos con mucha responsabilidad la Presidencia Pro Tempore de Redlafica y con el compromiso de desplegar con la colaboraci\u00f3n de todas y todos quienes formamos parte de esta Red, la Estrategia 2022-2025 que hoy hemos aprobado en esta sesi\u00f3n anual de nuestra organizaci\u00f3n\u201d, indic\u00f3 la autoridad.<\/p>\n<p style=\"text-align: justify;\">Durante esta segunda jornada del IX Di\u00e1logo Regional de Pol\u00edtica sobre Licenciamiento y Fiscalizaci\u00f3n Ambiental y Social en Am\u00e9rica Latina y El Caribe, el Jefe (s) de la SMA tambi\u00e9n present\u00f3 en conjunto a Andelka Vrsalovic, Asesora de Gabinete y Punto Focal para Redlafica, los ejes de trabajo que desarrolla la red y que buscan contribuir a la mejora de la calidad ambiental de la regi\u00f3n en componentes priorizados; promover una cultura de cumplimiento ambiental a trav\u00e9s de una fiscalizaci\u00f3n eficiente y efectiva; y asegurar la articulaci\u00f3n y sostenibilidad de la Red.<\/p>\n<p style=\"text-align: justify;\">Junto con lo anterior, el Superintendente (s) tambi\u00e9n invit\u00f3 a los representantes de los pa\u00edses miembros de la Organizaci\u00f3n a identificar los temas prioritarios para cada entidad y que se centraron en participaci\u00f3n ciudadana; compliance; consulta previa informada; cierre de actividades focalizadas en residuos e hidrocarburo; identidad de g\u00e9nero en la fiscalizaci\u00f3n; monitoreo remoto; cambio clim\u00e1tico; mecanismos de fiscalizaci\u00f3n; econom\u00eda circular; criterios de determinaci\u00f3n con \u00e9nfasis en da\u00f1o ambiental; tecnolog\u00eda de soporte para la fiscalizaciones.; formaci\u00f3n de fiscalizaci\u00f3n estrat\u00e9gica en miner\u00eda e hidrocarburos; evaluaci\u00f3n de impacto ambiental; manejo de informaci\u00f3n, herramienta y an\u00e1lisis de datos; entre otras propuestas que ser\u00e1n incorporados a las l\u00edneas de acci\u00f3n de la Estrategia 2022-2025.<\/p>\n\n\t\t<style type=\"text\/css\">\n\t\t\t#gallery-1 {\n\t\t\t\tmargin: auto;\n\t\t\t}\n\t\t\t#gallery-1 .gallery-item {\n\t\t\t\tfloat: left;\n\t\t\t\tmargin-top: 10px;\n\t\t\t\ttext-align: center;\n\t\t\t\twidth: 25%;\n\t\t\t}\n\t\t\t#gallery-1 img {\n\t\t\t\tborder: 2px solid #cfcfcf;\n\t\t\t}\n\t\t\t#gallery-1 .gallery-caption {\n\t\t\t\tmargin-left: 0;\n\t\t\t}\n\t\t\t\/* see gallery_shortcode() in wp-includes\/media.php *\/\n\t\t<\/style>\n\t\t<div id='gallery-1' class='gallery galleryid-25592 gallery-columns-4 gallery-size-fusion-800'><dl class='gallery-item'>\n\t\t\t<dt class='gallery-icon landscape'>\n\t\t\t\t<a data-rel=\"iLightbox[postimages]\" data-title=\"4\" data-caption=\"\" href='https:\/\/portal.sma.gob.cl\/wp-content\/uploads\/2022\/11\/4-1.jpeg'><img decoding=\"async\" width=\"800\" height=\"600\" src=\"https:\/\/portal.sma.gob.cl\/wp-content\/uploads\/2022\/11\/4-1-800x600.jpeg\" class=\"attachment-fusion-800 size-fusion-800\" alt=\"\" srcset=\"https:\/\/portal.sma.gob.cl\/wp-content\/uploads\/2022\/11\/4-1-200x150.jpeg 200w, https:\/\/portal.sma.gob.cl\/wp-content\/uploads\/2022\/11\/4-1-300x225.jpeg 300w, https:\/\/portal.sma.gob.cl\/wp-content\/uploads\/2022\/11\/4-1-400x300.jpeg 400w, https:\/\/portal.sma.gob.cl\/wp-content\/uploads\/2022\/11\/4-1-600x450.jpeg 600w, https:\/\/portal.sma.gob.cl\/wp-content\/uploads\/2022\/11\/4-1-768x576.jpeg 768w, https:\/\/portal.sma.gob.cl\/wp-content\/uploads\/2022\/11\/4-1-800x600.jpeg 800w, https:\/\/portal.sma.gob.cl\/wp-content\/uploads\/2022\/11\/4-1-1024x768.jpeg 1024w, https:\/\/portal.sma.gob.cl\/wp-content\/uploads\/2022\/11\/4-1-1200x900.jpeg 1200w, https:\/\/portal.sma.gob.cl\/wp-content\/uploads\/2022\/11\/4-1-1536x1152.jpeg 1536w, https:\/\/portal.sma.gob.cl\/wp-content\/uploads\/2022\/11\/4-1.jpeg 1600w\" sizes=\"(max-width: 800px) 100vw, 800px\" \/><\/a>\n\t\t\t<\/dt><\/dl><dl class='gallery-item'>\n\t\t\t<dt class='gallery-icon landscape'>\n\t\t\t\t<a data-rel=\"iLightbox[postimages]\" data-title=\"3\" data-caption=\"\" href='https:\/\/portal.sma.gob.cl\/wp-content\/uploads\/2022\/11\/3-2.jpeg'><img decoding=\"async\" width=\"800\" height=\"600\" src=\"https:\/\/portal.sma.gob.cl\/wp-content\/uploads\/2022\/11\/3-2-800x600.jpeg\" class=\"attachment-fusion-800 size-fusion-800\" alt=\"\" srcset=\"https:\/\/portal.sma.gob.cl\/wp-content\/uploads\/2022\/11\/3-2-200x150.jpeg 200w, https:\/\/portal.sma.gob.cl\/wp-content\/uploads\/2022\/11\/3-2-300x225.jpeg 300w, https:\/\/portal.sma.gob.cl\/wp-content\/uploads\/2022\/11\/3-2-400x300.jpeg 400w, https:\/\/portal.sma.gob.cl\/wp-content\/uploads\/2022\/11\/3-2-600x450.jpeg 600w, https:\/\/portal.sma.gob.cl\/wp-content\/uploads\/2022\/11\/3-2-768x576.jpeg 768w, https:\/\/portal.sma.gob.cl\/wp-content\/uploads\/2022\/11\/3-2-800x600.jpeg 800w, https:\/\/portal.sma.gob.cl\/wp-content\/uploads\/2022\/11\/3-2-1024x768.jpeg 1024w, https:\/\/portal.sma.gob.cl\/wp-content\/uploads\/2022\/11\/3-2-1200x900.jpeg 1200w, https:\/\/portal.sma.gob.cl\/wp-content\/uploads\/2022\/11\/3-2-1536x1152.jpeg 1536w, https:\/\/portal.sma.gob.cl\/wp-content\/uploads\/2022\/11\/3-2.jpeg 1600w\" sizes=\"(max-width: 800px) 100vw, 800px\" \/><\/a>\n\t\t\t<\/dt><\/dl><dl class='gallery-item'>\n\t\t\t<dt class='gallery-icon landscape'>\n\t\t\t\t<a data-rel=\"iLightbox[postimages]\" data-title=\"2\" data-caption=\"\" href='https:\/\/portal.sma.gob.cl\/wp-content\/uploads\/2022\/11\/2-1.jpeg'><img decoding=\"async\" width=\"800\" height=\"600\" src=\"https:\/\/portal.sma.gob.cl\/wp-content\/uploads\/2022\/11\/2-1-800x600.jpeg\" class=\"attachment-fusion-800 size-fusion-800\" alt=\"\" srcset=\"https:\/\/portal.sma.gob.cl\/wp-content\/uploads\/2022\/11\/2-1-200x150.jpeg 200w, https:\/\/portal.sma.gob.cl\/wp-content\/uploads\/2022\/11\/2-1-300x225.jpeg 300w, https:\/\/portal.sma.gob.cl\/wp-content\/uploads\/2022\/11\/2-1-400x300.jpeg 400w, https:\/\/portal.sma.gob.cl\/wp-content\/uploads\/2022\/11\/2-1-600x450.jpeg 600w, https:\/\/portal.sma.gob.cl\/wp-content\/uploads\/2022\/11\/2-1-768x576.jpeg 768w, https:\/\/portal.sma.gob.cl\/wp-content\/uploads\/2022\/11\/2-1-800x600.jpeg 800w, https:\/\/portal.sma.gob.cl\/wp-content\/uploads\/2022\/11\/2-1-1024x768.jpeg 1024w, https:\/\/portal.sma.gob.cl\/wp-content\/uploads\/2022\/11\/2-1.jpeg 1200w\" sizes=\"(max-width: 800px) 100vw, 800px\" \/><\/a>\n\t\t\t<\/dt><\/dl><dl class='gallery-item'>\n\t\t\t<dt class='gallery-icon landscape'>\n\t\t\t\t<a data-rel=\"iLightbox[postimages]\" data-title=\"1\" data-caption=\"\" href='https:\/\/portal.sma.gob.cl\/wp-content\/uploads\/2022\/11\/1-2.jpeg'><img decoding=\"async\" width=\"800\" height=\"600\" src=\"https:\/\/portal.sma.gob.cl\/wp-content\/uploads\/2022\/11\/1-2-800x600.jpeg\" class=\"attachment-fusion-800 size-fusion-800\" alt=\"\" srcset=\"https:\/\/portal.sma.gob.cl\/wp-content\/uploads\/2022\/11\/1-2-200x150.jpeg 200w, https:\/\/portal.sma.gob.cl\/wp-content\/uploads\/2022\/11\/1-2-300x225.jpeg 300w, https:\/\/portal.sma.gob.cl\/wp-content\/uploads\/2022\/11\/1-2-400x300.jpeg 400w, https:\/\/portal.sma.gob.cl\/wp-content\/uploads\/2022\/11\/1-2-600x450.jpeg 600w, https:\/\/portal.sma.gob.cl\/wp-content\/uploads\/2022\/11\/1-2-768x576.jpeg 768w, https:\/\/portal.sma.gob.cl\/wp-content\/uploads\/2022\/11\/1-2-800x600.jpeg 800w, https:\/\/portal.sma.gob.cl\/wp-content\/uploads\/2022\/11\/1-2.jpeg 1024w\" sizes=\"(max-width: 800px) 100vw, 800px\" \/><\/a>\n\t\t\t<\/dt><\/dl><br style=\"clear: both\" \/>\n\t\t<\/div>\n\n","protected":false},"excerpt":{"rendered":"<p>Elecci\u00f3n fue de manera un\u00e1nime por parte de los pa\u00edses de la Red que asistieron IX Di\u00e1logo Regional de Pol\u00edtica sobre Licenciamiento y Fiscalizaci\u00f3n Ambiental y Social en Am\u00e9rica Latina y El Caribe, organizado por el Banco Interamericano de Desarrollo (BID) junto a Redlafica y que se est\u00e1 desarrollando en Rep\u00fablica Dominicana. Santo Domingo, Rep\u00fablica Dominicana <a href=\"https:\/\/portal.sma.gob.cl\/index.php\/chile-y-sma-fueron-elegidos-para-presidencia-pro-tempore-redlafica-periodo-2023\/\">Leer m\u00e1s<\/a><\/p>\n","protected":false},"author":3,"featured_media":25583,"comment_status":"open","ping_status":"open","sticky":false,"template":"","format":"standard","meta":{"footnotes":""},"categories":[90,107,225,232],"tags":[],"class_list":["post-25592","post","type-post","status-publish","format-standard","has-post-thumbnail","hentry","category-comunicados-noticias","category-destacado","category-macrozona-centro","category-metropolitana"],"_links":{"self":[{"href":"https:\/\/portal.sma.gob.cl\/index.php\/wp-json\/wp\/v2\/posts\/25592","targetHints":{"allow":["GET"]}}],"collection":[{"href":"https:\/\/portal.sma.gob.cl\/index.php\/wp-json\/wp\/v2\/posts"}],"about":[{"href":"https:\/\/portal.sma.gob.cl\/index.php\/wp-json\/wp\/v2\/types\/post"}],"author":[{"embeddable":true,"href":"https:\/\/portal.sma.gob.cl\/index.php\/wp-json\/wp\/v2\/users\/3"}],"replies":[{"embeddable":true,"href":"https:\/\/portal.sma.gob.cl\/index.php\/wp-json\/wp\/v2\/comments?post=25592"}],"version-history":[{"count":1,"href":"https:\/\/portal.sma.gob.cl\/index.php\/wp-json\/wp\/v2\/posts\/25592\/revisions"}],"predecessor-version":[{"id":25597,"href":"https:\/\/portal.sma.gob.cl\/index.php\/wp-json\/wp\/v2\/posts\/25592\/revisions\/25597"}],"wp:featuredmedia":[{"embeddable":true,"href":"https:\/\/portal.sma.gob.cl\/index.php\/wp-json\/wp\/v2\/media\/25583"}],"wp:attachment":[{"href":"https:\/\/portal.sma.gob.cl\/index.php\/wp-json\/wp\/v2\/media?parent=25592"}],"wp:term":[{"taxonomy":"category","embeddable":true,"href":"https:\/\/portal.sma.gob.cl\/index.php\/wp-json\/wp\/v2\/categories?post=25592"},{"taxonomy":"post_tag","embeddable":true,"href":"https:\/\/portal.sma.gob.cl\/index.php\/wp-json\/wp\/v2\/tags?post=25592"}],"curies":[{"name":"wp","href":"https:\/\/api.w.org\/{rel}","templated":true}]}}