{"id":25605,"date":"2022-11-22T11:25:11","date_gmt":"2022-11-22T14:25:11","guid":{"rendered":"https:\/\/portal.sma.gob.cl\/?p=25605"},"modified":"2022-11-22T11:25:11","modified_gmt":"2022-11-22T14:25:11","slug":"sma-ordena-ocho-medidas-provisionales-pre-procedimentales-a-la-ilustre-municipalidad-de-osorno","status":"publish","type":"post","link":"https:\/\/portal.sma.gob.cl\/index.php\/sma-ordena-ocho-medidas-provisionales-pre-procedimentales-a-la-ilustre-municipalidad-de-osorno\/","title":{"rendered":"SMA ordena ocho medidas provisionales pre procedimentales a la Ilustre Municipalidad de Osorno"},"content":{"rendered":"<p><strong>\u00c9stas se fundamentan por el incendio que afect\u00f3 al Vertedero con fecha 09 de noviembre de 2022, situaci\u00f3n que generar\u00eda un riesgo inminente al medio ambiente y a la salud de las personas.<\/strong><\/p>\n<p><strong>Osorno, 22 de noviembre de 2022.-<\/strong> La Superintendencia del Medio Ambiente (SMA) orden\u00f3 ocho medidas provisionales pre procedimentales &#8211; por un plazo de 15 d\u00edas h\u00e1biles-, a la <strong>Ilustre Municipalidad de Osorno<\/strong>, respecto del <strong>\u201cVertedero Osorno\u201d<\/strong>, ubicado en el sector rural de Curaco, comuna de Osorno, Regi\u00f3n de Los Lagos, compuesto por el proyecto denominado \u201cEstudio y Dise\u00f1o Plan de Cierre de Vertedero Comuna de Osorno\u201d, calificado ambientalmente favorable mediante Resoluci\u00f3n Exenta N\u00b0438, de fecha 20 de agosto de 2010, de la COREMA Regi\u00f3n de Los Lagos.<\/p>\n<p>Cabe destacar que el proyecto recepciona actualmente los residuos s\u00f3lidos domiciliarios generados en la provincia de Osorno, prestando servicio principalmente a la poblaci\u00f3n de las comunas de Purranque, San Juan de la Costa, Puyehue, San Pablo, Puerto Octay, R\u00edo Negro y Osorno. Asimismo, para su funcionamiento cuenta con Autorizaci\u00f3n Sanitaria N\u00ba442, del 12 de noviembre de 1987, a\u00f1o en que inici\u00f3 su operaci\u00f3n el vertedero.<\/p>\n<p>Con motivo del incendio ocurrido al interior del Vertedero, se realiz\u00f3 una actividad de inspecci\u00f3n ambiental el 09 de noviembre de 2022, por parte de la Oficina Regional de Los Lagos de la SMA, en conjunto con funcionarios de la SEREMI de Salud, oportunidad en que la Encargada del Departamento de Medio Ambiente de la Municipalidad de Osorno, se\u00f1al\u00f3 entre otros aspectos, que el incendio comenz\u00f3 a las 07:40 horas del d\u00eda 09 de noviembre de 2022, afectando el frente de trabajo operativo del vertedero.<\/p>\n<p>Seg\u00fan explic\u00f3 el Superintendente (s) del Medio Ambiente, Emanuel Ibarra, la inspecci\u00f3n ambiental constat\u00f3 que, \u201cdebido a la inexistencia de cobertura de los residuos, se genera un incremento de manera exponencial del riesgo de incendios, dado que gran parte de estos residuos quedan expuestos a las condiciones ambientales, contribuyendo a la r\u00e1pida propagaci\u00f3n del fuego durante la generaci\u00f3n de este tipo de contingencias\u201d, indic\u00f3 la autoridad.<\/p>\n<p>Por otro lado, -continu\u00f3 Ibarra -, \u201cdebido al posible ingreso de personal no autorizado al Vertedero, se aumenta el riego de potenciales incendios intencionales en el frente de trabajo operativo. Adem\u00e1s, la falta de un plan de contingencia actualizado que considere estas nuevas condiciones genera riesgos en casos de las distintas emergencias que pueden suscitarse en el manejo del Vertedero, como es el caso de un incendio, el cual conlleva un riesgo a la salud de la poblaci\u00f3n expuesta a las emisiones de sustancias como las dioxinas, teniendo en consideraci\u00f3n la presencia de viviendas a 605 mts y poblaci\u00f3n a 1,9 kil\u00f3metros\u201d, dijo<\/p>\n<p>Se trata de ocho medidas donde la Municipalidad de Osorno, en un plazo de 15 d\u00edas h\u00e1biles, deber\u00e1 implementar las distintas acciones con plazos acotados para cumplir con la instruido por la SMA. Dichas medidas consisten en las siguientes:<\/p>\n<p>1) Presentar un cronograma de las acciones que ejecutar\u00e1 para el control de los amagos de incendio y dar continuidad a la operaci\u00f3n de disposici\u00f3n de residuos, en un plazo de 5 d\u00edas h\u00e1biles.<\/p>\n<p>2) Realizar el traslado del frente de trabajo a un sector alejado de los actuales focos de ignici\u00f3n, a objeto de que se pueda trabajar en el control de dichos focos e impedir que la disposici\u00f3n de residuos nuevos constituya carga combustible adicional para el incendio. Como medio de verificaci\u00f3n se deber\u00e1n presentar fotograf\u00edas fechadas y georreferenciadas. El plazo de ejecuci\u00f3n de esta medida es inmediato y las fotograf\u00edas fechadas y georreferenciadas deber\u00e1n ser presentadas dentro del plazo de 5 d\u00edas h\u00e1biles desde la notificaci\u00f3n de la resoluci\u00f3n.<\/p>\n<p>3) Presentar informe respecto a la manera en que se efectuar\u00e1 una correcta disposici\u00f3n de los residuos domiciliarios de la Provincia de Osorno, en un plazo de 5 d\u00edas h\u00e1biles de notificada la resoluci\u00f3n.<\/p>\n<p>4) Habilitar un cortafuego perimetral, consistente en el escarpe de una franja de terreno de un ancho de 5m, de acuerdo con lo se\u00f1alado en la RCA N\u00b0438 de 2010, considerando 3.3.6 Cortafuegos, que asegure que, ante la eventualidad de ocurrencias futuras de incendios, estos sean controlados al interior del predio. Como medio de verificaci\u00f3n se deber\u00e1n presentar fotograf\u00edas fechadas y georreferenciadas que muestren las acciones y el estado final de los sectores controlados. Plazo de ejecuci\u00f3n: 10 d\u00edas h\u00e1biles.<\/p>\n<p>5) Presentar cronograma de las actividades que se realizar\u00e1n en el Vertedero para perfilar y cubrir la totalidad de la masa de residuos afectada por el incendio, en un plazo de 5 d\u00edas h\u00e1biles contados desde la notificaci\u00f3n de la resoluci\u00f3n.<\/p>\n<p>6) Presentar Plan de Contingencia Ambiental actualizado, el cual debe contener entre otros aspectos, emergencias por incendio, seg\u00fan con lo se\u00f1alado en la RCA N\u00b0438\/2010. El Plan deber\u00e1 ser subido en la Plataforma de la SMA, de acuerdo con lo se\u00f1alado en la Resoluci\u00f3n Exenta SMA N\u00b01877, del 19\/12\/2019, que instruye a los titulares de RCA de estaciones de transferencia y rellenos sanitarios, cargar sus Planes de Contingencia, y en la Resoluci\u00f3n Exenta SMA N\u00b01610, del 20\/12\/2018, que instruye a todos los titulares de RCA, cargar dichos Planes. Plazo de ejecuci\u00f3n: 10 d\u00edas h\u00e1biles contados desde la notificaci\u00f3n de la resoluci\u00f3n.<\/p>\n<p>7) Presentar informe respecto del origen o causa del incendio del Vertedero de Osorno que comenz\u00f3 el d\u00eda 9 de noviembre de 2022, en un plazo de 10 d\u00edas h\u00e1biles.<\/p>\n<p>8) Realizar un monitoreo y an\u00e1lisis de la calidad del agua superficial del Estero sin nombre que se encuentra en el sector este del Vertedero, que deber\u00e1 considerar un muestreo aguas arriba y aguas abajo del vertedero. Los par\u00e1metros para considerar corresponden a los establecidos en la RCA\u00a0 438\/2010, \u201cSistemas de Monitoreo y Control\u201d, seg\u00fan art\u00edculo 47 del Decreto Supremo 189\/2008, del Ministerio de Salud.<\/p>\n<p>Los muestreos y an\u00e1lisis deber\u00e1n ejecutarse por medio de una Entidad T\u00e9cnica de Fiscalizaci\u00f3n Ambiental (ETFA) autorizada por esta Superintendencia en el alcance correspondiente, seg\u00fan lo dispuesto en el art\u00edculo 21 del reglamento contenido el decreto Supremo N\u00b038, de 2013, del Ministerio del Medio Ambiente. El plazo de ejecuci\u00f3n para esta \u00faltima medida es de 15 d\u00edas h\u00e1biles contados desde la notificaci\u00f3n de la resoluci\u00f3n. Los resultados de los an\u00e1lisis deber\u00e1n ser entregados una vez sean recibidos por el titular.<\/p>\n<p>M\u00e1s informaci\u00f3n en el Sistema Nacional de Fiscalizaci\u00f3n Ambiental (SNIFA): <a href=\"https:\/\/snifa.sma.gob.cl\/MedidaProvisional\/Ficha\/391\">https:\/\/snifa.sma.gob.cl\/MedidaProvisional\/Ficha\/391<\/a><\/p>\n","protected":false},"excerpt":{"rendered":"<p>\u00c9stas se fundamentan por el incendio que afect\u00f3 al Vertedero con fecha 09 de noviembre de 2022, situaci\u00f3n que generar\u00eda un riesgo inminente al medio ambiente y a la salud de las personas. Osorno, 22 de noviembre de 2022.- La Superintendencia del Medio Ambiente (SMA) orden\u00f3 ocho medidas provisionales pre procedimentales &#8211; por un plazo de <a href=\"https:\/\/portal.sma.gob.cl\/index.php\/sma-ordena-ocho-medidas-provisionales-pre-procedimentales-a-la-ilustre-municipalidad-de-osorno\/\">Leer m\u00e1s<\/a><\/p>\n","protected":false},"author":8,"featured_media":25607,"comment_status":"open","ping_status":"open","sticky":false,"template":"","format":"standard","meta":{"footnotes":""},"categories":[90,107,239,226],"tags":[],"class_list":["post-25605","post","type-post","status-publish","format-standard","has-post-thumbnail","hentry","category-comunicados-noticias","category-destacado","category-los-lagos","category-macrozona-sur"],"_links":{"self":[{"href":"https:\/\/portal.sma.gob.cl\/index.php\/wp-json\/wp\/v2\/posts\/25605","targetHints":{"allow":["GET"]}}],"collection":[{"href":"https:\/\/portal.sma.gob.cl\/index.php\/wp-json\/wp\/v2\/posts"}],"about":[{"href":"https:\/\/portal.sma.gob.cl\/index.php\/wp-json\/wp\/v2\/types\/post"}],"author":[{"embeddable":true,"href":"https:\/\/portal.sma.gob.cl\/index.php\/wp-json\/wp\/v2\/users\/8"}],"replies":[{"embeddable":true,"href":"https:\/\/portal.sma.gob.cl\/index.php\/wp-json\/wp\/v2\/comments?post=25605"}],"version-history":[{"count":1,"href":"https:\/\/portal.sma.gob.cl\/index.php\/wp-json\/wp\/v2\/posts\/25605\/revisions"}],"predecessor-version":[{"id":25606,"href":"https:\/\/portal.sma.gob.cl\/index.php\/wp-json\/wp\/v2\/posts\/25605\/revisions\/25606"}],"wp:featuredmedia":[{"embeddable":true,"href":"https:\/\/portal.sma.gob.cl\/index.php\/wp-json\/wp\/v2\/media\/25607"}],"wp:attachment":[{"href":"https:\/\/portal.sma.gob.cl\/index.php\/wp-json\/wp\/v2\/media?parent=25605"}],"wp:term":[{"taxonomy":"category","embeddable":true,"href":"https:\/\/portal.sma.gob.cl\/index.php\/wp-json\/wp\/v2\/categories?post=25605"},{"taxonomy":"post_tag","embeddable":true,"href":"https:\/\/portal.sma.gob.cl\/index.php\/wp-json\/wp\/v2\/tags?post=25605"}],"curies":[{"name":"wp","href":"https:\/\/api.w.org\/{rel}","templated":true}]}}