{"id":25619,"date":"2022-11-22T15:31:37","date_gmt":"2022-11-22T18:31:37","guid":{"rendered":"https:\/\/portal.sma.gob.cl\/?p=25619"},"modified":"2022-11-22T15:42:29","modified_gmt":"2022-11-22T18:42:29","slug":"se-crea-comite-de-derechos-humanos-de-la-sma","status":"publish","type":"post","link":"https:\/\/portal.sma.gob.cl\/index.php\/se-crea-comite-de-derechos-humanos-de-la-sma\/","title":{"rendered":"Se crea Comit\u00e9 de Derechos Humanos de la SMA"},"content":{"rendered":"<p><strong>La instancia, compuesta por 6 personas, busca fortalecer el trabajo realizado en la materia y tener capacidad como servicio para asumir mayor responsabilidad en la protecci\u00f3n y promoci\u00f3n de los derechos humanos, a la par de la implementaci\u00f3n del Acuerdo de Escaz\u00fa y el Plan de Acci\u00f3n Nacional de Derechos Humanos.<\/strong><!--more--><\/p>\n<p><strong>Santiago, 21 de noviembre de 2022.<\/strong> La Superintendencia del Medio Ambiente (SMA) public\u00f3 la Resoluci\u00f3n Exenta N\u00b0 2012\/2022 la cual \u201cCrea y designa a los miembros del Comit\u00e9 de Derechos Humanos\u201d de la instituci\u00f3n.<\/p>\n<p>La instancia, que ser\u00e1 compuesta por 6 integrantes, reconoce los avances institucionales en materia de derechos humanos, espec\u00edficamente en asuntos de transparencia, participaci\u00f3n ciudadana, g\u00e9nero, anticorrupci\u00f3n y empresas y derechos humanos.<\/p>\n<p>\u201cHasta el momento, los avances en esta materia se han realizado de manera disgregada, por lo que se identific\u00f3 la necesidad de lograr que el enfoque de derechos humanos sea un asunto transversal en la instituci\u00f3n\u201d, explica Maximiliano Ram\u00edrez Moyano, profesional del \u00e1rea de Fiscal\u00eda y miembro de dicho comit\u00e9. Asimismo, a\u00f1ade que el funcionariado que trabaja en estos asuntos ha sostenido reuniones con representantes de PNUD, CEPAL, la SUBREI y el Punto Nacional de Contacto (en relaci\u00f3n a la implementaci\u00f3n de las L\u00edneas Directrices de la OCDE), con los puntos focales del MMA y SEA, con acad\u00e9micas como la profesora Judith Sch\u00f6nsteiner.<\/p>\n<p>El encargado de la Secci\u00f3n Desarrollo de las Personas de la SMA, Mariano Mu\u00f1oz, explica que \u201cel objetivo del Comit\u00e9 es fortalecer el trabajo realizado en la materia y tener la capacidad como servicio para asumir un rol activo en la protecci\u00f3n y promoci\u00f3n los derechos humanos en todos los \u00e1mbitos de acci\u00f3n institucional. El Comit\u00e9 de Derechos Humanos de nuestro servicio est\u00e1 compuesto por personas del funcionariado designadas por las respectivas jefaturas, que realizan labores clave para el desarrollo y ejecuci\u00f3n de acciones relacionadas con los Derechos Humanos. Dicho comit\u00e9 deber\u00e1 ser coordinado por las personas designadas como Puntos Focales para el Plan de Acci\u00f3n Nacional de Derechos Humanos y el Plan de Acci\u00f3n Nacional de Derechos Humanos y Empresas\u201d.<\/p>\n<p>Por otra parte, la encargada de la Oficina de Transparencia y Atenci\u00f3n Ciudadana, Mirella Mar\u00edn, encargada de la implementaci\u00f3n del Acuerdo de Escaz\u00fa en la SMA, explica que se fij\u00f3 un plazo de 6 meses para que dicho comit\u00e9 \u201cestablezca el Reglamento de Funcionamiento, considerando, como m\u00ednimo, sus objetivos y responsabilidades, principios rectores y su organizaci\u00f3n interna\u201d.<\/p>\n<p><strong>El Comit\u00e9 de Derechos Humanos de la SMA est\u00e1 compuesto por las y los siguientes funcionarios:<\/strong><\/p>\n<ul>\n<li>Felipe Bacciarini Gonz\u00e1lez, funcionario del Departamento Jur\u00eddico<\/li>\n<li>Susana Far\u00edas Villanueva, funcionaria del Departamento de Administraci\u00f3n y Finanzas<\/li>\n<li>Mirella Mar\u00edn Mar\u00edn, Encargada de la Oficina de Transparencia y Participaci\u00f3n Ciudadana.<\/li>\n<li>Ang\u00e9lica Medina Rodr\u00edguez, funcionaria de la Divisi\u00f3n de Fiscalizaci\u00f3n y Conformidad Ambiental<\/li>\n<li>Mariano Mu\u00f1oz Cabrera, Jefe de la secci\u00f3n de Gesti\u00f3n y Desarrollo de las Personas, Dpto. De Administraci\u00f3n y Finanzas.<\/li>\n<li>Maximiliano Ram\u00edrez Moyano, funcionario del Departamento Jur\u00eddico<\/li>\n<\/ul>\n","protected":false},"excerpt":{"rendered":"<p>La instancia, compuesta por 6 personas, busca fortalecer el trabajo realizado en la materia y tener capacidad como servicio para asumir mayor responsabilidad en la protecci\u00f3n y promoci\u00f3n de los derechos humanos, a la par de la implementaci\u00f3n del Acuerdo de Escaz\u00fa y el Plan de Acci\u00f3n Nacional de Derechos Humanos.<\/p>\n","protected":false},"author":9,"featured_media":25621,"comment_status":"open","ping_status":"open","sticky":false,"template":"","format":"standard","meta":{"footnotes":""},"categories":[90,107,225,232],"tags":[],"class_list":["post-25619","post","type-post","status-publish","format-standard","has-post-thumbnail","hentry","category-comunicados-noticias","category-destacado","category-macrozona-centro","category-metropolitana"],"_links":{"self":[{"href":"https:\/\/portal.sma.gob.cl\/index.php\/wp-json\/wp\/v2\/posts\/25619","targetHints":{"allow":["GET"]}}],"collection":[{"href":"https:\/\/portal.sma.gob.cl\/index.php\/wp-json\/wp\/v2\/posts"}],"about":[{"href":"https:\/\/portal.sma.gob.cl\/index.php\/wp-json\/wp\/v2\/types\/post"}],"author":[{"embeddable":true,"href":"https:\/\/portal.sma.gob.cl\/index.php\/wp-json\/wp\/v2\/users\/9"}],"replies":[{"embeddable":true,"href":"https:\/\/portal.sma.gob.cl\/index.php\/wp-json\/wp\/v2\/comments?post=25619"}],"version-history":[{"count":1,"href":"https:\/\/portal.sma.gob.cl\/index.php\/wp-json\/wp\/v2\/posts\/25619\/revisions"}],"predecessor-version":[{"id":25620,"href":"https:\/\/portal.sma.gob.cl\/index.php\/wp-json\/wp\/v2\/posts\/25619\/revisions\/25620"}],"wp:featuredmedia":[{"embeddable":true,"href":"https:\/\/portal.sma.gob.cl\/index.php\/wp-json\/wp\/v2\/media\/25621"}],"wp:attachment":[{"href":"https:\/\/portal.sma.gob.cl\/index.php\/wp-json\/wp\/v2\/media?parent=25619"}],"wp:term":[{"taxonomy":"category","embeddable":true,"href":"https:\/\/portal.sma.gob.cl\/index.php\/wp-json\/wp\/v2\/categories?post=25619"},{"taxonomy":"post_tag","embeddable":true,"href":"https:\/\/portal.sma.gob.cl\/index.php\/wp-json\/wp\/v2\/tags?post=25619"}],"curies":[{"name":"wp","href":"https:\/\/api.w.org\/{rel}","templated":true}]}}