{"id":25632,"date":"2022-12-01T10:21:31","date_gmt":"2022-12-01T13:21:31","guid":{"rendered":"https:\/\/portal.sma.gob.cl\/?p=25632"},"modified":"2022-12-01T12:27:18","modified_gmt":"2022-12-01T15:27:18","slug":"cras-de-quintero-y-puchuncavi-aprueban-red-de-sensores-que-mediran-compuestos-organicos-volatiles-en-el-perimetro-del-polo-industrial-de-la-zona","status":"publish","type":"post","link":"https:\/\/portal.sma.gob.cl\/index.php\/cras-de-quintero-y-puchuncavi-aprueban-red-de-sensores-que-mediran-compuestos-organicos-volatiles-en-el-perimetro-del-polo-industrial-de-la-zona\/","title":{"rendered":"CRAS de Quintero y Puchuncav\u00ed aprueban Red de Sensores que medir\u00e1n Compuestos Org\u00e1nicos Vol\u00e1tiles en el per\u00edmetro del polo industrial de la zona"},"content":{"rendered":"<p><strong>Iniciativa p\u00fablico-privada tiene por objetivo construir un esquema de alertas tempranas y perfeccionar su desempe\u00f1o progresivamente hasta establecer un sistema optimizado capaz de mejorar la gesti\u00f3n de la calidad del aire en el polo industrial de Quintero-Puchuncav\u00ed, con enfoque hacia una gesti\u00f3n preventiva, y as\u00ed, detectar tempranamente episodios que pongan en riesgo la salud de las comunidades que habitan esta zona del pa\u00eds.<\/strong><\/p>\n<p><strong>Valpara\u00edso, 1 de diciembre de 2022.<\/strong>\u00a0El Consejo para la Recuperaci\u00f3n Ambiental y Social (CRAS) de Quintero y de Puchuncav\u00ed aprobaron el jueves 24 de noviembre la iniciativa p\u00fablico-privada denominada <strong>\u201cRed de Alerta Temprana Polo Industrial Quintero \u2013 Puchuncav\u00ed\u201d<\/strong>, que tiene por objetivo construir un esquema de alertas tempranas y perfeccionar su desempe\u00f1o progresivamente hasta establecer un sistema optimizado capaz de mejorar la gesti\u00f3n de la calidad del aire en el polo industrial de Quintero-Puchuncav\u00ed, con enfoque hacia una gesti\u00f3n preventiva, y as\u00ed detectar tempranamente episodios que pongan en riesgo la salud de las comunidades que habitan esta zona del pa\u00eds.<\/p>\n<p>Al respecto, el Superintendente del Medio Ambiente (s), Emanuel Ibarra relev\u00f3 que \u201ceste proyecto fue construido en forma conjunta con la comunidad y representantes de las empresas que operan en la bah\u00eda de Quintero y Puchuncav\u00ed, lo que marca un antes y un despu\u00e9s de como la SMA se vincula con el territorio, haci\u00e9ndonos parte tambi\u00e9n de los desaf\u00edos que promueve el Convenio de Escaz\u00fa con respecto al derecho de acceso a la informaci\u00f3n ambiental. As\u00ed, los antecedentes que levante esta Red de Sensores nos permitir\u00e1n establecer planes de alerta temprana, los cuales, deber\u00e1n estar en sinton\u00eda con los Planes Operacionales de las empresas, en el marco del Plan de Descontaminaci\u00f3n Atmosf\u00e9rica vigente. Me gustar\u00eda destacar que este acuerdo es un hito donde las empresas y comunidad, intermediados por la autoridad, logran un acuerdo para hacer un monitoreo de compuestos tan sensibles en la zona\u201d, indic\u00f3.<\/p>\n<p>El jefe (s) del Servicio tambi\u00e9n destac\u00f3 que \u201ctodas estas iniciativas tecnol\u00f3gicas lo que buscan es ir mejorando la capacidad predictiva y evitar nuevos episodios de contaminaci\u00f3n que afecten a la poblaci\u00f3n, especialmente a ni\u00f1os y ni\u00f1as de esta zona. Y, adem\u00e1s, nos permite como Instituci\u00f3n, involucrar a las comunidades en nuestros procesos de fiscalizaci\u00f3n, junto con facilitarles la informaci\u00f3n respecto del cumplimiento ambiental de los distintos proyectos que operan en esta bah\u00eda\u201d, enfatiz\u00f3 la autoridad.<\/p>\n<p>Dentro de los objetivos espec\u00edficos del plan, figura: i) dise\u00f1ar una red e instalar sistema de sensores remotos de Di\u00f3xido de Azufre (SO2) y de Benceno, Tolueno, Etilbenceno y Xileno (BTEXs) en el per\u00edmetro del polo industrial y sectores aleda\u00f1os, con un enfoque preventivo; ii) mejorar iterativamente el funcionamiento de la red de alerta de acuerdo con la nueva evidencia experimental generada por \u00e9sta y mediante etapas de retroalimentaci\u00f3n; iii) establecer un mecanismo de alerta temprana en las distintas operaciones que se realizan en el polo industrial, considerando para ello informaci\u00f3n de calidad de aire y meteorolog\u00eda disponible; iv) establecer una gobernanza para la gesti\u00f3n de informaci\u00f3n de la red de sensores de la zona propuesta, que integre la informaci\u00f3n generada con otros sistemas o redes de calidad del aire existentes; y v) establecer una gobernanza de aseguramiento metrol\u00f3gico para la red.<\/p>\n<p>Durante la reuni\u00f3n con los CRAS de la zona, el Jefe de la Divisi\u00f3n de Fiscalizaci\u00f3n y Conformidad Ambiental (DFZ), Rub\u00e9n Verdugo present\u00f3 el proyecto a la comunidad destacando que \u201cesta iniciativa cuenta con una metodolog\u00eda de trabajo donde primero se configura una etapa de dise\u00f1o de la red y su instalaci\u00f3n, y tambi\u00e9n se ha establecido, a trav\u00e9s de la Mesa T\u00e9cnica, que la red tendr\u00e1 6 sensores en el polo industrial y 4 sensores en territorios de entorno, lo que incluye las localidades de Loncura, Valle Alegre, Quintero y Mantagua. Sumado a lo anterior, la operaci\u00f3n de la red tendr\u00e1 en consideraci\u00f3n el control de puntos virtuales de alerta, tanto en el interior como en el exterior del polo industrial\u201d, explic\u00f3.<\/p>\n<p>En cuanto a la estructura de red, este esquema tendr\u00e1 una configuraci\u00f3n de adquisici\u00f3n de datos, procesamiento de datos y entrega de resultados. Las visualizaciones del sistema deber\u00e1n tener en consideraci\u00f3n el historial de plumas, de meteorolog\u00eda y modelaci\u00f3n diagn\u00f3stico (dispersi\u00f3n superficial), as\u00ed como la visualizaci\u00f3n de las mediciones de los par\u00e1metros analizados, data mensual de datos, generaci\u00f3n de l\u00edmites para arrojar alarmas y programaci\u00f3n de alertas en base a l\u00edmites de concentraci\u00f3n.<\/p>\n<p>A esta etapa de <strong>dise\u00f1o<\/strong> de la red, se suma una segunda fase de <strong>validaci\u00f3n<\/strong> por parte de los representantes de las comunidades involucradas, por ejemplo, v\u00eda CRAS, para la autentificaci\u00f3n e involucramiento en la propuesta de trabajo. Y como tercera y \u00faltima etapa de este proceso, se ha establecido una fase de <strong>operaci\u00f3n<\/strong> que incluir\u00e1 la compra del servicio de medici\u00f3n, an\u00e1lisis de datos y socializaci\u00f3n de la informaci\u00f3n ambiental. Esta Red de Sensores ser\u00e1 adquirido por los titulares del polo industrial y administrado por un tercero, el cual, le responder\u00e1 a la SMA.<\/p>\n<p>En este periodo de operaci\u00f3n se ir\u00e1n evaluando las ubicaciones inicialmente propuestas, as\u00ed como el funcionamiento del sistema para hacer las correcciones necesarias e ir mejorando progresivamente, en base a la nueva evidencia experimental generada, mediante etapas de retroalimentaci\u00f3n. De la misma forma se ir\u00e1n ajustando los planes de alerta temprana dise\u00f1ados para cada unidad operacional.<\/p>\n<p>\u201cEn forma complementaria al periodo de operaci\u00f3n, y con la finalidad de dar certezas a las mediciones, generar confianzas en los \u00e1mbitos planteados en este proyecto, as\u00ed como fortalecer los mecanismos de comparaci\u00f3n de la red de sensores con metodolog\u00edas anal\u00edticas tradicionales, es que se incorporar\u00e1 como agente de tercera parte, a una Universidad o Centro de Investigaci\u00f3n del pa\u00eds, de tal modo que se convierta en la entidad que interact\u00fae directamente con el operador de la red, interact\u00fae t\u00e9cnicamente con la SMA y genere de manera sistem\u00e1tica los an\u00e1lisis de operaci\u00f3n y gesti\u00f3n de la red propuesta\u201d, destac\u00f3 Verdugo.<\/p>\n<p>Es importante destacar que este proyecto se inici\u00f3 en junio pasado, mediante una etapa de marcha blanca, donde profesionales de distintas \u00e1reas de la SMA instalaron 3 sensores de monitoreo continuo (24\/7) de COVs con la finalidad de monitorear la calidad del aire de la zona. Los dispositivos fueron instalados en dos colegios de Quintero y uno de Puchuncav\u00ed, y que han permitido robustecer la capacidad de fiscalizaci\u00f3n de la SMA en la Regi\u00f3n de Valpara\u00edso.<\/p>\n<p>&nbsp;<\/p>\n<p>&nbsp;<\/p>\n","protected":false},"excerpt":{"rendered":"<p>Iniciativa p\u00fablico-privada tiene por objetivo construir un esquema de alertas tempranas y perfeccionar su desempe\u00f1o progresivamente hasta establecer un sistema optimizado capaz de mejorar la gesti\u00f3n de la calidad del aire en el polo industrial de Quintero-Puchuncav\u00ed, con enfoque hacia una gesti\u00f3n preventiva, y as\u00ed, detectar tempranamente episodios que pongan en riesgo la salud de las <a href=\"https:\/\/portal.sma.gob.cl\/index.php\/cras-de-quintero-y-puchuncavi-aprueban-red-de-sensores-que-mediran-compuestos-organicos-volatiles-en-el-perimetro-del-polo-industrial-de-la-zona\/\">Leer m\u00e1s<\/a><\/p>\n","protected":false},"author":8,"featured_media":25640,"comment_status":"open","ping_status":"open","sticky":false,"template":"","format":"standard","meta":{"footnotes":""},"categories":[90,107,225,231],"tags":[],"class_list":["post-25632","post","type-post","status-publish","format-standard","has-post-thumbnail","hentry","category-comunicados-noticias","category-destacado","category-macrozona-centro","category-valparaiso"],"_links":{"self":[{"href":"https:\/\/portal.sma.gob.cl\/index.php\/wp-json\/wp\/v2\/posts\/25632","targetHints":{"allow":["GET"]}}],"collection":[{"href":"https:\/\/portal.sma.gob.cl\/index.php\/wp-json\/wp\/v2\/posts"}],"about":[{"href":"https:\/\/portal.sma.gob.cl\/index.php\/wp-json\/wp\/v2\/types\/post"}],"author":[{"embeddable":true,"href":"https:\/\/portal.sma.gob.cl\/index.php\/wp-json\/wp\/v2\/users\/8"}],"replies":[{"embeddable":true,"href":"https:\/\/portal.sma.gob.cl\/index.php\/wp-json\/wp\/v2\/comments?post=25632"}],"version-history":[{"count":2,"href":"https:\/\/portal.sma.gob.cl\/index.php\/wp-json\/wp\/v2\/posts\/25632\/revisions"}],"predecessor-version":[{"id":25638,"href":"https:\/\/portal.sma.gob.cl\/index.php\/wp-json\/wp\/v2\/posts\/25632\/revisions\/25638"}],"wp:featuredmedia":[{"embeddable":true,"href":"https:\/\/portal.sma.gob.cl\/index.php\/wp-json\/wp\/v2\/media\/25640"}],"wp:attachment":[{"href":"https:\/\/portal.sma.gob.cl\/index.php\/wp-json\/wp\/v2\/media?parent=25632"}],"wp:term":[{"taxonomy":"category","embeddable":true,"href":"https:\/\/portal.sma.gob.cl\/index.php\/wp-json\/wp\/v2\/categories?post=25632"},{"taxonomy":"post_tag","embeddable":true,"href":"https:\/\/portal.sma.gob.cl\/index.php\/wp-json\/wp\/v2\/tags?post=25632"}],"curies":[{"name":"wp","href":"https:\/\/api.w.org\/{rel}","templated":true}]}}