{"id":25683,"date":"2022-12-12T17:44:27","date_gmt":"2022-12-12T20:44:27","guid":{"rendered":"https:\/\/portal.sma.gob.cl\/?p=25683"},"modified":"2023-01-10T10:53:39","modified_gmt":"2023-01-10T13:53:39","slug":"sma-y-uc-organizan-seminario-sobre-aplicacion-de-la-ley-rep","status":"publish","type":"post","link":"https:\/\/portal.sma.gob.cl\/index.php\/sma-y-uc-organizan-seminario-sobre-aplicacion-de-la-ley-rep\/","title":{"rendered":"SMA y UC organizan seminario sobre aplicaci\u00f3n de la Ley REP\u00a0"},"content":{"rendered":"<p><strong>La actividad h\u00edbrida se llev\u00f3 a cabo en dependencias el Programa Derecho y Medio Ambiente de la Pontificia Universidad Cat\u00f3lica (PUC) y cont\u00f3 con exposiciones de profesionales de la Superintendencia y comentarios de reconocidas personas de la academia y ex autoridades de Medio Ambiente.<\/strong><!--more--><\/p>\n<p><strong>Santiago, 12 de diciembre de 2022.-<\/strong> La Superintendencia del Medio Ambiente (SMA) llev\u00f3 a cabo esta ma\u00f1ana el taller sobre la aplicaci\u00f3n de la Ley de Responsabilidad Extendida del Productor (REP), organizado en conjunto con el Programa de Derecho y Medioambiente de la Pontificia Universidad Cat\u00f3lica.<\/p>\n<p>La actividad se realiz\u00f3 en formato h\u00edbrido, y cont\u00f3 con la conexi\u00f3n de m\u00e1s de 200 interesados mediante las plataformas virtuales y cerca de 40 personas en forma presencial. Comenz\u00f3 con las palabras de Ricardo Irarr\u00e1zabal, ex subsecretario de Medio Ambiente y actual Director del Programa de Derecho y Medio Ambiente de esta casa de estudios. \u201cQuisiera agradecer la vocaci\u00f3n explicativa de la SMA, ya que esta ley es compleja de interpretar y de aplicar. Se aplica ac\u00e1 una transparencia bastante activa para explicar a la ciudadan\u00eda. Esta es una Ley Marco, que tiene varios instrumentos, entre ellos la REP, que es un instrumento de gesti\u00f3n ambiental que apunta a la internalizaci\u00f3n de las externalidades negativas como instrumentos econ\u00f3micos\u201d, coment\u00f3.<\/p>\n<p>Luego, el Superintendente del Medio Ambiente Subrogante, Emanuel Ibarra, dio la bienvenida a los presentes, destacando que \u201cesta es una de las primeras actividades que realizaremos como SMA para la comunidad regulada. Luego vendr\u00e1n otros seminarios en materia de fiscalizaci\u00f3n y sanci\u00f3n. Teniendo a Escaz\u00fa ya vigente, queremos realizar estos seminarios para acercar la postura institucional respecto de la Ley para transparentarla hacia la ciudadan\u00eda y la comunidad regulada\u201d.<\/p>\n<p>El seminario cont\u00f3 con tres paneles. El primero, a cargo de Osvaldo de la Fuente, Jefe del Departamento Jur\u00eddico de la SMA, y que trat\u00f3 de una \u201cLectura sistem\u00e1tica de las obligaciones surgidas de la responsabilidad extendida del productor\u201d. Este fue comentado por Ximena Insunza, Profesora Asistente Departamento Derecho Econ\u00f3mico e Investigadora del Centro de Derecho Ambiental de la Universidad de Chile.<\/p>\n<p>Posteriormente, las abogadas del Departamento de Sanci\u00f3n y Cumplimiento SMA, Bernardita Larra\u00edn y Carolina Carmona, realizaron la charla \u201cAplicaci\u00f3n de mecanismos de incentivos al cumplimiento respecto de las obligaciones de responsabilidad extendida del productor\u201d. Esta tuvo comentarios a cargo del profesor de Derecho Ambiental de la PUC, Jorge Femen\u00edas.<\/p>\n<p>Finalmente, para las conclusiones de la charla, Jorge Canals, ex subsecretario del Medio Ambiente y encargado del \u00e1rea de Medioambiente y Regulaci\u00f3n en Moraga y compa\u00f1\u00eda, y de Benjam\u00edn Muhr, Fiscal Subrogante de la SMA, realizaron un an\u00e1lisis de los temas analizados durante el seminario.<\/p>\n<h3>Presentaciones de las y los expositores<\/h3>\n<p><a href=\"https:\/\/portal.sma.gob.cl\/index.php\/download\/seminario-ley-rep-charla-1\/?wpdmdl=25678&amp;masterkey=LWoxymgPW_2dveE4ogVeV8quQkpBqb_O-vvcZZTQeGy_IpnoneC5TKDXZmDMKIwx75yFjxx--yEKKVAoihNQB5qARN-dg9oBuskHZfXzV-c\">-Charla 1<\/a><\/p>\n<p><a href=\"https:\/\/portal.sma.gob.cl\/index.php\/download\/seminario-ley-rep_charla2\/?wpdmdl=25679&amp;masterkey=SHrZnEPFv5Jov8AnxCMq-WdXQ5p28ysXOAaBqy_vcbSRFpdX9pKkwZ3lfsHcm8UYsYZYJHZbHhJ64cPzymonN_BO3dujAVzwGv-OKRgjlV8\">-Charla 2<\/a><\/p>\n<p>&nbsp;<\/p>\n<h3>Video en Youtube<\/h3>\n<p>Primera parte<\/p>\n<div class=\"video-shortcode\"><iframe title=\"Seminario &quot;Nudos Cr\u00edticos de la Aplicaci\u00f3n de la Ley REP&quot;.\" width=\"1100\" height=\"619\" src=\"https:\/\/www.youtube.com\/embed\/2RxDKMMPHr8?start=10&#038;feature=oembed\" frameborder=\"0\" allow=\"accelerometer; autoplay; clipboard-write; encrypted-media; gyroscope; picture-in-picture\" allowfullscreen><\/iframe><\/div>\n<p>Segunda parte<\/p>\n<div class=\"video-shortcode\"><iframe title=\"Seminario &quot;Nudos Cr\u00edticos de la Aplicaci\u00f3n de la Ley REP&quot;.\" width=\"1100\" height=\"619\" src=\"https:\/\/www.youtube.com\/embed\/9oSQ55IS4lA?feature=oembed\" frameborder=\"0\" allow=\"accelerometer; autoplay; clipboard-write; encrypted-media; gyroscope; picture-in-picture\" allowfullscreen><\/iframe><\/div>\n","protected":false},"excerpt":{"rendered":"<p>La actividad h\u00edbrida se llev\u00f3 a cabo en dependencias el Programa Derecho y Medio Ambiente de la Pontificia Universidad Cat\u00f3lica (PUC) y cont\u00f3 con exposiciones de profesionales de la Superintendencia y comentarios de reconocidas personas de la academia y ex autoridades de Medio Ambiente.<\/p>\n","protected":false},"author":9,"featured_media":25674,"comment_status":"open","ping_status":"open","sticky":false,"template":"","format":"standard","meta":{"footnotes":""},"categories":[90,107,225,232],"tags":[],"class_list":["post-25683","post","type-post","status-publish","format-standard","has-post-thumbnail","hentry","category-comunicados-noticias","category-destacado","category-macrozona-centro","category-metropolitana"],"_links":{"self":[{"href":"https:\/\/portal.sma.gob.cl\/index.php\/wp-json\/wp\/v2\/posts\/25683","targetHints":{"allow":["GET"]}}],"collection":[{"href":"https:\/\/portal.sma.gob.cl\/index.php\/wp-json\/wp\/v2\/posts"}],"about":[{"href":"https:\/\/portal.sma.gob.cl\/index.php\/wp-json\/wp\/v2\/types\/post"}],"author":[{"embeddable":true,"href":"https:\/\/portal.sma.gob.cl\/index.php\/wp-json\/wp\/v2\/users\/9"}],"replies":[{"embeddable":true,"href":"https:\/\/portal.sma.gob.cl\/index.php\/wp-json\/wp\/v2\/comments?post=25683"}],"version-history":[{"count":3,"href":"https:\/\/portal.sma.gob.cl\/index.php\/wp-json\/wp\/v2\/posts\/25683\/revisions"}],"predecessor-version":[{"id":25779,"href":"https:\/\/portal.sma.gob.cl\/index.php\/wp-json\/wp\/v2\/posts\/25683\/revisions\/25779"}],"wp:featuredmedia":[{"embeddable":true,"href":"https:\/\/portal.sma.gob.cl\/index.php\/wp-json\/wp\/v2\/media\/25674"}],"wp:attachment":[{"href":"https:\/\/portal.sma.gob.cl\/index.php\/wp-json\/wp\/v2\/media?parent=25683"}],"wp:term":[{"taxonomy":"category","embeddable":true,"href":"https:\/\/portal.sma.gob.cl\/index.php\/wp-json\/wp\/v2\/categories?post=25683"},{"taxonomy":"post_tag","embeddable":true,"href":"https:\/\/portal.sma.gob.cl\/index.php\/wp-json\/wp\/v2\/tags?post=25683"}],"curies":[{"name":"wp","href":"https:\/\/api.w.org\/{rel}","templated":true}]}}