{"id":25687,"date":"2022-12-14T10:25:07","date_gmt":"2022-12-14T13:25:07","guid":{"rendered":"https:\/\/portal.sma.gob.cl\/?p=25687"},"modified":"2022-12-14T10:30:37","modified_gmt":"2022-12-14T13:30:37","slug":"sma-realizara-taller-de-difusion-sobre-actualizacion-del-modulo-de-catastro-en-el-sistema-de-seguimiento-atmosferico-sisat-y-reforma-al-impuesto-verde-a-contar-del-ano-2023","status":"publish","type":"post","link":"https:\/\/portal.sma.gob.cl\/index.php\/sma-realizara-taller-de-difusion-sobre-actualizacion-del-modulo-de-catastro-en-el-sistema-de-seguimiento-atmosferico-sisat-y-reforma-al-impuesto-verde-a-contar-del-ano-2023\/","title":{"rendered":"SMA realizar\u00e1 taller de difusi\u00f3n sobre actualizaci\u00f3n del m\u00f3dulo de catastro en el Sistema de Seguimiento Atmosf\u00e9rico (SISAT) y Reforma al Impuesto Verde a contar del a\u00f1o 2023"},"content":{"rendered":"<p><strong>La actividad, que se realizar\u00e1 el 21 de diciembre, estar\u00e1 dirigida a personas encargadas de establecimientos que tengan fuentes estacionarias afectas a los diferentes Instrumentos de Car\u00e1cter Ambiental (ICA), tales como Planes de Prevenci\u00f3n y\/o Descontaminaci\u00f3n Atmosf\u00e9rica (PPDA) a nivel nacional, Normas de emisi\u00f3n de contaminantes a la atm\u00f3sfera y establecimientos afectos al impuesto verde a contar del a\u00f1o 2023.<\/strong><!--more--><\/p>\n<p><strong>Santiago, 14 de diciembre de 2022.<\/strong> La Superintendencia del Medio Ambiente ha programado la realizaci\u00f3n de un taller online que se desarrollar\u00e1 el <strong>mi\u00e9rcoles 21 de diciembre<\/strong> y que estar\u00e1 dirigido a encargados de establecimientos y p\u00fablico general. La actividad se da en el marco del proceso de Asistencia al Cumplimiento a establecimientos que tengan fuentes fijas estacionarias afectas a los diferentes Planes de Prevenci\u00f3n y\/o Descontaminaci\u00f3n Atmosf\u00e9rica (PPDA) a nivel nacional y\/o Normas de emisi\u00f3n de contaminantes a la atm\u00f3sfera, afectos a las obligaciones establecidas en la Resoluci\u00f3n Exenta N\u00b02547, que \u201cEstablece instrucciones generales sobre deberes de remisi\u00f3n de informaci\u00f3n para fuentes reguladas por normas de emisi\u00f3n de contaminantes a la atm\u00f3sfera y planes de prevenci\u00f3n y\/o descontaminaci\u00f3n atmosf\u00e9rica en Sistema de Seguimiento Atmosf\u00e9rico (SISAT) de la SMA y revoca Resoluci\u00f3n Exenta N\u00b01227\/2015\u201d y a los posibles establecimientos regulados por el art\u00edculo 8\u00b0, de la Ley N\u00b020.780, modificado por la Ley N\u00b021.210.<\/p>\n<p>Esta normativa establece un impuesto anual a beneficio fiscal que gravar\u00e1 las emisiones al aire de material Particulado (MP), \u00f3xidos de nitr\u00f3geno (NOx), di\u00f3xido de azufre (SO2) y di\u00f3xido de carbono (CO2), producidas por establecimientos cuyas fuentes emisoras, individualmente o en su conjunto, emitan 100 o m\u00e1s toneladas anuales de material Particulado (MP), o 25.000 o m\u00e1s toneladas anuales de di\u00f3xido de carbono (CO2).<\/p>\n<p>En el taller se tratar\u00e1n los siguientes temas:<br \/>\n\u2022 Estrategia SMA por reforma al Impuesto Verde a contar del a\u00f1o 2023.<br \/>\n\u2022 Avances desarrollo de nuevo m\u00f3dulo de reglas de afectaci\u00f3n por Instrumentos de Car\u00e1cter Ambiental (ICA) aplicable.<br \/>\n\u2022 Actualizaci\u00f3n m\u00f3dulo de catastro en Sistema de Seguimiento Atmosf\u00e9rico (SISAT).<\/p>\n<p>Invitamos a todas las personas que deseen participar a inscribirse:<\/p>\n<ul>\n<li><strong>Fecha del taller:<\/strong> Mi\u00e9rcoles 21 de diciembre.<\/li>\n<li><strong>Horario:<\/strong> 10:00 a 12:00<\/li>\n<li><strong>Modalidad:<\/strong> Virtual, mediante plataforma Teams.<\/li>\n<li><strong>Inscripciones<\/strong>: <a href=\"https:\/\/teams.microsoft.com\/registration\/dNAV_gDsF0ipuY9y3ERv4w,MXx74UUQt0utYJM26Nea2Q,FlZ5GHXoBU2_JCSUMWCfJg,7z6_xoG07kGvTsXmFLBUYQ,vDvFkdbdf0q1o1Nw5hHtpw,lnf9OuNOkUu62ifXxpZotQ?mode=read&amp;tenantId=fe15d074-ec00-4817-a9b9-8f72dc446fe3\">En este link<\/a><\/li>\n<\/ul>\n<p><a href=\"https:\/\/portal.sma.gob.cl\/wp-content\/uploads\/2022\/12\/Taller-sisat-DIC-2022-RRSS-1.jpg\"><img decoding=\"async\" class=\"aligncenter size-fusion600 wp-image-25690\" src=\"https:\/\/portal.sma.gob.cl\/wp-content\/uploads\/2022\/12\/Taller-sisat-DIC-2022-RRSS-1.jpg\" alt=\"\" width=\"1400\" height=\"1400\" srcset=\"https:\/\/portal.sma.gob.cl\/wp-content\/uploads\/2022\/12\/Taller-sisat-DIC-2022-RRSS-1-66x66.jpg 66w, https:\/\/portal.sma.gob.cl\/wp-content\/uploads\/2022\/12\/Taller-sisat-DIC-2022-RRSS-1-150x150.jpg 150w, https:\/\/portal.sma.gob.cl\/wp-content\/uploads\/2022\/12\/Taller-sisat-DIC-2022-RRSS-1-200x200.jpg 200w, https:\/\/portal.sma.gob.cl\/wp-content\/uploads\/2022\/12\/Taller-sisat-DIC-2022-RRSS-1-300x300.jpg 300w, https:\/\/portal.sma.gob.cl\/wp-content\/uploads\/2022\/12\/Taller-sisat-DIC-2022-RRSS-1-400x400.jpg 400w, https:\/\/portal.sma.gob.cl\/wp-content\/uploads\/2022\/12\/Taller-sisat-DIC-2022-RRSS-1-600x600.jpg 600w, https:\/\/portal.sma.gob.cl\/wp-content\/uploads\/2022\/12\/Taller-sisat-DIC-2022-RRSS-1-768x768.jpg 768w, https:\/\/portal.sma.gob.cl\/wp-content\/uploads\/2022\/12\/Taller-sisat-DIC-2022-RRSS-1-800x800.jpg 800w, https:\/\/portal.sma.gob.cl\/wp-content\/uploads\/2022\/12\/Taller-sisat-DIC-2022-RRSS-1-1024x1024.jpg 1024w, https:\/\/portal.sma.gob.cl\/wp-content\/uploads\/2022\/12\/Taller-sisat-DIC-2022-RRSS-1-1200x1200.jpg 1200w, https:\/\/portal.sma.gob.cl\/wp-content\/uploads\/2022\/12\/Taller-sisat-DIC-2022-RRSS-1.jpg 1400w\" sizes=\"(max-width: 1400px) 100vw, 1400px\" \/><\/a><\/p>\n","protected":false},"excerpt":{"rendered":"<p>La actividad, que se realizar\u00e1 el 21 de diciembre, estar\u00e1 dirigida a personas encargadas de establecimientos que tengan fuentes estacionarias afectas a los diferentes Instrumentos de Car\u00e1cter Ambiental (ICA), tales como Planes de Prevenci\u00f3n y\/o Descontaminaci\u00f3n Atmosf\u00e9rica (PPDA) a nivel nacional, Normas de emisi\u00f3n de contaminantes a la atm\u00f3sfera y establecimientos afectos al impuesto verde a <a href=\"https:\/\/portal.sma.gob.cl\/index.php\/sma-realizara-taller-de-difusion-sobre-actualizacion-del-modulo-de-catastro-en-el-sistema-de-seguimiento-atmosferico-sisat-y-reforma-al-impuesto-verde-a-contar-del-ano-2023\/\">Leer m\u00e1s<\/a><\/p>\n","protected":false},"author":9,"featured_media":25693,"comment_status":"open","ping_status":"open","sticky":false,"template":"","format":"standard","meta":{"footnotes":""},"categories":[90,107,225,232],"tags":[],"class_list":["post-25687","post","type-post","status-publish","format-standard","has-post-thumbnail","hentry","category-comunicados-noticias","category-destacado","category-macrozona-centro","category-metropolitana"],"_links":{"self":[{"href":"https:\/\/portal.sma.gob.cl\/index.php\/wp-json\/wp\/v2\/posts\/25687","targetHints":{"allow":["GET"]}}],"collection":[{"href":"https:\/\/portal.sma.gob.cl\/index.php\/wp-json\/wp\/v2\/posts"}],"about":[{"href":"https:\/\/portal.sma.gob.cl\/index.php\/wp-json\/wp\/v2\/types\/post"}],"author":[{"embeddable":true,"href":"https:\/\/portal.sma.gob.cl\/index.php\/wp-json\/wp\/v2\/users\/9"}],"replies":[{"embeddable":true,"href":"https:\/\/portal.sma.gob.cl\/index.php\/wp-json\/wp\/v2\/comments?post=25687"}],"version-history":[{"count":4,"href":"https:\/\/portal.sma.gob.cl\/index.php\/wp-json\/wp\/v2\/posts\/25687\/revisions"}],"predecessor-version":[{"id":25691,"href":"https:\/\/portal.sma.gob.cl\/index.php\/wp-json\/wp\/v2\/posts\/25687\/revisions\/25691"}],"wp:featuredmedia":[{"embeddable":true,"href":"https:\/\/portal.sma.gob.cl\/index.php\/wp-json\/wp\/v2\/media\/25693"}],"wp:attachment":[{"href":"https:\/\/portal.sma.gob.cl\/index.php\/wp-json\/wp\/v2\/media?parent=25687"}],"wp:term":[{"taxonomy":"category","embeddable":true,"href":"https:\/\/portal.sma.gob.cl\/index.php\/wp-json\/wp\/v2\/categories?post=25687"},{"taxonomy":"post_tag","embeddable":true,"href":"https:\/\/portal.sma.gob.cl\/index.php\/wp-json\/wp\/v2\/tags?post=25687"}],"curies":[{"name":"wp","href":"https:\/\/api.w.org\/{rel}","templated":true}]}}