{"id":25713,"date":"2022-12-19T08:43:57","date_gmt":"2022-12-19T11:43:57","guid":{"rendered":"https:\/\/portal.sma.gob.cl\/?p=25713"},"modified":"2022-12-19T08:43:57","modified_gmt":"2022-12-19T11:43:57","slug":"sma-sanciona-a-valdicor-con-413-millones-e-inicia-otro-sancionatorio-contra-empresa-de-aridos-en-los-rios","status":"publish","type":"post","link":"https:\/\/portal.sma.gob.cl\/index.php\/sma-sanciona-a-valdicor-con-413-millones-e-inicia-otro-sancionatorio-contra-empresa-de-aridos-en-los-rios\/","title":{"rendered":"SMA sanciona a Valdicor con $413 millones e inicia otro sancionatorio contra empresa de \u00e1ridos en Los R\u00edos"},"content":{"rendered":"<p><strong>Valdicor recibi\u00f3 una multa de 563 Unidades Tributarias Anuales (UTA), ya que no finaliz\u00f3 exitosamente el Programa de Cumplimiento que originalmente hab\u00eda presentado. Por parte, \u00c1ridos Columo fue notificada de un procedimiento sancionatorio en su contra<\/strong><\/p>\n<p><strong>Valdivia, 19 de diciembre de 2022.<\/strong> La Superintendencia del Medio Ambiente (SMA) ha finalizado el proceso sancionatorio iniciado contra Valdicor, titular del proyecto \u201cProducci\u00f3n de \u00c1ridos en el R\u00edo Calle-Calle\u201d, ubicado en la comuna de Valdivia, Regi\u00f3n de Los R\u00edos, y que cuenta con Resoluci\u00f3n de Calificaci\u00f3n Ambiental (RCA N\u00b01627\/2002), con una multa de 563,1 UTA, equivalentes a m\u00e1s de $413 millones. Respecto a esta actividad la SMA ha recibido m\u00faltiples denuncias, asociadas a ruidos molestos, vibraciones y polvo en suspensi\u00f3n que afectan a las comunidades cercanas.<\/p>\n<p>En este caso la SMA le formul\u00f3 5 cargos en 2018, y tras la presentaci\u00f3n por parte de la empresa de un Programa de Cumplimiento (PdC) refundido, se procedi\u00f3 a fiscalizar las medidas implementadas, ya que, pese a ellas, se segu\u00edan sumando m\u00e1s denuncias por ruidos fuera del horario permitido. \u201cPor ello, la Oficina Regional efectu\u00f3 una medici\u00f3n continua de ruidos (24 horas continuas entre el 13 y 22 de enero de 2020), con el objeto de verificar la eficacia de las medidas implementadas. A lo anterior, se suman dos inspecciones ambientales de fecha 4 y 6 de julio de 2020\u201d, explica Eduardo Rodr\u00edguez, jefe regional de la SMA en Los R\u00edos.<\/p>\n<p>En base a la informaci\u00f3n recopilada y otros antecedentes, se declar\u00f3 incumplido el Plan de Cumplimiento, se dictaron Medidas Provisionales como fue la clausura parcial de las instalaciones por 30 d\u00edas -con autorizaci\u00f3n del Tribunal Ambiental- y se reinici\u00f3 el sancionatorio.<\/p>\n<p>Finalmente, las infracciones imputadas a la empresa y sancionadas son: superaci\u00f3n de la norma de ruido en horario diurno; ejecuci\u00f3n de actividades de extracci\u00f3n de \u00e1ridos fuera del \u00e1rea evaluada ambientalmente; no cargar en el Sistema de Seguimiento de la SMA informaci\u00f3n sobre la realizaci\u00f3n de batimetr\u00edas anuales de control y estudios hidrol\u00f3gicos, hidr\u00e1ulicos y mec\u00e1nicos fluviales; no actualizar informaci\u00f3n en la Plataforma de RCA de la Superintendencia; y no responder, en los t\u00e9rminos requeridos, la solicitud de informaci\u00f3n formulada a la empresa en actividad de fiscalizaci\u00f3n en terreno.<\/p>\n<p>\u201cCon esta decisi\u00f3n se concluye un procedimiento extenso y complejo, que recoge muchos reclamos y denuncias de la comunidad, y que tambi\u00e9n hace reflexionar sobre la necesidad de hacer una buena planificaci\u00f3n urbana, de manera de no permitir la instalaci\u00f3n de viviendas en lugares donde existen proyectos como el de Valdicor\u201d, explica el Superintendente del Medio Ambiente (S), Emanuel Ibarra, quien la semana pasada realiz\u00f3 una visita a la Regi\u00f3n de Los R\u00edos.<\/p>\n<p>Por su parte, Claudia Gonz\u00e1lez, denunciante de este caso afirm\u00f3 que \u201cme siento escuchada por las autoridades, sobre todo, por la Superintendencia del Medio Ambiente que le est\u00e1 dando por lo menos una lecci\u00f3n a la empresa Valdicor para que por fin nos sentemos a la mesa y empecemos a negociar de todo lo que nos toca vivir como vecinos. Nosotros vivimos una pesadilla permanente que no se ha solucionado con las medidas de mitigaci\u00f3n que Valdicor ha hecho, entonces la realidad es que hoy d\u00eda seguimos sufriendo lo mismo. Nosotros no podemos disfrutar nuestras casas, sigue siendo una pesadilla, el ruido es infernal, el polvillo en suspensi\u00f3n. Todo es terrible para nosotros como vecinos. Y la realidad es que hoy d\u00eda nos sentimos escuchados y ojal\u00e1 que esto sirva tambi\u00e9n. Aqu\u00ed, se est\u00e1 haciendo justicia por nuestro r\u00edo, por nuestros vecinos, por nuestras casas y por nuestro Collico hist\u00f3rico\u201d, indic\u00f3.<\/p>\n<p>Cabe destacar que el proyecto \u201cProducci\u00f3n de \u00c1ridos en el R\u00edo Calle-Calle\u201d de Valdicor consiste en la extracci\u00f3n de \u00e1ridos en distintos sectores del R\u00edo Calle-Calle, tales como Chumpullo, Mechuco, Huellelhue y Pishuinco, teniendo autorizada un \u00e1rea total de extracci\u00f3n entre todos los sectores correspondiente a 950.400 m2, cuyos vol\u00famenes de extracci\u00f3n corresponden a un volumen anual de 89.900 m3, con un m\u00e1ximo de extracci\u00f3n de 400 m3\/d\u00eda, con un promedio de 18 d\u00edas al mes.<\/p>\n<p><strong>\u00a0<\/strong><\/p>\n<p><strong>Formulaci\u00f3n de cargos a \u00c1ridos Columo <\/strong><\/p>\n<p>La Oficina Regional de Los R\u00edos recibi\u00f3 3 denuncias ciudadanas respecto al Pozo Columo, que consiste en una extracci\u00f3n de \u00e1ridos desde un pozo lastrero, con su posterior procesamiento en una planta chancadora, acopio y transporte en camiones. La comunidad denunci\u00f3 ruidos molestos asociados a la operaci\u00f3n, polvillo en suspensi\u00f3n y elusi\u00f3n al SEIA.<\/p>\n<p>Tras fiscalizar en terreno y recopilar informaci\u00f3n, la SMA formul\u00f3 2 cargos contra \u201cInversiones, Constructora y Gesti\u00f3n Inmobiliaria R\u00edo Bueno SpA\u201d y\/o Servicio de Transportes y \u00c1ridos Vicat Limitada, ambos titulares del Proyecto \u201cExtracci\u00f3n de \u00e1ridos pozos Columo\u201d localizado en el Fundo Columo, Ruta de Acceso T-75, Kil\u00f3metro 25, camino La Uni\u00f3n-Puerto Nuevo, comuna de la Uni\u00f3n, regi\u00f3n de Los R\u00edos.<\/p>\n<p>El primer cargo formulado ha sido clasificado como grave, por ejecutar sin contar con la necesaria Resoluci\u00f3n de Calificaci\u00f3n Ambiental (RCA), un proyecto de extracci\u00f3n de \u00e1ridos de dimensiones industriales, donde se remueven m\u00e1s de 10.000 m3 de \u00e1ridos por mes (en promedio) y, en total, pretende abarcar una superficie superior a 5 hect\u00e1reas (alcanzando 14 hect\u00e1reas).<\/p>\n<p>El segundo cargo es de car\u00e1cter leve, y se relaciona a la superaci\u00f3n de la norma de ruido en una zona rural, con m\u00e1s de 11 decibeles en algunos casos.<\/p>\n<p>Cabe se\u00f1alar que una infracci\u00f3n leve puede ser objeto de hasta 1.000 Unidades Tributarias Anuales (UTA), mientras que una grave puede finalizar en multas de hasta 5.000 UTA, clausura o revocaci\u00f3n de la RCA. As\u00ed, en total la empresa arriesga una sanci\u00f3n de hasta 6.000 UTA, equivalente a m\u00e1s $4.400 millones.<\/p>\n<p>En tanto, las empresas titulares del Pozo Columo, tendr\u00e1n un plazo de 10 d\u00edas h\u00e1biles para presentar un Programa de Cumplimiento y de 15 d\u00edas h\u00e1biles para formular sus Descargos, tras la notificaci\u00f3n del presente sancionatorio.<\/p>\n<p>*M\u00e1s informaci\u00f3n en el Sistema Nacional de Informaci\u00f3n de Fiscalizaci\u00f3n Ambiental (SNIFA):<\/p>\n<p>&#8211; Valdicor: <a href=\"https:\/\/snifa.sma.gob.cl\/Sancionatorio\/Ficha\/1825\">https:\/\/snifa.sma.gob.cl\/Sancionatorio\/Ficha\/1825<\/a><\/p>\n<p>&#8211; Pozo Columo: <a href=\"https:\/\/snifa.sma.gob.cl\/Sancionatorio\/Ficha\/3147\">https:\/\/snifa.sma.gob.cl\/Sancionatorio\/Ficha\/3147<\/a><\/p>\n","protected":false},"excerpt":{"rendered":"<p>Valdicor recibi\u00f3 una multa de 563 Unidades Tributarias Anuales (UTA), ya que no finaliz\u00f3 exitosamente el Programa de Cumplimiento que originalmente hab\u00eda presentado. Por parte, \u00c1ridos Columo fue notificada de un procedimiento sancionatorio en su contra Valdivia, 19 de diciembre de 2022. La Superintendencia del Medio Ambiente (SMA) ha finalizado el proceso sancionatorio iniciado contra Valdicor, <a href=\"https:\/\/portal.sma.gob.cl\/index.php\/sma-sanciona-a-valdicor-con-413-millones-e-inicia-otro-sancionatorio-contra-empresa-de-aridos-en-los-rios\/\">Leer m\u00e1s<\/a><\/p>\n","protected":false},"author":8,"featured_media":25715,"comment_status":"open","ping_status":"open","sticky":false,"template":"","format":"standard","meta":{"footnotes":""},"categories":[90,107,238,226],"tags":[],"class_list":["post-25713","post","type-post","status-publish","format-standard","has-post-thumbnail","hentry","category-comunicados-noticias","category-destacado","category-los-rios","category-macrozona-sur"],"_links":{"self":[{"href":"https:\/\/portal.sma.gob.cl\/index.php\/wp-json\/wp\/v2\/posts\/25713","targetHints":{"allow":["GET"]}}],"collection":[{"href":"https:\/\/portal.sma.gob.cl\/index.php\/wp-json\/wp\/v2\/posts"}],"about":[{"href":"https:\/\/portal.sma.gob.cl\/index.php\/wp-json\/wp\/v2\/types\/post"}],"author":[{"embeddable":true,"href":"https:\/\/portal.sma.gob.cl\/index.php\/wp-json\/wp\/v2\/users\/8"}],"replies":[{"embeddable":true,"href":"https:\/\/portal.sma.gob.cl\/index.php\/wp-json\/wp\/v2\/comments?post=25713"}],"version-history":[{"count":1,"href":"https:\/\/portal.sma.gob.cl\/index.php\/wp-json\/wp\/v2\/posts\/25713\/revisions"}],"predecessor-version":[{"id":25714,"href":"https:\/\/portal.sma.gob.cl\/index.php\/wp-json\/wp\/v2\/posts\/25713\/revisions\/25714"}],"wp:featuredmedia":[{"embeddable":true,"href":"https:\/\/portal.sma.gob.cl\/index.php\/wp-json\/wp\/v2\/media\/25715"}],"wp:attachment":[{"href":"https:\/\/portal.sma.gob.cl\/index.php\/wp-json\/wp\/v2\/media?parent=25713"}],"wp:term":[{"taxonomy":"category","embeddable":true,"href":"https:\/\/portal.sma.gob.cl\/index.php\/wp-json\/wp\/v2\/categories?post=25713"},{"taxonomy":"post_tag","embeddable":true,"href":"https:\/\/portal.sma.gob.cl\/index.php\/wp-json\/wp\/v2\/tags?post=25713"}],"curies":[{"name":"wp","href":"https:\/\/api.w.org\/{rel}","templated":true}]}}