{"id":25751,"date":"2022-12-21T08:00:40","date_gmt":"2022-12-21T11:00:40","guid":{"rendered":"https:\/\/portal.sma.gob.cl\/?p=25751"},"modified":"2023-01-10T10:54:29","modified_gmt":"2023-01-10T13:54:29","slug":"marie-claude-plumer-es-seleccionada-para-ser-la-nueva-superintendenta-del-medio-ambiente-por-alta-direccion-publica","status":"publish","type":"post","link":"https:\/\/portal.sma.gob.cl\/index.php\/marie-claude-plumer-es-seleccionada-para-ser-la-nueva-superintendenta-del-medio-ambiente-por-alta-direccion-publica\/","title":{"rendered":"Marie Claude Plumer es seleccionada para ser la nueva Superintendenta del Medio Ambiente por Alta Direcci\u00f3n P\u00fablica"},"content":{"rendered":"<p><strong>La abogada de la Universidad de Chile, Marie Claude Plumer Bodin, fue seleccionada por el Presidente Gabriel Boric como nueva Superintendenta del Medio Ambiente, tras realizarse el respectivo concurso a trav\u00e9s del sistema de Alta Direcci\u00f3n P\u00fablica.<\/strong><\/p>\n<p><strong>Santiago, 20 de diciembre de 2022.-<\/strong> La profesional, con m\u00e1s de 29 a\u00f1os de experiencia, es m\u00e1ster (DEA) en Derecho Ambiental de la Universidad de Paris I-II Panth\u00e9on-Sorbonne y cuenta con estudios de especializaci\u00f3n en Gesti\u00f3n Econ\u00f3mica del Medio Ambiente y los Recursos Naturales, en el Instituto de Administraci\u00f3n P\u00fablica y de la Universidad de Alcal\u00e1 de Henares, Espa\u00f1a. Adem\u00e1s, posee un diplomado en Competencias Directivas Gen\u00e9ricas para la Alta Direcci\u00f3n P\u00fablica, de la Universidad del Desarrollo y Newfield Consulting.<\/p>\n<p>Marie Claude Plumer tiene vasta experiencia en la administraci\u00f3n p\u00fablica en tem\u00e1ticas ambientales. Se desempe\u00f1\u00f3 como abogada de la Divisi\u00f3n Jur\u00eddica de la Comisi\u00f3n Nacional del Medio Ambiente (CONAMA) durante 14 a\u00f1os y Fiscal de la Superintendencia del Medio Ambiente (SMA) entre los a\u00f1os 2011 y 2012, entidad donde tambi\u00e9n ocup\u00f3 el cargo de Jefa de la Divisi\u00f3n de Sanci\u00f3n y Cumplimiento entre los a\u00f1os 2014 y 2018. En la actualidad se desempe\u00f1a como Jefa de la Divisi\u00f3n Jur\u00eddica del Ministerio del Medio Ambiente.<\/p>\n<p>Durante su trayectoria ha ejercido adem\u00e1s como asesora independiente y asesora de la Direcci\u00f3n de Fronteras y L\u00edmites, as\u00ed como docente en las universidades Cat\u00f3lica de Valpara\u00edso, del Desarrollo y de Santiago, y cuenta con diversas publicaciones en materia medioambiental.<\/p>\n<p><strong>Proceso de selecci\u00f3n<\/strong><strong>\u00a0<\/strong><\/p>\n<p>El proceso para proveer este cargo se inici\u00f3 en junio de este a\u00f1o con la publicaci\u00f3n de la convocatoria en el sitio web del Servicio Civil y en diarios de circulaci\u00f3n nacional. En total, se recibieron 172 postulaciones a trav\u00e9s del Sistema de Postulaci\u00f3n en L\u00ednea y cinco postulaciones a trav\u00e9s del servicio de b\u00fasqueda especializada.<\/p>\n<p>A partir de los resultados de la evaluaci\u00f3n de las y los candidatos, el Consejo de Alta Direcci\u00f3n P\u00fablica decidi\u00f3 entrevistar a diez postulantes, tras lo cual elabor\u00f3 la n\u00f3mina final que envi\u00f3 al Presidente de la Rep\u00fablica, para que efectuara su selecci\u00f3n.<\/p>\n","protected":false},"excerpt":{"rendered":"<p>La abogada de la Universidad de Chile, Marie Claude Plumer Bodin, fue seleccionada por el Presidente Gabriel Boric como nueva Superintendenta del Medio Ambiente, tras realizarse el respectivo concurso a trav\u00e9s del sistema de Alta Direcci\u00f3n P\u00fablica. Santiago, 20 de diciembre de 2022.- La profesional, con m\u00e1s de 29 a\u00f1os de experiencia, es m\u00e1ster (DEA) en <a href=\"https:\/\/portal.sma.gob.cl\/index.php\/marie-claude-plumer-es-seleccionada-para-ser-la-nueva-superintendenta-del-medio-ambiente-por-alta-direccion-publica\/\">Leer m\u00e1s<\/a><\/p>\n","protected":false},"author":8,"featured_media":25753,"comment_status":"open","ping_status":"open","sticky":false,"template":"","format":"standard","meta":{"footnotes":""},"categories":[90,107,225,232],"tags":[],"class_list":["post-25751","post","type-post","status-publish","format-standard","has-post-thumbnail","hentry","category-comunicados-noticias","category-destacado","category-macrozona-centro","category-metropolitana"],"_links":{"self":[{"href":"https:\/\/portal.sma.gob.cl\/index.php\/wp-json\/wp\/v2\/posts\/25751","targetHints":{"allow":["GET"]}}],"collection":[{"href":"https:\/\/portal.sma.gob.cl\/index.php\/wp-json\/wp\/v2\/posts"}],"about":[{"href":"https:\/\/portal.sma.gob.cl\/index.php\/wp-json\/wp\/v2\/types\/post"}],"author":[{"embeddable":true,"href":"https:\/\/portal.sma.gob.cl\/index.php\/wp-json\/wp\/v2\/users\/8"}],"replies":[{"embeddable":true,"href":"https:\/\/portal.sma.gob.cl\/index.php\/wp-json\/wp\/v2\/comments?post=25751"}],"version-history":[{"count":2,"href":"https:\/\/portal.sma.gob.cl\/index.php\/wp-json\/wp\/v2\/posts\/25751\/revisions"}],"predecessor-version":[{"id":25755,"href":"https:\/\/portal.sma.gob.cl\/index.php\/wp-json\/wp\/v2\/posts\/25751\/revisions\/25755"}],"wp:featuredmedia":[{"embeddable":true,"href":"https:\/\/portal.sma.gob.cl\/index.php\/wp-json\/wp\/v2\/media\/25753"}],"wp:attachment":[{"href":"https:\/\/portal.sma.gob.cl\/index.php\/wp-json\/wp\/v2\/media?parent=25751"}],"wp:term":[{"taxonomy":"category","embeddable":true,"href":"https:\/\/portal.sma.gob.cl\/index.php\/wp-json\/wp\/v2\/categories?post=25751"},{"taxonomy":"post_tag","embeddable":true,"href":"https:\/\/portal.sma.gob.cl\/index.php\/wp-json\/wp\/v2\/tags?post=25751"}],"curies":[{"name":"wp","href":"https:\/\/api.w.org\/{rel}","templated":true}]}}