{"id":25765,"date":"2022-12-22T14:06:24","date_gmt":"2022-12-22T17:06:24","guid":{"rendered":"https:\/\/portal.sma.gob.cl\/?p=25765"},"modified":"2025-07-21T15:29:18","modified_gmt":"2025-07-21T19:29:18","slug":"mas-de-760-personas-participaron-en-el-taller-de-difusion-sobre-el-sistema-de-seguimiento-atmosferico-sisat-y-reforma-al-impuesto-verde-2023","status":"publish","type":"post","link":"https:\/\/portal.sma.gob.cl\/index.php\/mas-de-760-personas-participaron-en-el-taller-de-difusion-sobre-el-sistema-de-seguimiento-atmosferico-sisat-y-reforma-al-impuesto-verde-2023\/","title":{"rendered":"M\u00e1s de 760 personas participaron en el taller de difusi\u00f3n sobre el Sistema de Seguimiento Atmosf\u00e9rico (SISAT) y Reforma al Impuesto Verde 2023"},"content":{"rendered":"<p><strong>La actividad se realiz\u00f3 en formato online el 21 de diciembre y se enfoc\u00f3 hacia quienes son encargadas o encargados de establecimientos que tengan fuentes estacionarias afectas a los diferentes Instrumentos de Car\u00e1cter Ambiental (ICA), tales como Planes de Prevenci\u00f3n y\/o Descontaminaci\u00f3n Atmosf\u00e9rica (PPDA) a nivel nacional, Normas de emisi\u00f3n de contaminantes a la atm\u00f3sfera y establecimientos afectos al impuesto verde a contar del a\u00f1o 2023.<\/strong><!--more--><\/p>\n<p><strong>Santiago, 22 de diciembre de 2022.<\/strong> La Superintendencia del Medio Ambiente convoc\u00f3 a 762 personas que se dieron cita en el taller online de Asistencia al Cumplimiento para personas encargadas de establecimientos que tengan fuentes fijas estacionarias afectas a los diferentes Planes de Prevenci\u00f3n y\/o Descontaminaci\u00f3n Atmosf\u00e9rica (PPDA) a nivel nacional y\/o Normas de emisi\u00f3n de contaminantes a la atm\u00f3sfera, afectos a las obligaciones establecidas en la Resoluci\u00f3n Exenta N\u00b02547, que \u201cEstablece instrucciones generales sobre deberes de remisi\u00f3n de informaci\u00f3n para fuentes reguladas por normas de emisi\u00f3n de contaminantes a la atm\u00f3sfera y planes de prevenci\u00f3n y\/o descontaminaci\u00f3n atmosf\u00e9rica en Sistema de Seguimiento Atmosf\u00e9rico (SISAT) de la SMA y revoca Resoluci\u00f3n Exenta N\u00b01227\/2015\u201d y a los posibles establecimientos regulados por el art\u00edculo 8\u00b0, de la Ley N\u00b020.780, modificado por la Ley N\u00b021.210.<\/p>\n<p>En la actividad participaron el encargado de la Secci\u00f3n de Aire y Cambio Clim\u00e1tico de la Divisi\u00f3n de Fiscalizaci\u00f3n, Juan Pablo Rodr\u00edguez; el profesional de dicha \u00e1rea, V\u00edctor Hugo Delgado, y el profesional de la Divisi\u00f3n de Seguimiento e Informaci\u00f3n (DSI), Renzo Stanley.<\/p>\n<p>Es importante relevar que la normativa establece un impuesto anual a beneficio fiscal que gravar\u00e1 las emisiones al aire de material Particulado (MP), \u00f3xidos de nitr\u00f3geno (NOx), di\u00f3xido de azufre (SO2) y di\u00f3xido de carbono (CO2), producidas por establecimientos cuyas fuentes emisoras, individualmente o en su conjunto, emitan 100 o m\u00e1s toneladas anuales de material Particulado (MP), o 25.000 o m\u00e1s toneladas anuales de di\u00f3xido de carbono (CO2).<\/p>\n<p>En el taller se abordaron, entre otros, los siguientes temas:<br \/>\n\u2022 Estrategia SMA por reforma al Impuesto Verde a contar del a\u00f1o 2023.<br \/>\n\u2022 Avances desarrollo de nuevo m\u00f3dulo de reglas de afectaci\u00f3n por Instrumentos de Car\u00e1cter Ambiental (ICA) aplicable.<br \/>\n\u2022 Actualizaci\u00f3n m\u00f3dulo de catastro en Sistema de Seguimiento Atmosf\u00e9rico (SISAT).<\/p>\n<p>A continuaci\u00f3n, podr\u00e1 descargar las presentaciones del taller y acceder al video de la charla en el <a href=\"https:\/\/www.youtube.com\/watch?v=yewwKR94dLc\">Canal Oficial de Youtube de la SMA.<\/a><\/p>\n<div class='w3eden'><!-- WPDM Link Template: Default Template -->\n\n<div class=\"link-template-default card mb-2\">\n    <div class=\"card-body\">\n        <div class=\"media\">\n            <div class=\"mr-3 img-48\"><img decoding=\"async\" class=\"wpdm_icon\" alt=\"\u00cdcono\" src=\"https:\/\/portal.sma.gob.cl\/wp-content\/plugins\/download-manager\/assets\/file-type-icons\/pdf.svg\" \/><\/div>\n            <div class=\"media-body\">\n                <h3 class=\"package-title\"><a href='https:\/\/portal.sma.gob.cl\/index.php\/download\/taller-sisat-exposicion-1\/'>Taller SISAT-Exposici\u00f3n 1<\/a><\/h3>\n                <div class=\"text-muted text-small\"><i class=\"fas fa-copy\"><\/i> 1 archivo(s) <i class=\"fas fa-hdd ml-3\"><\/i> 2.59 MB<\/div>\n            <\/div>\n            <div class=\"ml-3\">\n                <a class='wpdm-download-link download-on-click btn btn-primary btn-sm' rel='nofollow' href='#' data-downloadurl=\"https:\/\/portal.sma.gob.cl\/index.php\/download\/taller-sisat-exposicion-1\/?wpdmdl=25773&refresh=69edfdf5979121777204725\">Descargar<\/a>\n            <\/div>\n        <\/div>\n    <\/div>\n<\/div>\n\n<\/div>\n<div class='w3eden'><!-- WPDM Link Template: Default Template -->\n\n<div class=\"link-template-default card mb-2\">\n    <div class=\"card-body\">\n        <div class=\"media\">\n            <div class=\"mr-3 img-48\"><img decoding=\"async\" class=\"wpdm_icon\" alt=\"\u00cdcono\" src=\"https:\/\/portal.sma.gob.cl\/wp-content\/plugins\/download-manager\/assets\/file-type-icons\/pdf.svg\" \/><\/div>\n            <div class=\"media-body\">\n                <h3 class=\"package-title\"><a href='https:\/\/portal.sma.gob.cl\/index.php\/download\/taller-sisat-exposicion-2\/'>Taller SISAT-Exposici\u00f3n 2<\/a><\/h3>\n                <div class=\"text-muted text-small\"><i class=\"fas fa-copy\"><\/i> 1 archivo(s) <i class=\"fas fa-hdd ml-3\"><\/i> 2.86 MB<\/div>\n            <\/div>\n            <div class=\"ml-3\">\n                <a class='wpdm-download-link download-on-click btn btn-primary btn-sm' rel='nofollow' href='#' data-downloadurl=\"https:\/\/portal.sma.gob.cl\/index.php\/download\/taller-sisat-exposicion-2\/?wpdmdl=25774&refresh=69edfdf5b978d1777204725\">Descargar<\/a>\n            <\/div>\n        <\/div>\n    <\/div>\n<\/div>\n\n<\/div>\n<div class='w3eden'><!-- WPDM Link Template: Default Template -->\n\n<div class=\"link-template-default card mb-2\">\n    <div class=\"card-body\">\n        <div class=\"media\">\n            <div class=\"mr-3 img-48\"><img decoding=\"async\" class=\"wpdm_icon\" alt=\"\u00cdcono\" src=\"https:\/\/portal.sma.gob.cl\/wp-content\/plugins\/download-manager\/assets\/file-type-icons\/pdf.svg\" \/><\/div>\n            <div class=\"media-body\">\n                <h3 class=\"package-title\"><a href='https:\/\/portal.sma.gob.cl\/index.php\/download\/taller-sisat_exposicion-3\/'>Taller SISAT_Exposici\u00f3n 3<\/a><\/h3>\n                <div class=\"text-muted text-small\"><i class=\"fas fa-copy\"><\/i> 1 archivo(s) <i class=\"fas fa-hdd ml-3\"><\/i> 7.64 MB<\/div>\n            <\/div>\n            <div class=\"ml-3\">\n                <a class='wpdm-download-link download-on-click btn btn-primary btn-sm' rel='nofollow' href='#' data-downloadurl=\"https:\/\/portal.sma.gob.cl\/index.php\/download\/taller-sisat_exposicion-3\/?wpdmdl=25775&refresh=69edfdf5dd51c1777204725\">Descargar<\/a>\n            <\/div>\n        <\/div>\n    <\/div>\n<\/div>\n\n<\/div>\n","protected":false},"excerpt":{"rendered":"<p>La actividad se realiz\u00f3 en formato online el 21 de diciembre y se enfoc\u00f3 hacia quienes son encargadas o encargados de establecimientos que tengan fuentes estacionarias afectas a los diferentes Instrumentos de Car\u00e1cter Ambiental (ICA), tales como Planes de Prevenci\u00f3n y\/o Descontaminaci\u00f3n Atmosf\u00e9rica (PPDA) a nivel nacional, Normas de emisi\u00f3n de contaminantes a la atm\u00f3sfera y <a href=\"https:\/\/portal.sma.gob.cl\/index.php\/mas-de-760-personas-participaron-en-el-taller-de-difusion-sobre-el-sistema-de-seguimiento-atmosferico-sisat-y-reforma-al-impuesto-verde-2023\/\">Leer m\u00e1s<\/a><\/p>\n","protected":false},"author":9,"featured_media":25770,"comment_status":"open","ping_status":"open","sticky":false,"template":"","format":"standard","meta":{"footnotes":""},"categories":[90,107,225,232,283],"tags":[],"class_list":["post-25765","post","type-post","status-publish","format-standard","has-post-thumbnail","hentry","category-comunicados-noticias","category-destacado","category-macrozona-centro","category-metropolitana","category-sisat"],"_links":{"self":[{"href":"https:\/\/portal.sma.gob.cl\/index.php\/wp-json\/wp\/v2\/posts\/25765","targetHints":{"allow":["GET"]}}],"collection":[{"href":"https:\/\/portal.sma.gob.cl\/index.php\/wp-json\/wp\/v2\/posts"}],"about":[{"href":"https:\/\/portal.sma.gob.cl\/index.php\/wp-json\/wp\/v2\/types\/post"}],"author":[{"embeddable":true,"href":"https:\/\/portal.sma.gob.cl\/index.php\/wp-json\/wp\/v2\/users\/9"}],"replies":[{"embeddable":true,"href":"https:\/\/portal.sma.gob.cl\/index.php\/wp-json\/wp\/v2\/comments?post=25765"}],"version-history":[{"count":3,"href":"https:\/\/portal.sma.gob.cl\/index.php\/wp-json\/wp\/v2\/posts\/25765\/revisions"}],"predecessor-version":[{"id":25778,"href":"https:\/\/portal.sma.gob.cl\/index.php\/wp-json\/wp\/v2\/posts\/25765\/revisions\/25778"}],"wp:featuredmedia":[{"embeddable":true,"href":"https:\/\/portal.sma.gob.cl\/index.php\/wp-json\/wp\/v2\/media\/25770"}],"wp:attachment":[{"href":"https:\/\/portal.sma.gob.cl\/index.php\/wp-json\/wp\/v2\/media?parent=25765"}],"wp:term":[{"taxonomy":"category","embeddable":true,"href":"https:\/\/portal.sma.gob.cl\/index.php\/wp-json\/wp\/v2\/categories?post=25765"},{"taxonomy":"post_tag","embeddable":true,"href":"https:\/\/portal.sma.gob.cl\/index.php\/wp-json\/wp\/v2\/tags?post=25765"}],"curies":[{"name":"wp","href":"https:\/\/api.w.org\/{rel}","templated":true}]}}