{"id":25789,"date":"2023-01-03T15:45:51","date_gmt":"2023-01-03T18:45:51","guid":{"rendered":"https:\/\/portal.sma.gob.cl\/?p=25789"},"modified":"2023-05-08T12:26:16","modified_gmt":"2023-05-08T16:26:16","slug":"marie-claude-plumer-asume-como-primera-superintendenta-del-medio-ambiente","status":"publish","type":"post","link":"https:\/\/portal.sma.gob.cl\/index.php\/marie-claude-plumer-asume-como-primera-superintendenta-del-medio-ambiente\/","title":{"rendered":"Marie Claude Plumer asume como primera Superintendenta del Medio Ambiente"},"content":{"rendered":"<ul>\n<li><strong>La nueva jefa del servicio fue presentada a las y los funcionarios de la SMA por la ministra del Medio Ambiente, Maisa Rojas, y el subsecretario, Maximiliano Proa\u00f1o.<\/strong><\/li>\n<\/ul>\n<p><strong>Santiago, 03 de enero de 2023.-<\/strong> La ministra del Medio Ambiente, Maisa Rojas, y el subsecretario de la cartera, Maximiliano Proa\u00f1o, llegaron esta ma\u00f1ana hasta las dependencias del nivel central de la Superintendencia del Medio Ambiente (SMA) para presentar a la nueva jefa del servicio, Marie Claude Plumer. La abogada fue seleccionada por el Presidente de La Rep\u00fablica, Gabriel Boric, luego de realizarse el concurso a trav\u00e9s de la Alta Direcci\u00f3n P\u00fablica, y se convirti\u00f3 en la primera mujer del pa\u00eds en liderar el organismo encargado de fiscalizar y sancionar los permisos ambientales en el territorio nacional.<\/p>\n<p>Las autoridades recorrieron las dependencias de la SMA, donde Plumer pudo interactuar con las distintas \u00e1reas de la instituci\u00f3n. Adem\u00e1s, se conectaron mediante videollamada con todo el funcionariado para realizar un saludo de recepci\u00f3n de la nueva Superintendenta y, posteriormente, las autoridades sostuvieron una reuni\u00f3n de coordinaci\u00f3n sobre las l\u00edneas de acci\u00f3n de la instituci\u00f3n para el este per\u00edodo.<\/p>\n<p>\u201cEstoy muy contenta de estar aqu\u00ed con ustedes y asumir este trabajo\u201d, dijo la Superintendenta del Medio Ambiente, Marie Claude Plumer. \u201cTenemos el gran desaf\u00edo de avanzar y fortalecer una entidad que es central para la institucionalidad ambiental y para la calidad de las personas y para la protecci\u00f3n del medioambiente, que es finalmente el sost\u00e9n de vida para todos nosotros. Mi objetivo es trabajar en equipo, con escucha, con colaboraci\u00f3n dentro de la Superintendencia, pero tambi\u00e9n interinstitucionalmente. Hay que potenciar todas las posibilidades y eso se hace s\u00f3lo con un trabajo en equipo\u201d, agreg\u00f3 la autoridad, quien tambi\u00e9n relev\u00f3 la excelencia del trabajo del servicio en pos del cumplimiento ambiental en estos 10 a\u00f1os de la SMA.<\/p>\n<p>Por su parte, la ministra del Medio Ambiente, Maisa Rojas, manifest\u00f3 estar orgullosa de \u201cpresentar a la primera mujer Superintendenta\u201d y destac\u00f3 las cualidades de Plumer, quien anteriormente se desempe\u00f1\u00f3 como Jefa de la Divisi\u00f3n Jur\u00eddica del MMA: \u201cSu enorme capacidad estar\u00e1 muy bien aprovechada en este rol de dirigir a la Superintendencia\u201d.<\/p>\n<p>La titular de Medio Ambiente sostuvo que, en conjunto con Plumer, \u201cnos va a tocar una nueva etapa de la institucionalidad ambiental. Como gobierno, nos comprometimos con ser el primer gobierno ecologista y en nuestra interpretaci\u00f3n, esto significa que debemos dejar a Chile con una institucionalidad ambiental fortalecida\u201d. En ese sentido, se\u00f1al\u00f3 que se espera la pronta aprobaci\u00f3n en el Congreso del proyecto de ley que crea el Servicio de Biodiversidad y \u00c1reas Protegidas y coment\u00f3 que este a\u00f1o se enviar\u00e1 un proyecto de ley corta que fortalece a la SMA, tema comprometido en el Senado en el marco de la tramitaci\u00f3n de la Ley de Cambio Clim\u00e1tico.<\/p>\n<p>Finalmente, el Subsecretario Proa\u00f1o resalt\u00f3 que \u201cen mis viajes a regiones veo que la presencia de la SMA genera la sensaci\u00f3n de protecci\u00f3n en las personas y, por lo mismo, es una instituci\u00f3n que sin duda hay que fortalecer\u201d. A\u00f1adi\u00f3 que este 2023 en el Presupuesto se incorpor\u00f3 un alza en la dotaci\u00f3n de la instituci\u00f3n, lo cual ayudar\u00e1 en el trabajo en terreno.<\/p>\n<p><strong>Trayectoria profesional<\/strong><\/p>\n<p>Marie Claude Plumer Bodin es abogada de la Universidad de Chile, con m\u00e1s de 29 a\u00f1os de experiencia. Es m\u00e1ster en Derecho Ambiental de la Universidad de Paris I-II Panth\u00e9on-Sorbonne y cuenta con estudios de especializaci\u00f3n en Gesti\u00f3n Econ\u00f3mica del Medio Ambiente y los Recursos Naturales en el Instituto de Administraci\u00f3n P\u00fablica y de la Universidad de Alcal\u00e1 de Henares, Espa\u00f1a. Adem\u00e1s, posee un diplomado en Competencias Directivas Gen\u00e9ricas para la Alta Direcci\u00f3n P\u00fablica de la Universidad del Desarrollo y Newfield Consulting.<\/p>\n<p>La jurista tiene vasta experiencia en la administraci\u00f3n p\u00fablica en tem\u00e1ticas ambientales. Se desempe\u00f1\u00f3 como abogada de la Divisi\u00f3n Jur\u00eddica de la Comisi\u00f3n Nacional del Medio Ambiente (CONAMA) durante 14 a\u00f1os y Fiscal de la SMA (2011 y 2012) y tambi\u00e9n ocup\u00f3 el cargo de Jefa de la Divisi\u00f3n de Sanci\u00f3n y Cumplimiento SMA (2014 y 2018). Antes de asumir como Superintendenta se desempe\u00f1aba como Jefa de la Divisi\u00f3n Jur\u00eddica del Ministerio del Medio Ambiente.<\/p>\n","protected":false},"excerpt":{"rendered":"<p>La nueva jefa del servicio fue presentada a las y los funcionarios de la SMA por la ministra del Medio Ambiente, Maisa Rojas, y el subsecretario, Maximiliano Proa\u00f1o. Santiago, 03 de enero de 2023.- La ministra del Medio Ambiente, Maisa Rojas, y el subsecretario de la cartera, Maximiliano Proa\u00f1o, llegaron esta ma\u00f1ana hasta las dependencias del <a href=\"https:\/\/portal.sma.gob.cl\/index.php\/marie-claude-plumer-asume-como-primera-superintendenta-del-medio-ambiente\/\">Leer m\u00e1s<\/a><\/p>\n","protected":false},"author":8,"featured_media":25791,"comment_status":"open","ping_status":"open","sticky":false,"template":"","format":"standard","meta":{"footnotes":""},"categories":[90,107,225],"tags":[],"class_list":["post-25789","post","type-post","status-publish","format-standard","has-post-thumbnail","hentry","category-comunicados-noticias","category-destacado","category-macrozona-centro"],"_links":{"self":[{"href":"https:\/\/portal.sma.gob.cl\/index.php\/wp-json\/wp\/v2\/posts\/25789","targetHints":{"allow":["GET"]}}],"collection":[{"href":"https:\/\/portal.sma.gob.cl\/index.php\/wp-json\/wp\/v2\/posts"}],"about":[{"href":"https:\/\/portal.sma.gob.cl\/index.php\/wp-json\/wp\/v2\/types\/post"}],"author":[{"embeddable":true,"href":"https:\/\/portal.sma.gob.cl\/index.php\/wp-json\/wp\/v2\/users\/8"}],"replies":[{"embeddable":true,"href":"https:\/\/portal.sma.gob.cl\/index.php\/wp-json\/wp\/v2\/comments?post=25789"}],"version-history":[{"count":2,"href":"https:\/\/portal.sma.gob.cl\/index.php\/wp-json\/wp\/v2\/posts\/25789\/revisions"}],"predecessor-version":[{"id":25799,"href":"https:\/\/portal.sma.gob.cl\/index.php\/wp-json\/wp\/v2\/posts\/25789\/revisions\/25799"}],"wp:featuredmedia":[{"embeddable":true,"href":"https:\/\/portal.sma.gob.cl\/index.php\/wp-json\/wp\/v2\/media\/25791"}],"wp:attachment":[{"href":"https:\/\/portal.sma.gob.cl\/index.php\/wp-json\/wp\/v2\/media?parent=25789"}],"wp:term":[{"taxonomy":"category","embeddable":true,"href":"https:\/\/portal.sma.gob.cl\/index.php\/wp-json\/wp\/v2\/categories?post=25789"},{"taxonomy":"post_tag","embeddable":true,"href":"https:\/\/portal.sma.gob.cl\/index.php\/wp-json\/wp\/v2\/tags?post=25789"}],"curies":[{"name":"wp","href":"https:\/\/api.w.org\/{rel}","templated":true}]}}