{"id":25807,"date":"2023-01-05T16:48:31","date_gmt":"2023-01-05T19:48:31","guid":{"rendered":"https:\/\/portal.sma.gob.cl\/?p=25807"},"modified":"2025-03-03T14:18:06","modified_gmt":"2025-03-03T17:18:06","slug":"acuerdo-de-escazu-funcionarias-y-funcionarios-del-mma-sma-y-sea-participan-en-jornada-sobre-estrategias-para-su-implementacion","status":"publish","type":"post","link":"https:\/\/portal.sma.gob.cl\/index.php\/acuerdo-de-escazu-funcionarias-y-funcionarios-del-mma-sma-y-sea-participan-en-jornada-sobre-estrategias-para-su-implementacion\/","title":{"rendered":"Acuerdo de Escaz\u00fa: Funcionarias y funcionarios del MMA, SMA y SEA participan en jornada sobre estrategias para su implementaci\u00f3n"},"content":{"rendered":"<ul>\n<li><strong>La ministra del Medio Ambiente, Maisa Rojas, coment\u00f3 que \u201cestamos trabajando para impulsar los est\u00e1ndares de Escaz\u00fa transversalmente a lo largo del Estado y difundirlo entre todas y todos los habitantes del pa\u00eds\u201d.<\/strong><\/li>\n<\/ul>\n<p><strong>Santiago, 5 de enero de 2023.-<\/strong> El Ministerio del Medio Ambiente, la Superintendencia del Medio Ambiente (SMA) y el Servicio de Evaluaci\u00f3n Ambiental (SEA) realizaron este jueves una jornada de socializaci\u00f3n con funcionarias y funcionarios de las tres instituciones sobre las estrategias de implementaci\u00f3n en Chile del Acuerdo Regional sobre el Acceso a la Informaci\u00f3n, la Participaci\u00f3n P\u00fablica y la Justicia de Asuntos Ambiental en Am\u00e9rica Latina y el Caribe, tambi\u00e9n denominado \u201cAcuerdo de Escaz\u00fa\u201d.<\/p>\n<p>Las palabras de inicio de la actividad estuvieron a cargo de la ministra del Medio Ambiente, <strong>Maisa Rojas<\/strong>, quien record\u00f3 que a nivel global enfrentamos una triple crisis: de cambio clim\u00e1tico, de p\u00e9rdida de biodiversidad y contaminaci\u00f3n. Para enfrentarlo, dijo la ministra, es necesario impulsar una transici\u00f3n socioecol\u00f3gica justa que nos lleva a nuevas formas de desarrollo. \u201cEl mejor modo para conseguirlo es con transparencia, participaci\u00f3n e informaci\u00f3n, los derechos de acceso que est\u00e1n en el coraz\u00f3n de la democracia ambiental y los que implementamos y resguardamos cuando nos referimos al Acuerdo de Escaz\u00fa\u201d, dijo.<\/p>\n<p>La secretaria de Estado a\u00f1adi\u00f3 que \u201ca nivel nacional, la implementaci\u00f3n plena y efectiva de Escaz\u00fa plantea un compromiso con la protecci\u00f3n de los Derechos Humanos y el medio ambiente a todo nivel y, en su base, exige un esfuerzo de coordinaci\u00f3n y de articulaci\u00f3n interinstitucional e interministerial y las tres instituciones medioambientales presentes en esta jornada tenemos un rol clave\u201d.<\/p>\n<p>La titular de Medio Ambiente cont\u00f3 que \u201cdesde el Ministerio estamos trabajando para impulsar los est\u00e1ndares de Escaz\u00fa transversalmente a lo largo del Estado y difundirlo entre todas y todos los habitantes del pa\u00eds\u201d.<\/p>\n<p>La jornada continu\u00f3 con una presentaci\u00f3n de la jefa de la Oficina de Asuntos Internacionales del MMA, <strong>Constance Nalegach<\/strong>, quien se refiri\u00f3 a las bases y los ejes para la implementaci\u00f3n del Acuerdo de Escaz\u00fa en Chile. Resalt\u00f3 que durante el 2023 se har\u00e1 un proceso participativo de diagn\u00f3stico e implementaci\u00f3n de este instrumento que responda a las prioridades de nuestro pa\u00eds. Adem\u00e1s, que habr\u00e1 un especial foco en la protecci\u00f3n de las personas defensoras de derechos humanos en asuntos ambientales.<\/p>\n<p>A su vez, la directora ejecutiva del Servicio de Evaluaci\u00f3n Ambiental (SEA), <strong>Valentina Dur\u00e1n<\/strong>, coment\u00f3 que \u201ccomo parte de los nuevos lineamientos de la direcci\u00f3n ejecutiva del SEA para el per\u00edodo 2022-2026, hemos iniciado la incorporaci\u00f3n progresiva el Acuerdo de Escaz\u00fa en nuestra gesti\u00f3n. En ese sentido, ya hemos definido indicadores de desempe\u00f1o colectivo y de alta direcci\u00f3n p\u00fablica tendientes a mejorar est\u00e1ndares de participaci\u00f3n ciudadana y promover la elaboraci\u00f3n de gu\u00edas y criterios que coloquen al Acuerdo de Escaz\u00fa en el coraz\u00f3n de nuestro actuar\u201d.<\/p>\n<p>Agreg\u00f3 que \u201cel mejor ejemplo de aquello es la reciente creaci\u00f3n del Departamento de Participaci\u00f3n Ciudadana, Consulta Ind\u00edgena y Evaluaci\u00f3n del Medio Humano. Se trata de una instancia que surgi\u00f3 de un proceso participativo al interior de la organizaci\u00f3n, con una participaci\u00f3n de m\u00e1s de 70% de los funcionarios y funcionarias que fueron consultados, y que tendr\u00e1 como uno de sus objetivos principales dise\u00f1ar y ejecutar las acciones pertinentes para la implementaci\u00f3n de Escaz\u00fa, en el marco de la evaluaci\u00f3n ambiental\u201d.<\/p>\n<p>En tanto, la Superintendenta del Medio Ambiente, <strong>Marie Claude Plumer<\/strong>, explic\u00f3 que en 2022 se realiz\u00f3 una sistematizaci\u00f3n de dicho acuerdo respecto a la realidad institucional. Asimismo, sostuvo que el organismo se encuentra en buen pie, dado que en la creaci\u00f3n de la SMA en 2010 se establecieron altos est\u00e1ndares de transparencia, especialmente entre los art\u00edculos 31 al 34 de la Ley 20.417, donde se establece el Sistema Nacional de Informaci\u00f3n de Fiscalizaci\u00f3n Ambiental (SNIFA).<\/p>\n<p>\u201cEn ese momento se buscaba establecer un acceso al sistema de informaci\u00f3n para que los ciudadanos pudieran acceder a la informaci\u00f3n que los afecta o los pudiera afectar. En eso hemos avanzado, pero hay evidentemente brechas y oportunidades de mejora\u201d, explic\u00f3 la autoridad. Entre esas oportunidades, est\u00e1 el avanzar hacia un \u201clenguaje claro, comprensible, a lo que debemos avanzar en el trabajo con el Ministerio, el SEA y la SMA\u201d.<\/p>\n<p>La jornada cerr\u00f3 con la presentaci\u00f3n del jefe de la Unidad de Pol\u00edticas para el Desarrollo Sostenible de CEPAL, <strong>Carlos de Miguel<\/strong>, sobre los resultados de la COP1 y el camino para la COP2 resaltando la importancia de que los pa\u00edses avancen en la aplicaci\u00f3n plena y efectiva del acuerdo y que, para ello, desde dicha organizaci\u00f3n internacional, est\u00e1n apoyando a pa\u00edses entre los que se encuentra Chile, en una hoja de ruta de implementaci\u00f3n.<\/p>\n","protected":false},"excerpt":{"rendered":"<p>La ministra del Medio Ambiente, Maisa Rojas, coment\u00f3 que \u201cestamos trabajando para impulsar los est\u00e1ndares de Escaz\u00fa transversalmente a lo largo del Estado y difundirlo entre todas y todos los habitantes del pa\u00eds\u201d. Santiago, 5 de enero de 2023.- El Ministerio del Medio Ambiente, la Superintendencia del Medio Ambiente (SMA) y el Servicio de Evaluaci\u00f3n Ambiental <a href=\"https:\/\/portal.sma.gob.cl\/index.php\/acuerdo-de-escazu-funcionarias-y-funcionarios-del-mma-sma-y-sea-participan-en-jornada-sobre-estrategias-para-su-implementacion\/\">Leer m\u00e1s<\/a><\/p>\n","protected":false},"author":8,"featured_media":25817,"comment_status":"open","ping_status":"open","sticky":false,"template":"","format":"standard","meta":{"footnotes":""},"categories":[90,107,279,225],"tags":[],"class_list":["post-25807","post","type-post","status-publish","format-standard","has-post-thumbnail","hentry","category-comunicados-noticias","category-destacado","category-escazu","category-macrozona-centro"],"_links":{"self":[{"href":"https:\/\/portal.sma.gob.cl\/index.php\/wp-json\/wp\/v2\/posts\/25807","targetHints":{"allow":["GET"]}}],"collection":[{"href":"https:\/\/portal.sma.gob.cl\/index.php\/wp-json\/wp\/v2\/posts"}],"about":[{"href":"https:\/\/portal.sma.gob.cl\/index.php\/wp-json\/wp\/v2\/types\/post"}],"author":[{"embeddable":true,"href":"https:\/\/portal.sma.gob.cl\/index.php\/wp-json\/wp\/v2\/users\/8"}],"replies":[{"embeddable":true,"href":"https:\/\/portal.sma.gob.cl\/index.php\/wp-json\/wp\/v2\/comments?post=25807"}],"version-history":[{"count":3,"href":"https:\/\/portal.sma.gob.cl\/index.php\/wp-json\/wp\/v2\/posts\/25807\/revisions"}],"predecessor-version":[{"id":25822,"href":"https:\/\/portal.sma.gob.cl\/index.php\/wp-json\/wp\/v2\/posts\/25807\/revisions\/25822"}],"wp:featuredmedia":[{"embeddable":true,"href":"https:\/\/portal.sma.gob.cl\/index.php\/wp-json\/wp\/v2\/media\/25817"}],"wp:attachment":[{"href":"https:\/\/portal.sma.gob.cl\/index.php\/wp-json\/wp\/v2\/media?parent=25807"}],"wp:term":[{"taxonomy":"category","embeddable":true,"href":"https:\/\/portal.sma.gob.cl\/index.php\/wp-json\/wp\/v2\/categories?post=25807"},{"taxonomy":"post_tag","embeddable":true,"href":"https:\/\/portal.sma.gob.cl\/index.php\/wp-json\/wp\/v2\/tags?post=25807"}],"curies":[{"name":"wp","href":"https:\/\/api.w.org\/{rel}","templated":true}]}}