{"id":25878,"date":"2023-01-26T14:54:31","date_gmt":"2023-01-26T17:54:31","guid":{"rendered":"https:\/\/portal.sma.gob.cl\/?p=25878"},"modified":"2023-01-26T14:56:52","modified_gmt":"2023-01-26T17:56:52","slug":"sma-formula-cuatro-cargos-graves-contra-proyecto-hidroelectrico-alto-maipo","status":"publish","type":"post","link":"https:\/\/portal.sma.gob.cl\/index.php\/sma-formula-cuatro-cargos-graves-contra-proyecto-hidroelectrico-alto-maipo\/","title":{"rendered":"SMA formula cuatro cargos graves contra proyecto hidroel\u00e9ctrico Alto Maipo"},"content":{"rendered":"<ul>\n<li><strong>El procedimiento sancionatorio se sustenta principalmente por el incumplimiento de la empresa al compromiso de construir una bocatoma complementaria para el Canal El Manzano, conforme al convenio suscrito con la comunidad de aguas de la zona.<\/strong><\/li>\n<\/ul>\n<p><strong>Santiago, 26 de enero de 2023. <\/strong>La Superintendencia del Medio Ambiente (SMA) inici\u00f3 un procedimiento sancionatorio a trav\u00e9s de una formulaci\u00f3n de cargos contra la empresa Alto Maipo SpA., debido a una serie de incumplimientos ambientales en su \u201cProyecto Hidroel\u00e9ctrico Alto Maipo (PHAM)\u201d ubicado en la comuna de San Jos\u00e9 de Maipo, Regi\u00f3n Metropolitana. Este proyecto cuenta con una Resoluci\u00f3n de Calificaci\u00f3n Ambiental (RCA N\u00b0256\/2009), dictada por la Comisi\u00f3n Regional del Medio Ambiente de la Regi\u00f3n Metropolitana, que consiste en la construcci\u00f3n y operaci\u00f3n de dos centrales de pasada, Alfalfal II y Las Lajas, que en conjunto generar\u00e1n una potencia m\u00e1xima de 530 MW.<\/p>\n<p>Estas centrales est\u00e1n dispuestas en serie en el sector del R\u00edo Maipo, y considera el aprovechamiento de aguas provenientes de la zona alta del R\u00edo Volc\u00e1n, del R\u00edo Yeso, de las aguas turbinadas por la Central Alfalfal, y de la cuenca intermedia del R\u00edo Colorado. Para el transporte de agua se contempla un total de 70 km de t\u00faneles: 60 km corresponden a t\u00faneles hidr\u00e1ulicos de las centrales y el resto, a las ventanas de acceso a los t\u00faneles principales.<\/p>\n<p>Al respecto, la Superintendenta del Medio Ambiente, Marie Claude Plumer, explic\u00f3 que la formulaci\u00f3n de cargos en contra la empresa Alto Maipo SpA \u201ctiene como origen una serie de denuncias, tanto ciudadanas como de organizaciones\u201d. \u201cLa investigaci\u00f3n a cargo del fiscal instructor concluy\u00f3 en el levantamiento de cuatro infracciones calificadas de graves, principalmente debido a que la empresa habr\u00eda incumplido el compromiso de construir una bocatoma complementaria para el Canal El Manzano, conforme a un convenio previo suscrito por la titular del proyecto con las comunidades de la zona\u201d, agreg\u00f3.<\/p>\n<p><strong><u>Cargos<\/u><\/strong><\/p>\n<p>Tras realizar fiscalizaciones en terreno y analizar la informaci\u00f3n entregada por la empresa en el marco de su RCA, se formularon 4 cargos graves: el primer cargo se sustenta por el incumplimiento de compromisos adquiridos por la empresa con la Comunidad de Aguas Canal El Manzano, en tanto: (i) se inici\u00f3 la puesta en servicio del PHAM sin haber tramitado ni construido la bocatoma complementaria en el Canal El Manzano; (ii) las obras provisionales implementadas en la bocatoma del Canal El Manzano no fueron suficientes para la captaci\u00f3n de la totalidad del caudal al que tiene derecho la Comunidad.<\/p>\n<p>El segundo cargo, se sustenta en el incumplimiento de los siguientes compromisos asociados al componente vegetacional: (i) la reforestaci\u00f3n de los rodales R-3 y R-4 se efectu\u00f3 en superficies inferiores a las comprometidas; (ii) la reforestaci\u00f3n del rodal R-4 conllev\u00f3 un menor n\u00famero de individuos de <em>Kageneckia angustifolia<\/em> y de <em>Guindilia trinervis <\/em>de lo comprometido; (iii) reforestaci\u00f3n del rodal VP5-A no cumple con el 75% de prendimiento de la especie <em>Porlieria chilensis; <\/em>(iv) la revegetaci\u00f3n en los MOD-6, MOD-7 y MOD-9 se efectu\u00f3 de forma parcial, en superficies inferiores a las comprometidas, con un menor n\u00famero de individuos y sin incorporar todas las especies exigidas; (v) no obtuvo la autorizaci\u00f3n de CONAF previo a la intervenci\u00f3n de vegetaci\u00f3n en un \u00e1rea de 700 m<sup>2<\/sup> junto a desarenador, as\u00ed como en las zonas denominadas \u201cObras 33, 34 y 35\u201d, \u201cDeflactor\u201d y \u201c\u00c1rea ubicada entre dos frentes de trabajos\u201d.<\/p>\n<p>Respecto a la tercera infracci\u00f3n, se explica por el incumplimiento de la restricci\u00f3n de acceso y prohibici\u00f3n de ejecutar faenas en zona de restricci\u00f3n y zona buffer de protecci\u00f3n paleontol\u00f3gica, por las obras e instalaciones denominadas Camino V1 y antena antigua en desuso. Por \u00faltimo, el cuarto cargo se argumenta porque el proyecto no abarc\u00f3 la totalidad de la superficie requerida para el rescate y relocalizaci\u00f3n de fauna en el SAM 1.<\/p>\n<p>Cabe se\u00f1alar que una infracci\u00f3n clasificada como grave puede finalizar en multas de hasta 5.000 Unidades Tributarias Anuales (UTA), clausura o revocaci\u00f3n de la RCA. En raz\u00f3n de lo anterior, la empresa Alto Maipo SpA arriesga una sanci\u00f3n de hasta 20.000 UTA, equivalente a m\u00e1s $14.824 millones.<\/p>\n<p>La empresa tendr\u00e1 un plazo de 10 d\u00edas h\u00e1biles para presentar un programa de cumplimiento y de 15 d\u00edas h\u00e1biles para formular sus descargos tras la notificaci\u00f3n del presente sancionatorio.<\/p>\n<p>*M\u00e1s informaci\u00f3n en el Sistema Nacional de Informaci\u00f3n de Fiscalizaci\u00f3n Ambiental (SNIFA): <a href=\"https:\/\/snifa.sma.gob.cl\/Sancionatorio\/Ficha\/3181\">https:\/\/snifa.sma.gob.cl\/Sancionatorio\/Ficha\/3181<\/a><\/p>\n<p>&nbsp;<\/p>\n","protected":false},"excerpt":{"rendered":"<p>El procedimiento sancionatorio se sustenta principalmente por el incumplimiento de la empresa al compromiso de construir una bocatoma complementaria para el Canal El Manzano, conforme al convenio suscrito con la comunidad de aguas de la zona. Santiago, 26 de enero de 2023. La Superintendencia del Medio Ambiente (SMA) inici\u00f3 un procedimiento sancionatorio a trav\u00e9s de una <a href=\"https:\/\/portal.sma.gob.cl\/index.php\/sma-formula-cuatro-cargos-graves-contra-proyecto-hidroelectrico-alto-maipo\/\">Leer m\u00e1s<\/a><\/p>\n","protected":false},"author":8,"featured_media":25882,"comment_status":"open","ping_status":"open","sticky":false,"template":"","format":"standard","meta":{"footnotes":""},"categories":[90,107,225],"tags":[],"class_list":["post-25878","post","type-post","status-publish","format-standard","has-post-thumbnail","hentry","category-comunicados-noticias","category-destacado","category-macrozona-centro"],"_links":{"self":[{"href":"https:\/\/portal.sma.gob.cl\/index.php\/wp-json\/wp\/v2\/posts\/25878","targetHints":{"allow":["GET"]}}],"collection":[{"href":"https:\/\/portal.sma.gob.cl\/index.php\/wp-json\/wp\/v2\/posts"}],"about":[{"href":"https:\/\/portal.sma.gob.cl\/index.php\/wp-json\/wp\/v2\/types\/post"}],"author":[{"embeddable":true,"href":"https:\/\/portal.sma.gob.cl\/index.php\/wp-json\/wp\/v2\/users\/8"}],"replies":[{"embeddable":true,"href":"https:\/\/portal.sma.gob.cl\/index.php\/wp-json\/wp\/v2\/comments?post=25878"}],"version-history":[{"count":4,"href":"https:\/\/portal.sma.gob.cl\/index.php\/wp-json\/wp\/v2\/posts\/25878\/revisions"}],"predecessor-version":[{"id":25886,"href":"https:\/\/portal.sma.gob.cl\/index.php\/wp-json\/wp\/v2\/posts\/25878\/revisions\/25886"}],"wp:featuredmedia":[{"embeddable":true,"href":"https:\/\/portal.sma.gob.cl\/index.php\/wp-json\/wp\/v2\/media\/25882"}],"wp:attachment":[{"href":"https:\/\/portal.sma.gob.cl\/index.php\/wp-json\/wp\/v2\/media?parent=25878"}],"wp:term":[{"taxonomy":"category","embeddable":true,"href":"https:\/\/portal.sma.gob.cl\/index.php\/wp-json\/wp\/v2\/categories?post=25878"},{"taxonomy":"post_tag","embeddable":true,"href":"https:\/\/portal.sma.gob.cl\/index.php\/wp-json\/wp\/v2\/tags?post=25878"}],"curies":[{"name":"wp","href":"https:\/\/api.w.org\/{rel}","templated":true}]}}