{"id":25911,"date":"2023-01-31T15:33:26","date_gmt":"2023-01-31T18:33:26","guid":{"rendered":"https:\/\/portal.sma.gob.cl\/?p=25911"},"modified":"2023-05-08T12:24:07","modified_gmt":"2023-05-08T16:24:07","slug":"nuble-sma-ordena-medidas-provisionales-al-proyecto-pozo-aridos-lucero","status":"publish","type":"post","link":"https:\/\/portal.sma.gob.cl\/index.php\/nuble-sma-ordena-medidas-provisionales-al-proyecto-pozo-aridos-lucero\/","title":{"rendered":"\u00d1uble: SMA ordena medidas provisionales al Proyecto Pozo \u00c1ridos Lucero"},"content":{"rendered":"<ul>\n<li><strong>La Oficina Regional de la SMA fiscaliz\u00f3 denuncias de ruidos por parte de vecinos de la instalaci\u00f3n, constatando una superaci\u00f3n de 16 decibeles por sobre la normativa.<\/strong><\/li>\n<\/ul>\n<p><strong>Bulnes, Regi\u00f3n de \u00d1uble, 31 de enero 2023.<\/strong>\u00a0La Superintendencia del Medio Ambiente (SMA) dict\u00f3 medidas provisionales pre-procedimentales contra el denominado Pozo de \u00c1ridos \u201cLucero\u201d, ubicado en camino Las Vegas, kil\u00f3metro 2, comuna de Bulnes, Regi\u00f3n de \u00d1uble, debido a la superaci\u00f3n de la Norma de Ruido (D.S. N\u00b038\/2011) en 16 decibles, considerando que se trata de una zona rural.<\/p>\n<p>Esto se enmarca dentro de los operativos que se encuentra realizando la oficina regional de \u00d1uble a todas las empresas de extracci\u00f3n de \u00e1ridos de la comuna en conjunto con vecinos, municipio y denunciantes, donde tambi\u00e9n se hacen mediciones de ruido en terreno, en horario diurno. En los reportes se constat\u00f3 que las personas expuestas al ruido se encuentran en una zona rural con un registro de Nivel de Presi\u00f3n Corregida (NPC) de 65 decibeles, mientras que el ruido de fondo alcanzaba 39 decibles. Con esto, el l\u00edmite que se estableci\u00f3 fue de 49 decibeles, obteniendo una superaci\u00f3n de 16 decibeles.<\/p>\n<p>Al respecto, el jefe de la Oficina Regional SMA de \u00d1uble, Cristi\u00e1n Lineros, se\u00f1al\u00f3 que tras la fiscalizaci\u00f3n \u201ces posible constatar un inminente riesgo para la salud de la poblaci\u00f3n por cerca de ocho horas de exposici\u00f3n al ruido. Pudimos verificar en terreno que los afectados son, principalmente, personas de la tercera edad con enfermedades, quienes viven en cercan\u00edas de la fuente fiscalizada que super\u00f3 con creces el m\u00e1ximo permitido por la normativa\u201d.<\/p>\n<p>Por esta raz\u00f3n, la SMA orden\u00f3 al titular de Pozo de \u00c1ridos \u201cLucero\u201d, la adopci\u00f3n de 3 medidas en un plazo de 15 d\u00edas h\u00e1biles:<\/p>\n<ol>\n<li>Elaborar un informe t\u00e9cnico de diagn\u00f3stico de problemas ac\u00fasticos que considere, a lo menos, un levantamiento de las maquinarias utilizadas, como la planta separadora de arenas, chancadora y cintas transportadoras, junto al estado de mantenci\u00f3n de estas. En el mismo informe, y como consecuencia del diagn\u00f3stico anterior, deber\u00e1 indicar sugerencias de acciones y mejoras que se puedan implementar en el proyecto para dar cumplimiento a los niveles de emisi\u00f3n de ruido del D.S. N\u00b038\/2011, se\u00f1alando adem\u00e1s la fecha de implementaci\u00f3n de estos.<\/li>\n<li>Implementar las mejoras propuestas por el informe se\u00f1alado precedentemente, apoyado por el profesional que lo elabor\u00f3.<\/li>\n<li>Se proh\u00edbe el funcionamiento de las fuentes emisora de ruido ubicadas al interior de la unidad fiscalizable, espec\u00edficamente, la maquinaria que guarda relaci\u00f3n con el proceso de chancado y procesamiento de arenas hasta que no se encuentren implementadas las medidas definidas en el numeral 2.<\/li>\n<\/ol>\n<p>La Superintendenta del Medio Ambiente, Marie Claude Plumer, explic\u00f3 que las medidas ordenadas \u201cno impiden el funcionamiento de la faena para su giro habitual, que tiene relaci\u00f3n con actividades especializadas de extracci\u00f3n movimiento de material, preparaci\u00f3n del terreno o el transporte, entre otros. A lo que se apunta, sin embargo, es que en el ejercicio del mismo deber\u00e1 respetar los l\u00edmites de emisi\u00f3n de ruidos que fija el Decreto Supremo referido a este tema\u201d.<\/p>\n<p>Finalmente, es importante se\u00f1alar que la SMA contin\u00faa trabajando en el sector constatando en otras empresas hallazgos de elusi\u00f3n al Sistema de Evaluaci\u00f3n de Impacto Ambiental (SEIA), incumplimientos de RCA, por lo que ya se han cursado dos multas por sobre 300 millones de pesos a dos empresas. El llamado es a cumplir la normativa ambiental vigente y evitar, en este caso, el reiterado incumplimiento de ruidos, toda vez que la SMA puede solicitar al Tercer Tribunal Ambiental la detenci\u00f3n del funcionamiento de la faena, seg\u00fan indica el art\u00edculo 48 de la Ley Org\u00e1nica de la SMA.<\/p>\n<p>*M\u00e1s informaci\u00f3n en el Sistema Nacional de Informaci\u00f3n de Fiscalizaci\u00f3n Ambiental (SNIFA): <a href=\"https:\/\/snifa.sma.gob.cl\/MedidaProvisional\/Ficha\/409\">https:\/\/snifa.sma.gob.cl\/MedidaProvisional\/Ficha\/409<\/a><\/p>\n<p>&nbsp;<\/p>\n","protected":false},"excerpt":{"rendered":"<p>La Oficina Regional de la SMA fiscaliz\u00f3 denuncias de ruidos por parte de vecinos de la instalaci\u00f3n, constatando una superaci\u00f3n de 16 decibeles por sobre la normativa. Bulnes, Regi\u00f3n de \u00d1uble, 31 de enero 2023.\u00a0La Superintendencia del Medio Ambiente (SMA) dict\u00f3 medidas provisionales pre-procedimentales contra el denominado Pozo de \u00c1ridos \u201cLucero\u201d, ubicado en camino Las Vegas, <a href=\"https:\/\/portal.sma.gob.cl\/index.php\/nuble-sma-ordena-medidas-provisionales-al-proyecto-pozo-aridos-lucero\/\">Leer m\u00e1s<\/a><\/p>\n","protected":false},"author":8,"featured_media":25916,"comment_status":"open","ping_status":"open","sticky":false,"template":"","format":"standard","meta":{"footnotes":""},"categories":[90,107,226],"tags":[],"class_list":["post-25911","post","type-post","status-publish","format-standard","has-post-thumbnail","hentry","category-comunicados-noticias","category-destacado","category-macrozona-sur"],"_links":{"self":[{"href":"https:\/\/portal.sma.gob.cl\/index.php\/wp-json\/wp\/v2\/posts\/25911","targetHints":{"allow":["GET"]}}],"collection":[{"href":"https:\/\/portal.sma.gob.cl\/index.php\/wp-json\/wp\/v2\/posts"}],"about":[{"href":"https:\/\/portal.sma.gob.cl\/index.php\/wp-json\/wp\/v2\/types\/post"}],"author":[{"embeddable":true,"href":"https:\/\/portal.sma.gob.cl\/index.php\/wp-json\/wp\/v2\/users\/8"}],"replies":[{"embeddable":true,"href":"https:\/\/portal.sma.gob.cl\/index.php\/wp-json\/wp\/v2\/comments?post=25911"}],"version-history":[{"count":2,"href":"https:\/\/portal.sma.gob.cl\/index.php\/wp-json\/wp\/v2\/posts\/25911\/revisions"}],"predecessor-version":[{"id":25919,"href":"https:\/\/portal.sma.gob.cl\/index.php\/wp-json\/wp\/v2\/posts\/25911\/revisions\/25919"}],"wp:featuredmedia":[{"embeddable":true,"href":"https:\/\/portal.sma.gob.cl\/index.php\/wp-json\/wp\/v2\/media\/25916"}],"wp:attachment":[{"href":"https:\/\/portal.sma.gob.cl\/index.php\/wp-json\/wp\/v2\/media?parent=25911"}],"wp:term":[{"taxonomy":"category","embeddable":true,"href":"https:\/\/portal.sma.gob.cl\/index.php\/wp-json\/wp\/v2\/categories?post=25911"},{"taxonomy":"post_tag","embeddable":true,"href":"https:\/\/portal.sma.gob.cl\/index.php\/wp-json\/wp\/v2\/tags?post=25911"}],"curies":[{"name":"wp","href":"https:\/\/api.w.org\/{rel}","templated":true}]}}