{"id":25955,"date":"2023-02-10T14:20:54","date_gmt":"2023-02-10T17:20:54","guid":{"rendered":"https:\/\/portal.sma.gob.cl\/?p=25955"},"modified":"2023-05-08T12:27:47","modified_gmt":"2023-05-08T16:27:47","slug":"sma-formula-cargos-contra-proyecto-parque-solar-valle-escondido","status":"publish","type":"post","link":"https:\/\/portal.sma.gob.cl\/index.php\/sma-formula-cargos-contra-proyecto-parque-solar-valle-escondido\/","title":{"rendered":"SMA formula cargos contra proyecto Parque Solar Valle Escondido"},"content":{"rendered":"<ul>\n<li><strong>El procedimiento sancionatorio se inici\u00f3 tras<\/strong><strong> constatar el incumplimiento por parte de la empresa titular del proyecto sobre las medidas relativas al patrimonio arqueol\u00f3gico existente en la zona.<\/strong><\/li>\n<\/ul>\n<p><strong>Tierra Amarilla, Regi\u00f3n de Atacama, 10 de febrero de 2023. <\/strong>La Superintendencia del Medio Ambiente (SMA) inici\u00f3 un procedimiento sancionatorio a trav\u00e9s de una formulaci\u00f3n de cargos contra la empresa AR Valle Escondido SpA, titular del proyecto Parque Solar Valle Escondido, calificado favorablemente mediante la Resoluci\u00f3n de Calificaci\u00f3n Ambiental (RCA) N\u00b084\/2019, y que se encuentra ubicado a 49 km al sureste de Copiap\u00f3, en la comuna de Tierra Amarilla, Regi\u00f3n de Atacama. Esto debido a que, durante la ejecuci\u00f3n del proyecto, el titular no dio cumplimiento ambiental sobre las medidas relativas al patrimonio arqueol\u00f3gico de la zona.<\/p>\n<p>Esta unidad fiscalizable consiste en la construcci\u00f3n y operaci\u00f3n de una nueva central fotovoltaica, donde se generar\u00e1 aproximadamente 105 MW AC de energ\u00eda mediante la instalaci\u00f3n de 382.000 paneles fotovoltaicos. Se considera adem\u00e1s la construcci\u00f3n de una nueva Subestaci\u00f3n Elevadora al interior del parque. En t\u00e9rminos de superficie, el proyecto contemplar\u00e1 aproximadamente un total de 359,7 ha.<\/p>\n<p>Tras el an\u00e1lisis de los antecedentes levantados y requeridos a la empresa, la Superintendencia formul\u00f3 cargos por el incumplimiento de medidas relativas al patrimonio arqueol\u00f3gico, referidas al hallazgo VE-599 que se traduce en: a) no haber protegido a trav\u00e9s de cercos el hallazgo; b) haber realizado obras en el \u00e1rea del hallazgo, sin la presencia de un arque\u00f3logo\/a o licenciado en arqueolog\u00eda; y c) no haber fiscalizado ni ejecutado las medidas dispuestas por el plan de contingencias y emergencias de la unidad fiscalizable.<\/p>\n<p>\u201cLa Superintendencia del Medio Ambiente realiza un esfuerzo constante con el objetivo de garantizar el cumplimiento ambiental, entendiendo que el trabajo del organismo repercute de forma directa en la vida de las personas y sus comunidades, el patrimonio y tambi\u00e9n en el medioambiente mismo\u201d, dijo la Superintendenta Marie Claude Plumer, quien agreg\u00f3 que en este caso en particular la investigaci\u00f3n realizada por la fiscal instructora concluy\u00f3 en el levantamiento de una posible infracci\u00f3n debido a incumplimientos cometidos por la empresa durante la ejecuci\u00f3n del proyecto. Ahora, a\u00f1adi\u00f3, \u201ccon la formulaci\u00f3n de cargos se inicia el procedimiento en el que la empresa podr\u00e1 presentar descargos o un programa de cumplimiento si corresponde\u201d.<\/p>\n<p>La infracci\u00f3n fue calificada como grave, por lo que la empresa puede ser objeto de la revocaci\u00f3n de su RCA, clausura, o multa de hasta 5.000 UTA. En raz\u00f3n de lo anterior, la empresa AR Valle Escondido SpA arriesga una sanci\u00f3n equivalente a m\u00e1s $3.717 millones de pesos.<\/p>\n<p>El titular tendr\u00e1 un plazo de 10 d\u00edas h\u00e1biles para presentar un Programa de Cumplimiento (PdC) y de 15 d\u00edas h\u00e1biles para formular sus descargos tras la notificaci\u00f3n del presente sancionatorio.<\/p>\n<p>*M\u00e1s informaci\u00f3n en el Sistema Nacional de Informaci\u00f3n de Fiscalizaci\u00f3n Ambiental (SNIFA): <a href=\"https:\/\/snifa.sma.gob.cl\/Sancionatorio\/Ficha\/3192\">https:\/\/snifa.sma.gob.cl\/Sancionatorio\/Ficha\/3192<\/a><\/p>\n","protected":false},"excerpt":{"rendered":"<p>El procedimiento sancionatorio se inici\u00f3 tras constatar el incumplimiento por parte de la empresa titular del proyecto sobre las medidas relativas al patrimonio arqueol\u00f3gico existente en la zona. Tierra Amarilla, Regi\u00f3n de Atacama, 10 de febrero de 2023. La Superintendencia del Medio Ambiente (SMA) inici\u00f3 un procedimiento sancionatorio a trav\u00e9s de una formulaci\u00f3n de cargos contra <a href=\"https:\/\/portal.sma.gob.cl\/index.php\/sma-formula-cargos-contra-proyecto-parque-solar-valle-escondido\/\">Leer m\u00e1s<\/a><\/p>\n","protected":false},"author":8,"featured_media":25958,"comment_status":"open","ping_status":"open","sticky":false,"template":"","format":"standard","meta":{"footnotes":""},"categories":[90,107,224],"tags":[],"class_list":["post-25955","post","type-post","status-publish","format-standard","has-post-thumbnail","hentry","category-comunicados-noticias","category-destacado","category-macrozona-norte"],"_links":{"self":[{"href":"https:\/\/portal.sma.gob.cl\/index.php\/wp-json\/wp\/v2\/posts\/25955","targetHints":{"allow":["GET"]}}],"collection":[{"href":"https:\/\/portal.sma.gob.cl\/index.php\/wp-json\/wp\/v2\/posts"}],"about":[{"href":"https:\/\/portal.sma.gob.cl\/index.php\/wp-json\/wp\/v2\/types\/post"}],"author":[{"embeddable":true,"href":"https:\/\/portal.sma.gob.cl\/index.php\/wp-json\/wp\/v2\/users\/8"}],"replies":[{"embeddable":true,"href":"https:\/\/portal.sma.gob.cl\/index.php\/wp-json\/wp\/v2\/comments?post=25955"}],"version-history":[{"count":3,"href":"https:\/\/portal.sma.gob.cl\/index.php\/wp-json\/wp\/v2\/posts\/25955\/revisions"}],"predecessor-version":[{"id":25960,"href":"https:\/\/portal.sma.gob.cl\/index.php\/wp-json\/wp\/v2\/posts\/25955\/revisions\/25960"}],"wp:featuredmedia":[{"embeddable":true,"href":"https:\/\/portal.sma.gob.cl\/index.php\/wp-json\/wp\/v2\/media\/25958"}],"wp:attachment":[{"href":"https:\/\/portal.sma.gob.cl\/index.php\/wp-json\/wp\/v2\/media?parent=25955"}],"wp:term":[{"taxonomy":"category","embeddable":true,"href":"https:\/\/portal.sma.gob.cl\/index.php\/wp-json\/wp\/v2\/categories?post=25955"},{"taxonomy":"post_tag","embeddable":true,"href":"https:\/\/portal.sma.gob.cl\/index.php\/wp-json\/wp\/v2\/tags?post=25955"}],"curies":[{"name":"wp","href":"https:\/\/api.w.org\/{rel}","templated":true}]}}