{"id":25975,"date":"2023-02-15T08:00:10","date_gmt":"2023-02-15T11:00:10","guid":{"rendered":"https:\/\/portal.sma.gob.cl\/?p=25975"},"modified":"2023-05-08T12:27:17","modified_gmt":"2023-05-08T16:27:17","slug":"sma-solicita-nueva-medida-provisional-a-minera-ojos-del-salado-tras-socavon-en-tierra-amarilla","status":"publish","type":"post","link":"https:\/\/portal.sma.gob.cl\/index.php\/sma-solicita-nueva-medida-provisional-a-minera-ojos-del-salado-tras-socavon-en-tierra-amarilla\/","title":{"rendered":"SMA solicita nueva medida provisional a Minera Ojos del Salado tras socav\u00f3n en Tierra Amarilla"},"content":{"rendered":"<ul>\n<li><strong>En base a antecedentes que dan cuenta de nuevas filtraciones en el sector afectado por el socav\u00f3n de Mina Alcaparrosa, se requieren informes para analizar su impacto, especialmente en el <\/strong><strong>acu\u00edfero del R\u00edo Copiap\u00f3.<\/strong><\/li>\n<\/ul>\n<p><strong>Tierra Amarilla, 15 de febrero de 2023.<\/strong>\u00a0La Superintendencia del Medio Ambiente (SMA) renov\u00f3, por tercera vez, la medida provisional procedimental \u2013por un plazo de 30 d\u00edas corridos- dictada contra la\u00a0<strong>Compa\u00f1\u00eda Contractual<\/strong>\u00a0<strong>Minera Ojos del Salado<\/strong>, titular del proyecto\u00a0<strong>\u201cContinuidad Operacional Mina Alcaparrosa\u201d<\/strong>\u00a0(RCA N\u00b0158\/2017), ubicada a 900 metros al noroeste de la zona urbana de Tierra Amarilla en la Regi\u00f3n de Atacama. En esta oportunidad, a\u00f1adi\u00f3 una nueva medida provisional que busca analizar la disminuci\u00f3n del caudal del acu\u00edfero respectivo. Cabe recordar que, en esta faena el 30 de julio de 2022 se origin\u00f3 un socav\u00f3n de 60 metros de profundidad.<\/p>\n<p>En la renovaci\u00f3n de medidas se mantiene la solicitud muestreos y an\u00e1lisis hidrogeoqu\u00edmicos que permitan comparar la calidad del agua de los pozos circundantes al incidente, con las aguas almacenadas en los caserones. Esto se debe efectuar a trav\u00e9s de una Entidad T\u00e9cnica de Fiscalizaci\u00f3n Ambiental (ETFA), especialista en componente h\u00eddrico.<\/p>\n<p>En base a nuevos antecedentes aportados por la empresa y por informaci\u00f3n de monitoreo entregada por la Direcci\u00f3n General de Aguas (DGA), se han reportado afloramientos de agua en el sector Jocelyn y tambi\u00e9n una nueva filtraci\u00f3n en el caser\u00f3n Gaby, con un caudal que habr\u00eda alcanzado los 80 litros por segundo.<\/p>\n<p>Ante este nuevo riesgo no contemplado anteriormente, se dictan cuatro nuevas medidas que buscan analizar la disminuci\u00f3n del caudal:<\/p>\n<ol>\n<li>\u00a0Identificaci\u00f3n de todos los sectores de Mina Alcaparrosa que presentan filtraci\u00f3n de agua, con la indicaci\u00f3n de su nivel, galer\u00edas y caserones afectados.<\/li>\n<li>\u00a0Entrega de un reporte de estimaci\u00f3n del volumen total de agua acumulada al interior de la mina, en sus distintos niveles.<\/li>\n<li>Presentar una propuesta que considere distintas alternativas de obras destinadas a eliminar o disminuir los caudales infiltrados al interior de la mina, tales como sellos y\/o tapones, u otras, indicando preliminarmente la factibilidad y eficacia de las alternativas propuestas.<\/li>\n<li>Presentar una propuesta de plan de disminuci\u00f3n del flujo pasante de aguas subterr\u00e1neas hacia el socav\u00f3n, incorporando en dicho plan las autorizaciones sectoriales requeridas para su ejecuci\u00f3n.<\/li>\n<\/ol>\n<p>Al respecto, la Superintendenta del Medio Ambiente, Marie Claude Plumer explic\u00f3 que \u201cla minera Ojos del Salado ya est\u00e1 notificada y deber\u00e1 implementar las medidas solicitadas a la brevedad. Estas tienen un fin preventivo y precautorio, ya que, seg\u00fan los antecedentes analizados por los equipos de la SMA, subsiste el riesgo de da\u00f1o inminente debido a la conexi\u00f3n de las aguas al interior de la mina con el acu\u00edfero del R\u00edo Copiap\u00f3. Tambi\u00e9n debemos destacar que la SMA sigue trabajando en conjunto con el SERNAGEOMIN y la DGA en el monitoreo del socav\u00f3n y de todos los aspectos ambientales y sectoriales involucrados\u201d.<\/p>\n<p>Estas acciones solicitadas a la minera deben ejecutarse entre 10 a 20 d\u00edas, y posteriormente ser reportadas a la SMA para el an\u00e1lisis correspondiente, en el marco del proceso sancionatorio que se lleva a cabo contra esta empresa (<a href=\"https:\/\/snifa.sma.gob.cl\/Sancionatorio\/Ficha\/3035\">https:\/\/snifa.sma.gob.cl\/Sancionatorio\/Ficha\/3035<\/a>).<\/p>\n<p>M\u00e1s informaci\u00f3n en el Sistema Nacional de Informaci\u00f3n de Fiscalizaci\u00f3n Ambiental (SNIFA):\u00a0<a href=\"https:\/\/snifa.sma.gob.cl\/MedidaProvisional\/Ficha\/389\">https:\/\/snifa.sma.gob.cl\/MedidaProvisional\/Ficha\/389<\/a><\/p>\n","protected":false},"excerpt":{"rendered":"<p>En base a antecedentes que dan cuenta de nuevas filtraciones en el sector afectado por el socav\u00f3n de Mina Alcaparrosa, se requieren informes para analizar su impacto, especialmente en el acu\u00edfero del R\u00edo Copiap\u00f3. Tierra Amarilla, 15 de febrero de 2023.\u00a0La Superintendencia del Medio Ambiente (SMA) renov\u00f3, por tercera vez, la medida provisional procedimental \u2013por un <a href=\"https:\/\/portal.sma.gob.cl\/index.php\/sma-solicita-nueva-medida-provisional-a-minera-ojos-del-salado-tras-socavon-en-tierra-amarilla\/\">Leer m\u00e1s<\/a><\/p>\n","protected":false},"author":8,"featured_media":25977,"comment_status":"open","ping_status":"open","sticky":false,"template":"","format":"standard","meta":{"footnotes":""},"categories":[90,107,224],"tags":[],"class_list":["post-25975","post","type-post","status-publish","format-standard","has-post-thumbnail","hentry","category-comunicados-noticias","category-destacado","category-macrozona-norte"],"_links":{"self":[{"href":"https:\/\/portal.sma.gob.cl\/index.php\/wp-json\/wp\/v2\/posts\/25975","targetHints":{"allow":["GET"]}}],"collection":[{"href":"https:\/\/portal.sma.gob.cl\/index.php\/wp-json\/wp\/v2\/posts"}],"about":[{"href":"https:\/\/portal.sma.gob.cl\/index.php\/wp-json\/wp\/v2\/types\/post"}],"author":[{"embeddable":true,"href":"https:\/\/portal.sma.gob.cl\/index.php\/wp-json\/wp\/v2\/users\/8"}],"replies":[{"embeddable":true,"href":"https:\/\/portal.sma.gob.cl\/index.php\/wp-json\/wp\/v2\/comments?post=25975"}],"version-history":[{"count":3,"href":"https:\/\/portal.sma.gob.cl\/index.php\/wp-json\/wp\/v2\/posts\/25975\/revisions"}],"predecessor-version":[{"id":25981,"href":"https:\/\/portal.sma.gob.cl\/index.php\/wp-json\/wp\/v2\/posts\/25975\/revisions\/25981"}],"wp:featuredmedia":[{"embeddable":true,"href":"https:\/\/portal.sma.gob.cl\/index.php\/wp-json\/wp\/v2\/media\/25977"}],"wp:attachment":[{"href":"https:\/\/portal.sma.gob.cl\/index.php\/wp-json\/wp\/v2\/media?parent=25975"}],"wp:term":[{"taxonomy":"category","embeddable":true,"href":"https:\/\/portal.sma.gob.cl\/index.php\/wp-json\/wp\/v2\/categories?post=25975"},{"taxonomy":"post_tag","embeddable":true,"href":"https:\/\/portal.sma.gob.cl\/index.php\/wp-json\/wp\/v2\/tags?post=25975"}],"curies":[{"name":"wp","href":"https:\/\/api.w.org\/{rel}","templated":true}]}}