{"id":25991,"date":"2023-02-20T14:00:08","date_gmt":"2023-02-20T17:00:08","guid":{"rendered":"https:\/\/portal.sma.gob.cl\/?p=25991"},"modified":"2023-02-20T14:45:50","modified_gmt":"2023-02-20T17:45:50","slug":"arica-sma-ordena-medidas-a-avicola-tras-denuncias-de-vecinos-afectados-por-malos-olores","status":"publish","type":"post","link":"https:\/\/portal.sma.gob.cl\/index.php\/arica-sma-ordena-medidas-a-avicola-tras-denuncias-de-vecinos-afectados-por-malos-olores\/","title":{"rendered":"Arica: SMA ordena medidas a av\u00edcola tras denuncias de vecinos afectados por malos olores"},"content":{"rendered":"<ul>\n<li><strong>Cinco ser\u00e1n las medidas que deber\u00e1 implementar la empresa Agr\u00edcola Tarapac\u00e1. Presentar y ejecutar un plan de manejo de guano, uno de gesti\u00f3n de mortandades y otro de gesti\u00f3n de residuos org\u00e1nicos, se encuentran dentro de las actividades que deber\u00e1 aplicar.<\/strong><\/li>\n<\/ul>\n<p><!--more--><\/p>\n<p><strong>Arica, 20 de febrero de 2023.<\/strong> La Superintendencia del Medio Ambiente (SMA) ha ordenado cinco medidas provisionales pre procedimentales en contra la empresa Agr\u00edcola Tarapac\u00e1 S.A, titular del proyecto Agr\u00edcola Tarapac\u00e1 Lluta. Respecto a esta unidad, la Oficina Regional de la SMA ha recibido m\u00faltiples denuncias, especialmente por los olores que han aparecido en sus hogares.<\/p>\n<p>Cabe destacar que este proyecto contempla actividades de crianza, engorda, postura y reproducci\u00f3n de aves en \u2014al menos\u2014 116 galpones en estado operativo, con una capacidad m\u00e1xima total 1.968.000 aves, en distintos sectores del Valle de Lluta, comuna de Arica.<\/p>\n<p>La Superintendenta del Medio Ambiente, Marie Claude Plumer, explic\u00f3 que \u201clos olores que se perciben como desagradables generan un riesgo en la salud de las personas y alteran de manera significativa los sistemas de vida y costumbre de grupos humanos para m\u00e1s de 500 habitantes de la localidad de Valle Hermoso\u201d.<\/p>\n<p>Por esta raz\u00f3n, la SMA orden\u00f3 5 medidas provisionales a la empresa que incluyen, entre otras cosas, presentar y ejecutar un plan de manejo de guano; uno para la gesti\u00f3n de mortandades; otro para la gesti\u00f3n de residuos org\u00e1nicos; y un plan de monitoreo de olores. A eso, se suma que deber\u00e1 informar a la Superintendencia, el avance en la implementaci\u00f3n y ejecuci\u00f3n de los planes.<\/p>\n<p>La Jefa de la Oficina Regional de la SMA en Arica y Parinacota, Tania Gonz\u00e1lez, indic\u00f3 que respecto esta faena: \u201cse ha podido constatar que las actividades de crianza, engorda y reproducci\u00f3n de aves siguen ejecut\u00e1ndose sin contar con una Resoluci\u00f3n de Calificaci\u00f3n Ambiental (RCA), ni medidas de control de olores y emisiones atmosf\u00e9ricas de fuentes fijas y m\u00f3viles, limit\u00e1ndose la empresa al retiro de guano parcial al final de cada ciclo productivo y el retiro de mortalidades diariamente\u201d.<\/p>\n<p><strong>Requerimiento de evaluaci\u00f3n ambiental<\/strong><\/p>\n<p>Anteriormente, la SMA hab\u00eda iniciado un procedimiento de requerimiento de ingreso al Sistema de Evaluaci\u00f3n de Impacto Ambiental (SEIA), mediante <a href=\"https:\/\/snifa.sma.gob.cl\/RequerimientoIngreso\/Ficha\/122\">REQ-025-2021<\/a>, verificando una posible elusi\u00f3n al SEIA. Como respuesta, en julio de 2022 la empresa Agr\u00edcola Tarapac\u00e1 S.A. ingres\u00f3 tres Declaraciones de Impacto Ambiental (DIA) para su evaluaci\u00f3n en el SEIA, las que se encuentran, a la fecha, terminados por el Servicio de Evaluaci\u00f3n Ambiental de forma anticipada, al carecer de informaci\u00f3n relevante y esencial.<\/p>\n<blockquote><p>Para m\u00e1s detalles de esta medida provisional, debe ingresar al Sistema de Informaci\u00f3n de Fiscalizaci\u00f3n Ambiental (SNIFA) en este link: <a href=\"https:\/\/snifa.sma.gob.cl\/MedidaProvisional\/Ficha\/416\">https:\/\/snifa.sma.gob.cl\/MedidaProvisional\/Ficha\/416<\/a><\/p><\/blockquote>\n","protected":false},"excerpt":{"rendered":"<p>Cinco ser\u00e1n las medidas que deber\u00e1 implementar la empresa Agr\u00edcola Tarapac\u00e1. Presentar y ejecutar un plan de manejo de guano, uno de gesti\u00f3n de mortandades y otro de gesti\u00f3n de residuos org\u00e1nicos, se encuentran dentro de las actividades que deber\u00e1 aplicar.<\/p>\n","protected":false},"author":9,"featured_media":25993,"comment_status":"open","ping_status":"open","sticky":false,"template":"","format":"standard","meta":{"footnotes":""},"categories":[90,107,224],"tags":[],"class_list":["post-25991","post","type-post","status-publish","format-standard","has-post-thumbnail","hentry","category-comunicados-noticias","category-destacado","category-macrozona-norte"],"_links":{"self":[{"href":"https:\/\/portal.sma.gob.cl\/index.php\/wp-json\/wp\/v2\/posts\/25991","targetHints":{"allow":["GET"]}}],"collection":[{"href":"https:\/\/portal.sma.gob.cl\/index.php\/wp-json\/wp\/v2\/posts"}],"about":[{"href":"https:\/\/portal.sma.gob.cl\/index.php\/wp-json\/wp\/v2\/types\/post"}],"author":[{"embeddable":true,"href":"https:\/\/portal.sma.gob.cl\/index.php\/wp-json\/wp\/v2\/users\/9"}],"replies":[{"embeddable":true,"href":"https:\/\/portal.sma.gob.cl\/index.php\/wp-json\/wp\/v2\/comments?post=25991"}],"version-history":[{"count":3,"href":"https:\/\/portal.sma.gob.cl\/index.php\/wp-json\/wp\/v2\/posts\/25991\/revisions"}],"predecessor-version":[{"id":25995,"href":"https:\/\/portal.sma.gob.cl\/index.php\/wp-json\/wp\/v2\/posts\/25991\/revisions\/25995"}],"wp:featuredmedia":[{"embeddable":true,"href":"https:\/\/portal.sma.gob.cl\/index.php\/wp-json\/wp\/v2\/media\/25993"}],"wp:attachment":[{"href":"https:\/\/portal.sma.gob.cl\/index.php\/wp-json\/wp\/v2\/media?parent=25991"}],"wp:term":[{"taxonomy":"category","embeddable":true,"href":"https:\/\/portal.sma.gob.cl\/index.php\/wp-json\/wp\/v2\/categories?post=25991"},{"taxonomy":"post_tag","embeddable":true,"href":"https:\/\/portal.sma.gob.cl\/index.php\/wp-json\/wp\/v2\/tags?post=25991"}],"curies":[{"name":"wp","href":"https:\/\/api.w.org\/{rel}","templated":true}]}}