{"id":26026,"date":"2023-03-03T17:29:42","date_gmt":"2023-03-03T20:29:42","guid":{"rendered":"https:\/\/portal.sma.gob.cl\/?p=26026"},"modified":"2023-03-03T17:43:32","modified_gmt":"2023-03-03T20:43:32","slug":"valdivia-sma-dicta-medidas-provisionales-a-planta-de-aridos-maca","status":"publish","type":"post","link":"https:\/\/portal.sma.gob.cl\/index.php\/valdivia-sma-dicta-medidas-provisionales-a-planta-de-aridos-maca\/","title":{"rendered":"Valdivia: SMA dicta medidas provisionales a Planta de \u00c1ridos Maca"},"content":{"rendered":"<ul>\n<li><strong> Luego de varias denuncias e inspecciones la Superintendencia de Medio Ambiente orden\u00f3 el sellado de descargas al r\u00edo Traigu\u00e9n de la empresa productora de \u00e1ridos para la construcci\u00f3n.<\/strong><\/li>\n<\/ul>\n<p><!--more--><\/p>\n<p><strong>Valdivia, 03 de marzo de 2023.<\/strong> La Superintendencia del Medio Ambiente ha dictado medidas provisionales contra la empresa de \u00e1ridos Maca Servicios de La Uni\u00f3n, consistentes en el sellado de todas sus descargas al estero Traigu\u00e9n, afluente del R\u00edo Bueno.<\/p>\n<p>\u201cEstas medidas se dictan luego de constantes denuncias ciudadanas, y fiscalizaciones en las que se detect\u00f3 material limoso y sedimentos que han afectado al mencionado cuerpo de agua. Adem\u00e1s se le exige a la empresa un completo monitoreo, hasta demostrar demostrar el cumplimiento de normativa ambiental\u201d, explica el Jefe Regional de la SMA en Los R\u00edos, Eduardo Rodr\u00edguez.<\/p>\n<p>La decisi\u00f3n de la SMA se gatilla a prop\u00f3sito de diversas denuncias, incluso en publicaciones en medios de comunicaci\u00f3n que daban cuenta de descargas al estero Traigu\u00e9n, de color blanquecino, con mucho material limoso, y con alta presencia de s\u00f3lidos suspendidos. Los Residuos de la empresa se originan a partir del proceso de molienda, y lavado de \u00e1ridos, destinado a obras de la construcci\u00f3n. Cabe mencionar que no es la primera vez que la empresa afecta al estero Traigu\u00e9n con sus riles, de hecho, en el a\u00f1o 2019, producto de las lluvias, se rebalso la piscina N\u00b05, la que colinda con ese estero, originando una descarga descontrolada al Traigu\u00e9n lo que tambi\u00e9n afect\u00f3 el R\u00edo Bueno.<\/p>\n<p>En total, se le ordenan a la empresa la adopci\u00f3n de 4 medidas:<\/p>\n<ol>\n<li>Acreditar la ejecuci\u00f3n de acciones para el cumplimiento de la Resoluci\u00f3n Exenta N\u00b0 470, de 13 de marzo de 2020, de forma de que los RILES vertidos al r\u00edo Traigu\u00e9n se encuentren dentro de los par\u00e1metros que define la norma de emisi\u00f3n contenida en el D.S. N\u00b090\/2000 MINSEGPRES. Lo anterior deber\u00e1 considerar, a lo menos, la instalaci\u00f3n de una c\u00e1mara de muestreo, la instalaci\u00f3n de alg\u00fan dispositivo para determinar el caudal de la descarga -como un fluvi\u00f3metro- as\u00ed como tambi\u00e9n la mantenci\u00f3n y limpieza del actual sistema de decantaci\u00f3n mediante piscinas. Se recomienda de igual forma la implementaci\u00f3n de un sistema de recirculaci\u00f3n para la mejora de los RILES.<\/li>\n<li>Presentar un plan de contingencia ambiental que tenga por objeto evitar cualquier tipo de rebalses de las piscinas de decantaci\u00f3n, en especial la N\u00b05.<\/li>\n<li>Facilitar el ingreso de funcionarios de la Superintendencia del Medio Ambiente, y de quienes ellos requieran, para instruir el sellado de la ca\u00f1er\u00eda de desag\u00fce ubicada en la piscina N\u00b0 5, desde donde estar\u00edan siendo descargados los RILES que amenazan la calidad de agua del r\u00edo Traigu\u00e9n.<\/li>\n<li>Prohibir la realizaci\u00f3n de actividades de lavado de material y cualquier otra actividad que eleve los niveles de RILES presentes en las piscinas de decantaci\u00f3n, hasta que no sea retirados los sellos que se\u00f1ala la medida definida en el numeral tercero, precedente, para evitar posibles desbordes y rebalses de las mismas.<\/li>\n<\/ol>\n<p>Una vez notificada la medida, la empresa debe sellar inmediatamente toda descarga al estero Traigu\u00e9n e implementar las medidas correctivas. Las mediciones solicitadas en el marco de la medida provisional deber\u00e1n ser representativas de la calidad del r\u00edo Traigu\u00e9n, y ser realizadas aguas arriba y aguas debajo de la fuente.\u00a0\u00a0\u00a0\u00a0\u00a0\u00a0\u00a0\u00a0\u00a0 De igual manera, estas deber\u00e1n ser realizadas por una Entidad T\u00e9cnica de Fiscalizaci\u00f3n Ambiental (ETFA), autorizada en los alcances correspondientes.<\/p>\n","protected":false},"excerpt":{"rendered":"<p>Luego de varias denuncias e inspecciones la Superintendencia de Medio Ambiente orden\u00f3 el sellado de descargas al r\u00edo Traigu\u00e9n de la empresa productora de \u00e1ridos para la construcci\u00f3n.<\/p>\n","protected":false},"author":9,"featured_media":26030,"comment_status":"open","ping_status":"open","sticky":false,"template":"","format":"standard","meta":{"footnotes":""},"categories":[90,226],"tags":[],"class_list":["post-26026","post","type-post","status-publish","format-standard","has-post-thumbnail","hentry","category-comunicados-noticias","category-macrozona-sur"],"_links":{"self":[{"href":"https:\/\/portal.sma.gob.cl\/index.php\/wp-json\/wp\/v2\/posts\/26026","targetHints":{"allow":["GET"]}}],"collection":[{"href":"https:\/\/portal.sma.gob.cl\/index.php\/wp-json\/wp\/v2\/posts"}],"about":[{"href":"https:\/\/portal.sma.gob.cl\/index.php\/wp-json\/wp\/v2\/types\/post"}],"author":[{"embeddable":true,"href":"https:\/\/portal.sma.gob.cl\/index.php\/wp-json\/wp\/v2\/users\/9"}],"replies":[{"embeddable":true,"href":"https:\/\/portal.sma.gob.cl\/index.php\/wp-json\/wp\/v2\/comments?post=26026"}],"version-history":[{"count":2,"href":"https:\/\/portal.sma.gob.cl\/index.php\/wp-json\/wp\/v2\/posts\/26026\/revisions"}],"predecessor-version":[{"id":26031,"href":"https:\/\/portal.sma.gob.cl\/index.php\/wp-json\/wp\/v2\/posts\/26026\/revisions\/26031"}],"wp:featuredmedia":[{"embeddable":true,"href":"https:\/\/portal.sma.gob.cl\/index.php\/wp-json\/wp\/v2\/media\/26030"}],"wp:attachment":[{"href":"https:\/\/portal.sma.gob.cl\/index.php\/wp-json\/wp\/v2\/media?parent=26026"}],"wp:term":[{"taxonomy":"category","embeddable":true,"href":"https:\/\/portal.sma.gob.cl\/index.php\/wp-json\/wp\/v2\/categories?post=26026"},{"taxonomy":"post_tag","embeddable":true,"href":"https:\/\/portal.sma.gob.cl\/index.php\/wp-json\/wp\/v2\/tags?post=26026"}],"curies":[{"name":"wp","href":"https:\/\/api.w.org\/{rel}","templated":true}]}}