{"id":26038,"date":"2023-03-06T15:12:47","date_gmt":"2023-03-06T18:12:47","guid":{"rendered":"https:\/\/portal.sma.gob.cl\/?p=26038"},"modified":"2023-03-16T15:04:23","modified_gmt":"2023-03-16T18:04:23","slug":"superintendenta-plumer-realiza-primer-viaje-de-su-gestion-y-se-traslada-a-atacama-para-reunirse-con-autoridades","status":"publish","type":"post","link":"https:\/\/portal.sma.gob.cl\/index.php\/superintendenta-plumer-realiza-primer-viaje-de-su-gestion-y-se-traslada-a-atacama-para-reunirse-con-autoridades\/","title":{"rendered":"Superintendenta Plumer realiza primer viaje de su gesti\u00f3n y se traslada a Atacama para reunirse con autoridades"},"content":{"rendered":"<ul>\n<li><strong> La m\u00e1xima autoridad de la SMA tambi\u00e9n realiz\u00f3 una visita t\u00e9cnica al proyecto de Dep\u00f3sito de Relaves de CAP en Huasco.<\/strong><\/li>\n<\/ul>\n<p><!--more--><\/p>\n<p><strong>Copiap\u00f3, 03 de marzo de 2023.<\/strong> Con el objetivo de conocer las preocupaciones y desaf\u00edos de la zona en materia medioambiental, es que la Superintendenta del Medio Ambiente, Marie Claude Plumer, realiz\u00f3 el jueves su primera visita oficial a la Regi\u00f3n de Atacama. Fueron dos d\u00edas de trabajo en los que la jefa del organismo se reuni\u00f3 con distintas autoridades con quienes convers\u00f3 sobre los diversos proyectos de la regi\u00f3n y su impacto en la ciudadan\u00eda.<\/p>\n<p>As\u00ed, sostuvo encuentros de trabajo con el Delegado Presidencial Regional, Cristhian Fuentes; la Seremi de Medio Ambiente, Natalia Penroz; y tambi\u00e9n con el equipo regional de la SMA y del Servicio de Evaluaci\u00f3n Ambiental (SEA).<\/p>\n<p>\u201cMi visita a la regi\u00f3n busca conocer la realidad local de parte de los propios actores, comprender los desaf\u00edos y las principales preocupaciones que existen. Desde la Superintendencia tenemos como especial desaf\u00edo estar presentes en los territorios, entendiendo que existe un bienestar social detr\u00e1s de nuestro trabajo\u201d, explic\u00f3 la Superintendenta Plumer.<\/p>\n<p>Junto con esto, la Superintendenta, acompa\u00f1ada del jefe regional de la SMA, Felipe S\u00e1nchez, se reuni\u00f3 con el alcalde de Huasco, Genaro Brice\u00f1o, y realiz\u00f3 una visita t\u00e9cnica al Proyecto Dep\u00f3sito de Relaves Filtrados \u2013 Planta Pellets, de CAP en Huasco. En esta instalaci\u00f3n se est\u00e1 ejecutando un Programa de Cumplimiento por parte de la empresa, tras el inicio de un procedimiento sancionatorio por parte de la SMA en 2018.<\/p>\n<p>\u201cEs muy importante estar en contacto con los territorios. Solo en esta regi\u00f3n existen m\u00e1s de 600 unidades fiscalizables catastradas por la SMA y casi 700 denuncias. En ese contexto, y desde que se inaugur\u00f3 la Oficina Regional en 2015, ha habido grandes procedimientos sancionatorios, como Pascua Lama, Caserones, Candelaria, y se han cursado importantes multas, como tambi\u00e9n aprobado programas de cumplimiento que actualmente se encuentran en ejecuci\u00f3n\u201d, dijo la Superintendenta.<\/p>\n<p>Adem\u00e1s, agreg\u00f3 que \u201cla SMA seguir\u00e1 avanzando en cobertura y en oportunidad en las respuestas para asegurar el cumplimiento ambiental. Dicho esto, creo que es importante recordar que el cumplimiento ambiental es un imperativo, no basta que las empresas cuenten con una autorizaci\u00f3n, tambi\u00e9n tienen que cumplirla\u201d.<\/p>\n","protected":false},"excerpt":{"rendered":"<p>La m\u00e1xima autoridad de la SMA tambi\u00e9n realiz\u00f3 una visita t\u00e9cnica al proyecto de Dep\u00f3sito de Relaves de CAP en Huasco.<\/p>\n","protected":false},"author":9,"featured_media":26045,"comment_status":"open","ping_status":"open","sticky":false,"template":"","format":"standard","meta":{"footnotes":""},"categories":[90,107,224],"tags":[],"class_list":["post-26038","post","type-post","status-publish","format-standard","has-post-thumbnail","hentry","category-comunicados-noticias","category-destacado","category-macrozona-norte"],"_links":{"self":[{"href":"https:\/\/portal.sma.gob.cl\/index.php\/wp-json\/wp\/v2\/posts\/26038","targetHints":{"allow":["GET"]}}],"collection":[{"href":"https:\/\/portal.sma.gob.cl\/index.php\/wp-json\/wp\/v2\/posts"}],"about":[{"href":"https:\/\/portal.sma.gob.cl\/index.php\/wp-json\/wp\/v2\/types\/post"}],"author":[{"embeddable":true,"href":"https:\/\/portal.sma.gob.cl\/index.php\/wp-json\/wp\/v2\/users\/9"}],"replies":[{"embeddable":true,"href":"https:\/\/portal.sma.gob.cl\/index.php\/wp-json\/wp\/v2\/comments?post=26038"}],"version-history":[{"count":1,"href":"https:\/\/portal.sma.gob.cl\/index.php\/wp-json\/wp\/v2\/posts\/26038\/revisions"}],"predecessor-version":[{"id":26039,"href":"https:\/\/portal.sma.gob.cl\/index.php\/wp-json\/wp\/v2\/posts\/26038\/revisions\/26039"}],"wp:featuredmedia":[{"embeddable":true,"href":"https:\/\/portal.sma.gob.cl\/index.php\/wp-json\/wp\/v2\/media\/26045"}],"wp:attachment":[{"href":"https:\/\/portal.sma.gob.cl\/index.php\/wp-json\/wp\/v2\/media?parent=26038"}],"wp:term":[{"taxonomy":"category","embeddable":true,"href":"https:\/\/portal.sma.gob.cl\/index.php\/wp-json\/wp\/v2\/categories?post=26038"},{"taxonomy":"post_tag","embeddable":true,"href":"https:\/\/portal.sma.gob.cl\/index.php\/wp-json\/wp\/v2\/tags?post=26038"}],"curies":[{"name":"wp","href":"https:\/\/api.w.org\/{rel}","templated":true}]}}