{"id":26085,"date":"2023-03-09T14:25:40","date_gmt":"2023-03-09T17:25:40","guid":{"rendered":"https:\/\/portal.sma.gob.cl\/?p=26085"},"modified":"2023-03-16T14:27:20","modified_gmt":"2023-03-16T17:27:20","slug":"con-gran-participacion-se-realizo-conversatorio-sobre-desafios-ambientales-desde-la-perspectiva-de-genero","status":"publish","type":"post","link":"https:\/\/portal.sma.gob.cl\/index.php\/con-gran-participacion-se-realizo-conversatorio-sobre-desafios-ambientales-desde-la-perspectiva-de-genero\/","title":{"rendered":"Con gran participaci\u00f3n se realiz\u00f3 conversatorio sobre \u201cDesaf\u00edos Ambientales desde la perspectiva de G\u00e9nero\u201d"},"content":{"rendered":"<ul>\n<li><strong> La actividad cont\u00f3 con las exposiciones de las tres autoridades de la institucionalidad ambiental: la ministra Maisa Rojas; la Superintendenta Marie Claude Plumer y la Directora Ejecutiva del SEA, Valentina Dur\u00e1n.<\/strong><\/li>\n<\/ul>\n<p><strong>Santiago, 09 de marzo de 2023.<\/strong> Con una gran asistencia de p\u00fablico, se llev\u00f3 a cabo el conversatorio \u201cDesaf\u00edos Ambientales desde la perspectiva de G\u00e9nero\u201d, organizado en el marco de la conmemoraci\u00f3n del D\u00eda Internacional de la Mujer, y que fue transmitido a trav\u00e9s del sitio CodexVerde y de los canales digitales del Ministerio del Medio Ambiente<\/p>\n<p>La actividad cont\u00f3 con la participaci\u00f3n de las m\u00e1ximas autoridades de la actual institucionalidad ambiental de Chile: la ministra del Medio Ambiente, Maisa Rojas, la Superintendenta del Medio Ambiente, Marie Claude Plumer, y la Directora Ejecutiva del Servicio de Evaluaci\u00f3n Ambiental, Valentina Dur\u00e1n.<\/p>\n<p>El evento \u2014que fue realizado en el sal\u00f3n O\u2019Higgins de la Canciller\u00eda\u2014 fue inaugurado por la ministra de la Mujer y Equidad de G\u00e9nero, Antonia Orellana, quien envi\u00f3 un saludo a las y los participantes del evento: \u201cComo gobierno nos mueve una \u00e9tica de cuidado y aquello implica reconocernos como seres vulnerables e interdependientes, pero no s\u00f3lo entre humanas y humanos, sino que con y entre todas las formas de vida. En ese sentido, un gobierno feminista tambi\u00e9n se relaciona con los principios del buen vivir\u201d.<\/p>\n<p>Durante el conversatorio, las tres autoridades abordaron su experiencia en el mundo ambiental, recordaron a distintas mujeres que las han inspirado y se refirieron a los desaf\u00edos que han enfrentado a lo largo de su carrera. Adem\u00e1s, destacaron la importancia de incluir la perspectiva de g\u00e9nero en el an\u00e1lisis de los temas medioambientales y en la b\u00fasqueda de soluciones.<\/p>\n<p>As\u00ed, la ministra del Medio Ambiente, Maisa Rojas, se refiri\u00f3 a la crisis medioambiental y a la necesidad de que cada vez m\u00e1s mujeres participen en los espacios de toma de decisiones para enfrentar este desaf\u00edo. &#8220;El cambio clim\u00e1tico es un multiplicador de riesgos y amenazas en que las inequidades existentes se exacerban. En este contexto, las mujeres constituyen uno de los grupos m\u00e1s vulnerables en varios pa\u00edses del mundo. Por lo tanto, cuando se dise\u00f1an pol\u00edticas p\u00fablicas para enfrentar la triple crisis ambiental de cambio clim\u00e1tico, p\u00e9rdida de biodiversidad y contaminaci\u00f3n es muy importante que estas se aborden desde una perspectiva de g\u00e9nero&#8221;, expres\u00f3 la secretaria de Estado, quien agreg\u00f3 que &#8220;para alcanzar el desarrollo sostenible, el fortalecimiento de la institucionalidad ambiental es esencial y hoy esta institucionalidad est\u00e1 liderada por tres mujeres que se conocen entre s\u00ed, entre las que existe confianza y a las que las une un prop\u00f3sito com\u00fan&#8221;.<\/p>\n<p>Por su parte, la Superintendenta Marie Claude Plumer, resalt\u00f3 la importancia para la instituci\u00f3n de contar con el Sello Iguala, que reconoce a las entidades que han implementado exitosamente la Norma de Equidad de G\u00e9nero NCh3262. En cuanto a los desaf\u00edos institucionales, destac\u00f3 que \u201ctenemos que fortalecer la SMA que hoy enfrenta urgencias, provenientes de denuncias y contingencias, adem\u00e1s de la planificaci\u00f3n de actividades de fiscalizaci\u00f3n. Para esto tambi\u00e9n es importante la modificaci\u00f3n de la ley de la Superintendencia, que es un objetivo de gobierno. Con ello avanzaremos en eficacia y en eficiencia, lo que nos permitir\u00eda llegar oportunamente y resguardar los principales bienes jur\u00eddicos a los cuales la Superintendencia est\u00e1 obligada a resguardar, que es que asegurar un medioambiente sano para todos y todas\u201d.<\/p>\n<p>En tanto, la Directora Ejecutiva del SEA, Valentina Dur\u00e1n, destac\u00f3 la alta participaci\u00f3n de mujeres en puestos de jefatura de la repartici\u00f3n, que hoy alcanzan un 60%. Respecto a la evaluaci\u00f3n de proyectos, coment\u00f3 que a\u00fan persisten desaf\u00edos en cuanto a la participaci\u00f3n de las mujeres en el SEIA. \u201cPor ejemplo, en las participaciones ciudadanas, vemos que existe una dificultad de las mujeres para asistir a las reuniones porque muchas asumen labores de cuidado. No obstante, a nivel de observaciones de las PAC, vemos que el 55% son escritas por mujeres, por lo que hay que analizar c\u00f3mo se llevan a cabo estos procesos. Estamos trabajando en ello con nuestros equipos. Las mujeres somos la mitad de la poblaci\u00f3n y necesitamos ser escuchadas\u201d, puntualiz\u00f3.<\/p>\n","protected":false},"excerpt":{"rendered":"<p>La actividad cont\u00f3 con las exposiciones de las tres autoridades de la institucionalidad ambiental: la ministra Maisa Rojas; la Superintendenta Marie Claude Plumer y la Directora Ejecutiva del SEA, Valentina Dur\u00e1n. Santiago, 09 de marzo de 2023. Con una gran asistencia de p\u00fablico, se llev\u00f3 a cabo el conversatorio \u201cDesaf\u00edos Ambientales desde la perspectiva de G\u00e9nero\u201d, <a href=\"https:\/\/portal.sma.gob.cl\/index.php\/con-gran-participacion-se-realizo-conversatorio-sobre-desafios-ambientales-desde-la-perspectiva-de-genero\/\">Leer m\u00e1s<\/a><\/p>\n","protected":false},"author":8,"featured_media":26089,"comment_status":"open","ping_status":"open","sticky":false,"template":"","format":"standard","meta":{"footnotes":""},"categories":[90,107,225],"tags":[],"class_list":["post-26085","post","type-post","status-publish","format-standard","has-post-thumbnail","hentry","category-comunicados-noticias","category-destacado","category-macrozona-centro"],"_links":{"self":[{"href":"https:\/\/portal.sma.gob.cl\/index.php\/wp-json\/wp\/v2\/posts\/26085","targetHints":{"allow":["GET"]}}],"collection":[{"href":"https:\/\/portal.sma.gob.cl\/index.php\/wp-json\/wp\/v2\/posts"}],"about":[{"href":"https:\/\/portal.sma.gob.cl\/index.php\/wp-json\/wp\/v2\/types\/post"}],"author":[{"embeddable":true,"href":"https:\/\/portal.sma.gob.cl\/index.php\/wp-json\/wp\/v2\/users\/8"}],"replies":[{"embeddable":true,"href":"https:\/\/portal.sma.gob.cl\/index.php\/wp-json\/wp\/v2\/comments?post=26085"}],"version-history":[{"count":1,"href":"https:\/\/portal.sma.gob.cl\/index.php\/wp-json\/wp\/v2\/posts\/26085\/revisions"}],"predecessor-version":[{"id":26086,"href":"https:\/\/portal.sma.gob.cl\/index.php\/wp-json\/wp\/v2\/posts\/26085\/revisions\/26086"}],"wp:featuredmedia":[{"embeddable":true,"href":"https:\/\/portal.sma.gob.cl\/index.php\/wp-json\/wp\/v2\/media\/26089"}],"wp:attachment":[{"href":"https:\/\/portal.sma.gob.cl\/index.php\/wp-json\/wp\/v2\/media?parent=26085"}],"wp:term":[{"taxonomy":"category","embeddable":true,"href":"https:\/\/portal.sma.gob.cl\/index.php\/wp-json\/wp\/v2\/categories?post=26085"},{"taxonomy":"post_tag","embeddable":true,"href":"https:\/\/portal.sma.gob.cl\/index.php\/wp-json\/wp\/v2\/tags?post=26085"}],"curies":[{"name":"wp","href":"https:\/\/api.w.org\/{rel}","templated":true}]}}