{"id":26107,"date":"2023-03-14T12:52:37","date_gmt":"2023-03-14T15:52:37","guid":{"rendered":"https:\/\/portal.sma.gob.cl\/?p=26107"},"modified":"2023-03-14T13:26:07","modified_gmt":"2023-03-14T16:26:07","slug":"sma-inicia-proceso-sancionatorio-contra-empresa-agricola-tarapaca-s-a","status":"publish","type":"post","link":"https:\/\/portal.sma.gob.cl\/index.php\/sma-inicia-proceso-sancionatorio-contra-empresa-agricola-tarapaca-s-a\/","title":{"rendered":"SMA inicia proceso sancionatorio contra empresa  Agr\u00edcola Tarapac\u00e1"},"content":{"rendered":"<ul>\n<li><strong>La decisi\u00f3n se adopta luego de analizar denuncias por malos olores en hogares de comunidades aleda\u00f1as al proyecto Agr\u00edcola Tarapac\u00e1 Lluta. La SMA constat\u00f3 que el proyecto opera vol\u00famenes industriales de crianza, engorda, postura y reproducci\u00f3n de aves sin contar con una Resoluci\u00f3n de Calificaci\u00f3n Ambiental.<\/strong><strong><br \/>\n<\/strong><\/li>\n<\/ul>\n<p><strong>Arica, 14 de marzo de 2023. <\/strong>La Superintendencia del Medio Ambiente (SMA) ha formulado cargos en contra de la empresa Agr\u00edcola Tarapac\u00e1 S.A., titular del proyecto Agr\u00edcola Tarapac\u00e1 Lluta \u2014un plantel av\u00edcola\u2014, luego de recibir denuncias por los olores que han sentido en hogares de comunidades aleda\u00f1as a dicho proyecto y tras constatar que este opera sin el permiso ambiental respectivo.<\/p>\n<p>La unidad fiscalizable Agr\u00edcola Tarapac\u00e1 Lluta consiste en el desarrollo de actividades de crianza, engorda, postura y reproducci\u00f3n de aves, con una capacidad m\u00e1xima total de alojamiento superior a las 1.968.000 aves, en galpones emplazados en distintos sectores del Valle de Lluta, entre los Km 1,5 y 12 de la Ruta 11 CH, comuna de Arica, regi\u00f3n de Arica y Parinacota.<\/p>\n<p>Luego de un procedimiento de requerimiento de ingreso al SEIA de dicho proyecto, medidas provisionales pre procedimentales ordenadas en febrero de este a\u00f1o y el an\u00e1lisis de otros antecedentes, la SMA formul\u00f3 un cargo clasificado como grav\u00edsimo debido a la construcci\u00f3n y operaci\u00f3n de un proyecto consistente en planteles y establos de crianza, engorda, postura y reproducci\u00f3n de animales av\u00edcolas de dimensiones industriales, con una capacidad para alojar diariamente una cantidad superior a 85.000 pollos y 60.000 gallinas, sin contar con la respectiva RCA, en circunstancias que constituye un cambio de consideraci\u00f3n del proyecto original de Agr\u00edcola Tarapac\u00e1 S.A.<\/p>\n<p>Al respecto, la jefa de la Oficina Regional de Arica y Parinacota de la SMA, Tania Gonz\u00e1lez explic\u00f3 que \u201clos olores que se perciben como desagradables generar\u00edan un riesgo en la salud de las personas y alterar\u00edan de manera significativa los sistemas de vida y costumbre de grupos humanos de esta zona del pa\u00eds. A partir de esta formulaci\u00f3n de cargos se inicia el procedimiento sancionatorio respectivo, permitiendo al titular formular descargos o presentar un programa de cumplimiento, si correspondiere\u201d.<\/p>\n<p>Cabe se\u00f1alar que una infracci\u00f3n clasificada como grav\u00edsima puede finalizar en multas de hasta 10.000 Unidades Tributarias Anuales (UTA), clausura o revocaci\u00f3n de la RCA. Debido a lo anterior, la empresa Agr\u00edcola Tarapac\u00e1 S.A. arriesga una sanci\u00f3n de hasta 10.000 Unidades Tributarias Anuales (UTA), equivalente a m\u00e1s $7.494 millones.<\/p>\n<blockquote><p>Para m\u00e1s detalles de esta formulaci\u00f3n de cargos, debe ingresar al Sistema de Informaci\u00f3n de Fiscalizaci\u00f3n Ambiental (SNIFA) en este link: <a href=\"https:\/\/snifa.sma.gob.cl\/Sancionatorio\/Ficha\/3224\">https:\/\/snifa.sma.gob.cl\/Sancionatorio\/Ficha\/3224<\/a><\/p><\/blockquote>\n<p>&nbsp;<\/p>\n","protected":false},"excerpt":{"rendered":"<p>La decisi\u00f3n se adopta luego de analizar denuncias por malos olores en hogares de comunidades aleda\u00f1as al proyecto Agr\u00edcola Tarapac\u00e1 Lluta. La SMA constat\u00f3 que el proyecto opera vol\u00famenes industriales de crianza, engorda, postura y reproducci\u00f3n de aves sin contar con una Resoluci\u00f3n de Calificaci\u00f3n Ambiental. Arica, 14 de marzo de 2023. La Superintendencia del Medio <a href=\"https:\/\/portal.sma.gob.cl\/index.php\/sma-inicia-proceso-sancionatorio-contra-empresa-agricola-tarapaca-s-a\/\">Leer m\u00e1s<\/a><\/p>\n","protected":false},"author":8,"featured_media":25993,"comment_status":"open","ping_status":"open","sticky":false,"template":"","format":"standard","meta":{"footnotes":""},"categories":[90,224],"tags":[],"class_list":["post-26107","post","type-post","status-publish","format-standard","has-post-thumbnail","hentry","category-comunicados-noticias","category-macrozona-norte"],"_links":{"self":[{"href":"https:\/\/portal.sma.gob.cl\/index.php\/wp-json\/wp\/v2\/posts\/26107","targetHints":{"allow":["GET"]}}],"collection":[{"href":"https:\/\/portal.sma.gob.cl\/index.php\/wp-json\/wp\/v2\/posts"}],"about":[{"href":"https:\/\/portal.sma.gob.cl\/index.php\/wp-json\/wp\/v2\/types\/post"}],"author":[{"embeddable":true,"href":"https:\/\/portal.sma.gob.cl\/index.php\/wp-json\/wp\/v2\/users\/8"}],"replies":[{"embeddable":true,"href":"https:\/\/portal.sma.gob.cl\/index.php\/wp-json\/wp\/v2\/comments?post=26107"}],"version-history":[{"count":5,"href":"https:\/\/portal.sma.gob.cl\/index.php\/wp-json\/wp\/v2\/posts\/26107\/revisions"}],"predecessor-version":[{"id":26114,"href":"https:\/\/portal.sma.gob.cl\/index.php\/wp-json\/wp\/v2\/posts\/26107\/revisions\/26114"}],"wp:featuredmedia":[{"embeddable":true,"href":"https:\/\/portal.sma.gob.cl\/index.php\/wp-json\/wp\/v2\/media\/25993"}],"wp:attachment":[{"href":"https:\/\/portal.sma.gob.cl\/index.php\/wp-json\/wp\/v2\/media?parent=26107"}],"wp:term":[{"taxonomy":"category","embeddable":true,"href":"https:\/\/portal.sma.gob.cl\/index.php\/wp-json\/wp\/v2\/categories?post=26107"},{"taxonomy":"post_tag","embeddable":true,"href":"https:\/\/portal.sma.gob.cl\/index.php\/wp-json\/wp\/v2\/tags?post=26107"}],"curies":[{"name":"wp","href":"https:\/\/api.w.org\/{rel}","templated":true}]}}