{"id":26133,"date":"2023-03-17T11:40:40","date_gmt":"2023-03-17T14:40:40","guid":{"rendered":"https:\/\/portal.sma.gob.cl\/?p=26133"},"modified":"2023-03-17T11:40:40","modified_gmt":"2023-03-17T14:40:40","slug":"superintendenta-del-medio-ambiente-participo-en-conversatorio-sobre-los-10-anos-del-segundo-tribunal-ambiental","status":"publish","type":"post","link":"https:\/\/portal.sma.gob.cl\/index.php\/superintendenta-del-medio-ambiente-participo-en-conversatorio-sobre-los-10-anos-del-segundo-tribunal-ambiental\/","title":{"rendered":"Superintendenta del Medio Ambiente particip\u00f3 en conversatorio sobre los 10 a\u00f1os del Segundo Tribunal Ambiental"},"content":{"rendered":"<ul>\n<li><strong>La actividad se enmarc\u00f3 dentro de la presentaci\u00f3n de la Cuenta P\u00fablica 2022 del organismo. Particip\u00f3 la Superintendenta Marie Claude Plumer, la Directora Ejecutiva del SEA, Valentina Dur\u00e1n, y el jefe de la Divisi\u00f3n Jur\u00eddica del Ministerio del Medio Ambiente, Ariel Espinoza.<\/strong><\/li>\n<\/ul>\n<p>Esta semana, se llev\u00f3 a cabo el conversatorio \u201c10 a\u00f1os del Segundo Tribunal Ambiental: aportes y proyecciones\u201d, que se dio en el marco de la Cuenta P\u00fablica 2022 del organismo y que busc\u00f3 relevar su rol y desaf\u00edos. En la actividad particip\u00f3 la Superintendenta del Medio Ambiente, Marie Claude Plumer, la Directora Ejecutiva del SEA, Valentina Dur\u00e1n, y el jefe de la Divisi\u00f3n Jur\u00eddica del Ministerio del Medio Ambiente, Ariel Espinoza.<\/p>\n<p>El encuentro tuvo como objetivo reflexionar entre la institucionalidad ambiental y la ciudadan\u00eda, acerca de los distintos conflictos ambientales, perspectivas, cambio clim\u00e1tico, entre otros temas.<\/p>\n<p>En la ocasi\u00f3n, la Superintendenta record\u00f3 que los tribunales ambientales se crearon como una condici\u00f3n de tramitaci\u00f3n de la nueva institucionalidad chilena.<\/p>\n<p>&#8220;Este tribunal, en particular, ha ido un poco m\u00e1s all\u00e1: en planes de manejo forestal, en materias de cuotas de pesca y otros instrumentos que son parte del debate acad\u00e9mico que pueda darse respecto de la competencia. Creo que el aporte es indudable, los tribunales ambientales son parte de la institucionalidad. Es dif\u00edcil entenderla sin estos\u201d, dijo.<\/p>\n<p>La m\u00e1xima autoridad del SEA agreg\u00f3 que \u201csin tribunales especializados ser\u00eda dif\u00edcil dar las certezas t\u00e9cnicas y jur\u00eddicas que hoy la ciudadan\u00eda reclama. Certezas tanto en relaci\u00f3n con los titulares de proyectos que las requieren, como con la ciudadan\u00eda que demanda la protecci\u00f3n del medioambiente\u201d.<\/p>\n<p>Por su parte, el jefe de la Divisi\u00f3n Jur\u00eddica del MMA, se\u00f1al\u00f3 que \u201ccreo que uno de los aspectos m\u00e1s fundamentales para los tomadores de decisi\u00f3n es este poder que tiene, a trav\u00e9s de esta composici\u00f3n mixta, que puede entrar en todos los \u00e1mbitos de la decisi\u00f3n. Todos estos aspectos est\u00e1n sujetos al control y eso fuerza a los organismos ambientales, eso pone una tensi\u00f3n interesante en los tomadores de decisi\u00f3n\u201d.<\/p>\n<p>Revisa el evento en: <a href=\"https:\/\/www.youtube.com\/channel\/UC2rXWLKuD37JcBOAG3nJ14Q?sub_confirmation=1\">https:\/\/www.youtube.com\/channel\/UC2rXWLKuD37JcBOAG3nJ14Q?sub_confirmation=1\u00a0<\/a><\/p>\n","protected":false},"excerpt":{"rendered":"<p>La actividad se enmarc\u00f3 dentro de la presentaci\u00f3n de la Cuenta P\u00fablica 2022 del organismo. Particip\u00f3 la Superintendenta Marie Claude Plumer, la Directora Ejecutiva del SEA, Valentina Dur\u00e1n, y el jefe de la Divisi\u00f3n Jur\u00eddica del Ministerio del Medio Ambiente, Ariel Espinoza. Esta semana, se llev\u00f3 a cabo el conversatorio \u201c10 a\u00f1os del Segundo Tribunal Ambiental: <a href=\"https:\/\/portal.sma.gob.cl\/index.php\/superintendenta-del-medio-ambiente-participo-en-conversatorio-sobre-los-10-anos-del-segundo-tribunal-ambiental\/\">Leer m\u00e1s<\/a><\/p>\n","protected":false},"author":13,"featured_media":26134,"comment_status":"open","ping_status":"open","sticky":false,"template":"","format":"standard","meta":{"footnotes":""},"categories":[90,225],"tags":[],"class_list":["post-26133","post","type-post","status-publish","format-standard","has-post-thumbnail","hentry","category-comunicados-noticias","category-macrozona-centro"],"_links":{"self":[{"href":"https:\/\/portal.sma.gob.cl\/index.php\/wp-json\/wp\/v2\/posts\/26133","targetHints":{"allow":["GET"]}}],"collection":[{"href":"https:\/\/portal.sma.gob.cl\/index.php\/wp-json\/wp\/v2\/posts"}],"about":[{"href":"https:\/\/portal.sma.gob.cl\/index.php\/wp-json\/wp\/v2\/types\/post"}],"author":[{"embeddable":true,"href":"https:\/\/portal.sma.gob.cl\/index.php\/wp-json\/wp\/v2\/users\/13"}],"replies":[{"embeddable":true,"href":"https:\/\/portal.sma.gob.cl\/index.php\/wp-json\/wp\/v2\/comments?post=26133"}],"version-history":[{"count":1,"href":"https:\/\/portal.sma.gob.cl\/index.php\/wp-json\/wp\/v2\/posts\/26133\/revisions"}],"predecessor-version":[{"id":26135,"href":"https:\/\/portal.sma.gob.cl\/index.php\/wp-json\/wp\/v2\/posts\/26133\/revisions\/26135"}],"wp:featuredmedia":[{"embeddable":true,"href":"https:\/\/portal.sma.gob.cl\/index.php\/wp-json\/wp\/v2\/media\/26134"}],"wp:attachment":[{"href":"https:\/\/portal.sma.gob.cl\/index.php\/wp-json\/wp\/v2\/media?parent=26133"}],"wp:term":[{"taxonomy":"category","embeddable":true,"href":"https:\/\/portal.sma.gob.cl\/index.php\/wp-json\/wp\/v2\/categories?post=26133"},{"taxonomy":"post_tag","embeddable":true,"href":"https:\/\/portal.sma.gob.cl\/index.php\/wp-json\/wp\/v2\/tags?post=26133"}],"curies":[{"name":"wp","href":"https:\/\/api.w.org\/{rel}","templated":true}]}}