{"id":26136,"date":"2023-03-20T12:35:49","date_gmt":"2023-03-20T15:35:49","guid":{"rendered":"https:\/\/portal.sma.gob.cl\/?p=26136"},"modified":"2023-03-20T12:35:49","modified_gmt":"2023-03-20T15:35:49","slug":"sma-entrega-indicaciones-tecnicas-a-empresas-de-quintero-ventanas-y-puchuncavi-que-deberan-instalar-sensores-para-medir-contaminantes-atmosfericos","status":"publish","type":"post","link":"https:\/\/portal.sma.gob.cl\/index.php\/sma-entrega-indicaciones-tecnicas-a-empresas-de-quintero-ventanas-y-puchuncavi-que-deberan-instalar-sensores-para-medir-contaminantes-atmosfericos\/","title":{"rendered":"SMA entrega indicaciones t\u00e9cnicas a empresas de Quintero, Ventanas y Puchuncav\u00ed que deber\u00e1n instalar sensores para medir contaminantes atmosf\u00e9ricos"},"content":{"rendered":"<ul>\n<li><strong>La medida busca establecer alertas tempranas para evitar que la contaminaci\u00f3n se propague a la poblaci\u00f3n. <\/strong><\/li>\n<li><strong>Esta medida se estableci\u00f3 en el acuerdo tripartito entre la SMA, la Asociaci\u00f3n de Industriales (ASIVA) y el Consejo para la Recuperaci\u00f3n Ambiental y Social (CRAS).<\/strong><\/li>\n<\/ul>\n<p><strong>Puchuncav\u00ed, 16 de marzo de 2023.<\/strong>\u00a0Previo a que comience el periodo de Gesti\u00f3n de Episodios Cr\u00edticos (GEC) en la Regi\u00f3n de Valpara\u00edso, la Superintendencia del Medio Ambiente (SMA) realiz\u00f3 una serie de recomendaciones t\u00e9cnicas a las empresas del cord\u00f3n industrial de Quintero, Ventanas y Puchuncav\u00ed (QVP) para la instalaci\u00f3n de nuevos sensores de gases atmosf\u00e9ricos que deber\u00e1n disponerse en esa zona y evitar, con esto, que la contaminaci\u00f3n se propague a la poblaci\u00f3n.<\/p>\n<p>Desde el inicio de las situaciones de emergencia por contaminaci\u00f3n del aire (desde agosto de 2018), que han provocado intoxicaciones por inhalaci\u00f3n de contaminantes atmosf\u00e9ricos de las personas que viven o colindan el cord\u00f3n industrial QVP, la SMA se ha dedicado a monitorear de cerca el cumplimiento ambiental de las empresas instaladas y sus planes operacionales, en el marco del Plan de Descontaminaci\u00f3n.<\/p>\n<p>Este a\u00f1o 2023, y de acuerdo a lo resuelto en la mesa de trabajo que se dispuso durante 2022 en la que participa la Superintendencia, el Consejo para la Recuperaci\u00f3n Ambiental y Social (CRAS), y la Asociaci\u00f3n de Industriales (ASIVA), se va un paso m\u00e1s all\u00e1: se instar\u00e1 a las 28 empresas que componen el cord\u00f3n industrial (entre ellas Codelco, Enap, AES Gener, Enex, Copec, Abastible, Lipigas, y otras) a instalar sensores de gases atmosf\u00e9ricos en distintos lugares de las tres comunas de la Regi\u00f3n. Esto tiene como fin poder identificar con mayor precisi\u00f3n los compuestos org\u00e1nicos vol\u00e1tiles y sus concentraciones en las zonas en observaci\u00f3n.<\/p>\n<p>Los sensores deber\u00e1n instalarse lo antes posible, de forma voluntaria, de manera de poder iniciar la recepci\u00f3n de datos durante el periodo de la Gesti\u00f3n de Episodios Cr\u00edticos (GEC) -que comienza cada 1 de abril y que se extiende hasta septiembre de cada a\u00f1o-, que obliga a adoptar medidas preventivas y\/o de control frente a situaciones que pongan en riesgo la salud de la poblaci\u00f3n.<\/p>\n<p>En relaci\u00f3n a las recomendaciones entregadas por la SMA, la Superintendenta del Medio Ambiente, Marie Claude Plumer, explic\u00f3 que \u201cla medida va en l\u00ednea con el principio preventivo que estamos impulsando, con el objetivo de evitar que ocurran o se profundicen los episodios en la zona industrial pero que afectan a toda la poblaci\u00f3n. A la vez, busca ser una medida participativa\u201d.<\/p>\n<p>La autoridad a\u00f1adi\u00f3 que \u201ces importante destacar que la mesa de trabajo tripartita, entre la SMA, Asociaci\u00f3n de Industriales y el CRAS, ha analizado esta propuesta de instalaci\u00f3n de sensores, que busca comprender de mejor manera los contaminantes atmosf\u00e9ricos y c\u00f3mo influyen en la salud de los habitantes de esta zona\u201d, dijo. Por otra parte, agreg\u00f3 que \u201cesto se da en atenci\u00f3n a lo que nos indica el Acuerdo de Escaz\u00fa, del que Chile es parte, que busca poner al tanto a la ciudadan\u00eda respecto de este proyecto y de su desarrollo, as\u00ed como generar instancias de participaci\u00f3n\u201d.<\/p>\n<p><strong>Requerimientos t\u00e9cnicos<\/strong><\/p>\n<p>Los sensores que se instalar\u00e1n deber\u00e1n monitorear SO2, BTEXs (Benceno, Tolueno, Etilbenceno y xileno), COVs y meteorolog\u00eda. Cabe indicar que los COVs se generan por el manejo y procesamiento de hidrocarburos y sus derivados. Los dem\u00e1s gases se generan, en tanto, en actividades industriales de refiner\u00eda de cobre, procesamiento de combustibles, termoel\u00e9ctricas y otros.<\/p>\n<p>Todos los datos que se obtengan a trav\u00e9s de los sensores deber\u00e1n ser remitidos de forma expedita a la SMA, por lo que las estaciones de monitoreo deber\u00e1n estar conectadas en l\u00ednea con este organismo, y en tiempo real. Esto tiene como finalidad conocer el origen del compuesto y que las empresas puedan generar alertas tempranas en caso de que se detecten aumentos de alguno de los par\u00e1metros.<\/p>\n<p>\u201cLas mediciones con esta red de sensores busca prevenir y anticiparse a los episodios de contaminaci\u00f3n. Se requiere contar con m\u00e1s informaci\u00f3n de los contaminantes en el ambiente, ya que s\u00f3lo tenemos norma de calidad para SO2, no as\u00ed para Compuestos Org\u00e1nicos Vol\u00e1tiles\u201d, se\u00f1al\u00f3 la Superintendenta.<\/p>\n<p><strong>Principio preventivo<\/strong><\/p>\n<p>\u201cAc\u00e1 estamos actuando en base al principio preventivo, que busca evitar que ocurran o se profundicen las problem\u00e1ticas ambientales\u201d, se\u00f1al\u00f3 la autoridad. En ese sentido, dicho principio est\u00e1 consagrado en el mensaje de la Ley 19.300, en la Ley de Cambio Clim\u00e1tico y en la sentencia causa rol N\u00b05888, del 28 de mayo de 2019 de la Corte Suprema. Este \u00faltimo fallo del m\u00e1ximo Tribunal del pa\u00eds sostiene que la SMA podr\u00e1 ejercer sus facultades y adoptar medidas que estime pertinentes, y estas no necesariamente deben referirse a alguna clase de sanci\u00f3n, \u201cpudiendo consistir, eventualmente, en el otorgamiento de instrucciones o recomendaciones\u201d.<\/p>\n","protected":false},"excerpt":{"rendered":"<p>La medida busca establecer alertas tempranas para evitar que la contaminaci\u00f3n se propague a la poblaci\u00f3n. Esta medida se estableci\u00f3 en el acuerdo tripartito entre la SMA, la Asociaci\u00f3n de Industriales (ASIVA) y el Consejo para la Recuperaci\u00f3n Ambiental y Social (CRAS). Puchuncav\u00ed, 16 de marzo de 2023.\u00a0Previo a que comience el periodo de Gesti\u00f3n de <a href=\"https:\/\/portal.sma.gob.cl\/index.php\/sma-entrega-indicaciones-tecnicas-a-empresas-de-quintero-ventanas-y-puchuncavi-que-deberan-instalar-sensores-para-medir-contaminantes-atmosfericos\/\">Leer m\u00e1s<\/a><\/p>\n","protected":false},"author":8,"featured_media":26138,"comment_status":"open","ping_status":"open","sticky":false,"template":"","format":"standard","meta":{"footnotes":""},"categories":[90,107,225],"tags":[],"class_list":["post-26136","post","type-post","status-publish","format-standard","has-post-thumbnail","hentry","category-comunicados-noticias","category-destacado","category-macrozona-centro"],"_links":{"self":[{"href":"https:\/\/portal.sma.gob.cl\/index.php\/wp-json\/wp\/v2\/posts\/26136","targetHints":{"allow":["GET"]}}],"collection":[{"href":"https:\/\/portal.sma.gob.cl\/index.php\/wp-json\/wp\/v2\/posts"}],"about":[{"href":"https:\/\/portal.sma.gob.cl\/index.php\/wp-json\/wp\/v2\/types\/post"}],"author":[{"embeddable":true,"href":"https:\/\/portal.sma.gob.cl\/index.php\/wp-json\/wp\/v2\/users\/8"}],"replies":[{"embeddable":true,"href":"https:\/\/portal.sma.gob.cl\/index.php\/wp-json\/wp\/v2\/comments?post=26136"}],"version-history":[{"count":1,"href":"https:\/\/portal.sma.gob.cl\/index.php\/wp-json\/wp\/v2\/posts\/26136\/revisions"}],"predecessor-version":[{"id":26137,"href":"https:\/\/portal.sma.gob.cl\/index.php\/wp-json\/wp\/v2\/posts\/26136\/revisions\/26137"}],"wp:featuredmedia":[{"embeddable":true,"href":"https:\/\/portal.sma.gob.cl\/index.php\/wp-json\/wp\/v2\/media\/26138"}],"wp:attachment":[{"href":"https:\/\/portal.sma.gob.cl\/index.php\/wp-json\/wp\/v2\/media?parent=26136"}],"wp:term":[{"taxonomy":"category","embeddable":true,"href":"https:\/\/portal.sma.gob.cl\/index.php\/wp-json\/wp\/v2\/categories?post=26136"},{"taxonomy":"post_tag","embeddable":true,"href":"https:\/\/portal.sma.gob.cl\/index.php\/wp-json\/wp\/v2\/tags?post=26136"}],"curies":[{"name":"wp","href":"https:\/\/api.w.org\/{rel}","templated":true}]}}