{"id":26208,"date":"2023-04-06T17:12:04","date_gmt":"2023-04-06T21:12:04","guid":{"rendered":"https:\/\/portal.sma.gob.cl\/?p=26208"},"modified":"2023-04-06T17:12:04","modified_gmt":"2023-04-06T21:12:04","slug":"iquique-sma-ordena-medidas-provisionales-a-la-constructora-diez-spa","status":"publish","type":"post","link":"https:\/\/portal.sma.gob.cl\/index.php\/iquique-sma-ordena-medidas-provisionales-a-la-constructora-diez-spa\/","title":{"rendered":"Iquique: SMA ordena Medidas Provisionales a la Constructora Diez SpA"},"content":{"rendered":"<ul>\n<li><strong>Luego de varias denuncias por ruidos presentadas por la comunidad colindante a las obras del Edificio Brava, antecedentes que dieron origen a una inspecci\u00f3n ambiental de la Superintendencia de Medio Ambiente, donde se registr\u00f3 superaci\u00f3n de los l\u00edmites m\u00e1ximos de nivel de presi\u00f3n sonora establecidos por la normativa, por parte de la empresa. <\/strong><\/li>\n<\/ul>\n<p><strong>Iquique, 6 de marzo de 2023.<\/strong> La Superintendencia del Medio Ambiente ha ordenado medidas provisionales pre-procedimentales contra la empresa Constructora Diez SpA., titular de la faena de \u201cConstrucci\u00f3n Habitacional y Comercial Sagasca con Manuel Plaza\u201d (Edificio Brava), ubicada en calle Sagasca N\u00b02131, comuna de Iquique, regi\u00f3n de Tarapac\u00e1. Esto, tras registrar en una actividad de fiscalizaci\u00f3n la excedencia en 16 decibeles sobre los l\u00edmites m\u00e1ximos establecidos en la normativa de ruido D.S. N\u00b038\/2011, del Ministerio del Medio Ambiente, en horario diurno (60 decibeles), en Zona II.<\/p>\n<p>\u201cLas medidas se dictan luego de la recepci\u00f3n de denuncias por ruidos presentadas por vecinos del sector y tambi\u00e9n por reclamos de apoderados y profesores del colegio Castro Ramos, que estar\u00eda viendo afectado su normal desarrollo de las clases, producto de los ruidos emitidos desde dichas obras. En base a estos antecedentes y a la inspecci\u00f3n en terreno de nuestros fiscalizadores, la SMA ha ordenado la dictaci\u00f3n de estas medidas provisionales pre-procedimentales, que tienen por objeto que la empresa presente acciones para mitigar la excedencia de decibeles registrados en la ejecuci\u00f3n de las obras de construcci\u00f3n\u201d, explica Valeska Mu\u00f1oz, jefa (s) de la Oficina Regional SMA de Tarapac\u00e1.<\/p>\n<p>En total, se le ordenan a la empresa la adopci\u00f3n de 4 medidas en un plazo de 15 d\u00edas h\u00e1biles:<\/p>\n<ol>\n<li>Instalar, en todo el per\u00edmetro de la obra, pantallas ac\u00fasticas perimetrales que deber\u00e1n ser construidas con planchas OSB de 15 mm y tener una altura m\u00ednima de 4,8 metros, incluyendo adem\u00e1s cumbreras de 1 metro. Deben tener un relleno de lana mineral, o similar, de 50 mm, con un forro que le brinde integridad al material (arpillera o malla Raschel). Estas deber\u00e1n ser instaladas, como m\u00ednimo, a 1,5 metros del cierre perimetral de la obra.<\/li>\n<li>Identificar los equipos de uso manual que se encuentren en la faena y que constituyan fuentes emisoras de ruido, como sierras, taladros, martillos y dem\u00e1s herramientas de percusi\u00f3n o corte, ya sean el\u00e9ctricas o manuales. El titular deber\u00e1 dar cuenta de la implementaci\u00f3n de biombos ac\u00fasticos (fijos o m\u00f3viles) que resulten adecuados para mitigar el ruido que las mismas produzcan, ya sea en actividades relacionadas a la losa de avance, o en cualquier otro sector que requiera de trabajos en espacios abiertos.<\/li>\n<li>Prohibir el uso de aquellos equipos identificados como fuentes emisoras de ruido como herramientas, equipos, dispositivos y\/o maquinarias, hasta que no se encuentren plenamente implementadas las pantallas ac\u00fasticas perimetrales y los biombos ac\u00fasticos, seg\u00fan corresponda, cumpliendo con las caracter\u00edsticas previamente descritas.<\/li>\n<li>Presentar un Plan de Coordinaci\u00f3n con la Comunidad en el que se informe a \u00e9sta los d\u00edas y horarios en los que se efectuar\u00e1n las tareas m\u00e1s ruidosas.<\/li>\n<\/ol>\n<p>Junto con lo anterior, la SMA requiri\u00f3 informaci\u00f3n a la empresa para que, en un plazo no mayor a 20 d\u00edas h\u00e1biles desde el vencimiento de las medidas ordenadas, haga entrega de un informe de inspecci\u00f3n sobre la correcta implementaci\u00f3n de las medidas, que tambi\u00e9n considere la medici\u00f3n de los ruidos emitidos por la faena. Dichas mediciones deber\u00e1n ser realizadas en 3 receptores sensibles, entre los que deber\u00e1 considerar el colegio Castro Ramos, en periodo diurno, para un total de 3 mediciones. La actividad de medici\u00f3n deber\u00e1 ser llevada a cabo por una Entidad T\u00e9cnica de Fiscalizaci\u00f3n Ambiental (ETFA), autorizada.<\/p>\n<p>M\u00e1s informaci\u00f3n de las medidas provisionales en el Sistema Nacional de Informaci\u00f3n de Fiscalizaci\u00f3n Ambiental (SNIFA): <a href=\"https:\/\/snifa.sma.gob.cl\/MedidaProvisional\/Ficha\/421\">https:\/\/snifa.sma.gob.cl\/MedidaProvisional\/Ficha\/421<\/a><\/p>\n","protected":false},"excerpt":{"rendered":"<p>Luego de varias denuncias por ruidos presentadas por la comunidad colindante a las obras del Edificio Brava, antecedentes que dieron origen a una inspecci\u00f3n ambiental de la Superintendencia de Medio Ambiente, donde se registr\u00f3 superaci\u00f3n de los l\u00edmites m\u00e1ximos de nivel de presi\u00f3n sonora establecidos por la normativa, por parte de la empresa. Iquique, 6 de <a href=\"https:\/\/portal.sma.gob.cl\/index.php\/iquique-sma-ordena-medidas-provisionales-a-la-constructora-diez-spa\/\">Leer m\u00e1s<\/a><\/p>\n","protected":false},"author":8,"featured_media":26211,"comment_status":"open","ping_status":"open","sticky":false,"template":"","format":"standard","meta":{"footnotes":""},"categories":[90,224],"tags":[],"class_list":["post-26208","post","type-post","status-publish","format-standard","has-post-thumbnail","hentry","category-comunicados-noticias","category-macrozona-norte"],"_links":{"self":[{"href":"https:\/\/portal.sma.gob.cl\/index.php\/wp-json\/wp\/v2\/posts\/26208","targetHints":{"allow":["GET"]}}],"collection":[{"href":"https:\/\/portal.sma.gob.cl\/index.php\/wp-json\/wp\/v2\/posts"}],"about":[{"href":"https:\/\/portal.sma.gob.cl\/index.php\/wp-json\/wp\/v2\/types\/post"}],"author":[{"embeddable":true,"href":"https:\/\/portal.sma.gob.cl\/index.php\/wp-json\/wp\/v2\/users\/8"}],"replies":[{"embeddable":true,"href":"https:\/\/portal.sma.gob.cl\/index.php\/wp-json\/wp\/v2\/comments?post=26208"}],"version-history":[{"count":2,"href":"https:\/\/portal.sma.gob.cl\/index.php\/wp-json\/wp\/v2\/posts\/26208\/revisions"}],"predecessor-version":[{"id":26212,"href":"https:\/\/portal.sma.gob.cl\/index.php\/wp-json\/wp\/v2\/posts\/26208\/revisions\/26212"}],"wp:featuredmedia":[{"embeddable":true,"href":"https:\/\/portal.sma.gob.cl\/index.php\/wp-json\/wp\/v2\/media\/26211"}],"wp:attachment":[{"href":"https:\/\/portal.sma.gob.cl\/index.php\/wp-json\/wp\/v2\/media?parent=26208"}],"wp:term":[{"taxonomy":"category","embeddable":true,"href":"https:\/\/portal.sma.gob.cl\/index.php\/wp-json\/wp\/v2\/categories?post=26208"},{"taxonomy":"post_tag","embeddable":true,"href":"https:\/\/portal.sma.gob.cl\/index.php\/wp-json\/wp\/v2\/tags?post=26208"}],"curies":[{"name":"wp","href":"https:\/\/api.w.org\/{rel}","templated":true}]}}