{"id":26241,"date":"2023-04-11T16:48:25","date_gmt":"2023-04-11T20:48:25","guid":{"rendered":"https:\/\/portal.sma.gob.cl\/?p=26241"},"modified":"2023-04-11T16:54:53","modified_gmt":"2023-04-11T20:54:53","slug":"biobio-sma-dicta-nuevas-medidas-provisionales-por-intervencion-del-humedal-vasco-de-gama","status":"publish","type":"post","link":"https:\/\/portal.sma.gob.cl\/index.php\/biobio-sma-dicta-nuevas-medidas-provisionales-por-intervencion-del-humedal-vasco-de-gama\/","title":{"rendered":"Biob\u00edo: SMA dicta nuevas medidas provisionales por intervenci\u00f3n del humedal Vasco de Gama"},"content":{"rendered":"<ul>\n<li><strong>Las medidas, ordenadas por 15 d\u00edas h\u00e1biles, consideran la prohibici\u00f3n de recepci\u00f3n de desechos para su disposici\u00f3n en los predios ubicados en el humedal y su zona circundante, como tambi\u00e9n la presentaci\u00f3n de un proyecto para el retiro de los residuos acumulados.<\/strong><\/li>\n<\/ul>\n<p><!--more--><\/p>\n<p><strong>Concepci\u00f3n, 11 de abril de 2023.<\/strong>\u00a0La Superintendenta del Medio Ambiente, Marie Claude Plumer, en su primera visita oficial a la Regi\u00f3n del Biob\u00edo, anunci\u00f3 una nueva medida provisional que busca proteger el humedal Vasco da Gama, que se encuentra ubicado en l\u00edmite urbano de la comuna de Hualp\u00e9n.<\/p>\n<p>Estas medidas fueron explicadas por la Superintendenta a la comisi\u00f3n de Medio Ambiente del Consejo Regional, en reuni\u00f3n protocolar durante esta ma\u00f1ana. Posteriormente, la autoridad se traslad\u00f3 al \u00e1rea prioritaria, junto al Seremi de Medio Ambiente, Oscar Reicher; el alcalde de Hualp\u00e9n, Miguel Rivera; y concejales de la zona. En la oportunidad, tambi\u00e9n pudo conversar con dirigentes sociales, encabezados por Luisa Valenzuela, dirigenta de la junta de vecinos del humedal Vasco da Gama.<\/p>\n<p>\u201cEn este caso la Oficina Regional de la SMA en Biob\u00edo ha realizado diversas inspecciones por denuncias ciudadanas y de autoridades, constatando la disposici\u00f3n de escombros de distinto tipo. En las inspecciones se ha constatado la modificaci\u00f3n de cauce, de la cobertura vegetal, contaminaci\u00f3n del agua y fragmentaci\u00f3n del ecosistema, lo que disminuye los servicios ecosist\u00e9micos que el mismo humedal ofrece a las especies que habitan en \u00e9l y a su entorno\u201d, explica la Superintendenta Plumer.<\/p>\n<p>En espec\u00edfico, la medida provisional se dicta contra Heraldo Jes\u00fas Parra Pincheira, debido a la recepci\u00f3n de residuos, material de construcci\u00f3n en su mayor\u00eda, actividad que se realiza desde 2009 a la fecha, sin contar con la necesaria evaluaci\u00f3n ambiental para ello. Cabe destacar que este proyecto es llevado a cabo de maneral ilegal por la familia Pincheira, que se ha tomado a la fuerza terrenos que pertenecen a distintas empresas del sector, tema que se encuentra judicializado.<\/p>\n<p>En particular, la medida provisional, que deber\u00e1 ejecutarse en un m\u00e1ximo de 15 d\u00edas h\u00e1biles, contempla la prohibici\u00f3n de recepci\u00f3n de desechos y la presentaci\u00f3n de un proyecto de retiro de estos, considerando la disposici\u00f3n en sitios autorizados.<\/p>\n<p><strong>Seremi anuncia presentaci\u00f3n de antecedentes al CDE<\/strong><\/p>\n<p>Durante la visita al humedal Vasco da Gama, el Seremi de Medio Ambiente del Biob\u00edo, Oscar Reicher, se\u00f1al\u00f3 que su cartera ha recopilado antecedentes sobre la intervenci\u00f3n de la zona, con informes aportados por el municipio de Hualp\u00e9n, de la Seremi de Salud y de la SMA. Todos estos ser\u00e1n presentados \u201cal Consejo de Defensa del Estado (CDE), ya que hay un evidente da\u00f1o ambiental, un detrimento significativo al humedal, para que se tomen los antecedentes en cuenta para una eventual reparaci\u00f3n\u201d.<\/p>\n","protected":false},"excerpt":{"rendered":"<p>Las medidas, ordenadas por 15 d\u00edas h\u00e1biles, consideran la prohibici\u00f3n de recepci\u00f3n de desechos para su disposici\u00f3n en los predios ubicados en el humedal y su zona circundante, como tambi\u00e9n la presentaci\u00f3n de un proyecto para el retiro de los residuos acumulados.<\/p>\n","protected":false},"author":9,"featured_media":26244,"comment_status":"open","ping_status":"open","sticky":false,"template":"","format":"standard","meta":{"footnotes":""},"categories":[90,107,226],"tags":[],"class_list":["post-26241","post","type-post","status-publish","format-standard","has-post-thumbnail","hentry","category-comunicados-noticias","category-destacado","category-macrozona-sur"],"_links":{"self":[{"href":"https:\/\/portal.sma.gob.cl\/index.php\/wp-json\/wp\/v2\/posts\/26241","targetHints":{"allow":["GET"]}}],"collection":[{"href":"https:\/\/portal.sma.gob.cl\/index.php\/wp-json\/wp\/v2\/posts"}],"about":[{"href":"https:\/\/portal.sma.gob.cl\/index.php\/wp-json\/wp\/v2\/types\/post"}],"author":[{"embeddable":true,"href":"https:\/\/portal.sma.gob.cl\/index.php\/wp-json\/wp\/v2\/users\/9"}],"replies":[{"embeddable":true,"href":"https:\/\/portal.sma.gob.cl\/index.php\/wp-json\/wp\/v2\/comments?post=26241"}],"version-history":[{"count":2,"href":"https:\/\/portal.sma.gob.cl\/index.php\/wp-json\/wp\/v2\/posts\/26241\/revisions"}],"predecessor-version":[{"id":26247,"href":"https:\/\/portal.sma.gob.cl\/index.php\/wp-json\/wp\/v2\/posts\/26241\/revisions\/26247"}],"wp:featuredmedia":[{"embeddable":true,"href":"https:\/\/portal.sma.gob.cl\/index.php\/wp-json\/wp\/v2\/media\/26244"}],"wp:attachment":[{"href":"https:\/\/portal.sma.gob.cl\/index.php\/wp-json\/wp\/v2\/media?parent=26241"}],"wp:term":[{"taxonomy":"category","embeddable":true,"href":"https:\/\/portal.sma.gob.cl\/index.php\/wp-json\/wp\/v2\/categories?post=26241"},{"taxonomy":"post_tag","embeddable":true,"href":"https:\/\/portal.sma.gob.cl\/index.php\/wp-json\/wp\/v2\/tags?post=26241"}],"curies":[{"name":"wp","href":"https:\/\/api.w.org\/{rel}","templated":true}]}}