{"id":26251,"date":"2023-04-12T14:22:31","date_gmt":"2023-04-12T18:22:31","guid":{"rendered":"https:\/\/portal.sma.gob.cl\/?p=26251"},"modified":"2025-03-03T14:19:10","modified_gmt":"2025-03-03T17:19:10","slug":"con-amplia-participacion-del-publico-se-desarrollo-la-reunion-virtual-acuerdo-de-escazu-y-los-ejes-de-implementacion-nacional-y-proxima-cop","status":"publish","type":"post","link":"https:\/\/portal.sma.gob.cl\/index.php\/con-amplia-participacion-del-publico-se-desarrollo-la-reunion-virtual-acuerdo-de-escazu-y-los-ejes-de-implementacion-nacional-y-proxima-cop\/","title":{"rendered":"Con amplia participaci\u00f3n del p\u00fablico se desarroll\u00f3 la reuni\u00f3n virtual \u201cAcuerdo de Escaz\u00fa y los Ejes de implementaci\u00f3n nacional y pr\u00f3xima COP\u201d"},"content":{"rendered":"<p><strong>Santiago, 12 de abril de 2023.-<\/strong> Con m\u00e1s de 400 participantes se desarroll\u00f3 la reuni\u00f3n virtual \u201cAcuerdo de Escaz\u00fa y los Ejes de implementaci\u00f3n nacional y pr\u00f3xima COP\u201d, realizado el pasado 6 de abril, donde se discuti\u00f3 sobre la implementaci\u00f3n del Acuerdo de Escaz\u00fa en Chile y los desaf\u00edos a enfrentar en la pr\u00f3xima Conferencia de las Partes de este importante tratado.<\/p>\n<p>El evento, organizado por el Ministerio del Medio Ambiente, tuvo como objetivo informar sobre los avances de la implementaci\u00f3n del Acuerdo de Escaz\u00fa en Chile de cara a la pr\u00f3xima Conferencia de las Partes (COP2 de Escaz\u00fa), que se desarrollar\u00e1 del 19 al 21 de abril en Buenos Aires, Argentina.<\/p>\n<p>La reuni\u00f3n se dividi\u00f3 en dos bloques. El primero se titul\u00f3: \u201cEjes de Implementaci\u00f3n Nacional del Acuerdo de Escaz\u00fa\u201d, en el que expusieron la Jefa de la Oficina de Asuntos Internacionales del Ministerio del Medio AM, Constance Nalegach, y el Jefe de Divisi\u00f3n de Educaci\u00f3n Ambiental y Participaci\u00f3n Ciudadana del Ministerio del Medio Ambiente, Carlos Rungruangsakorn ; la Jefa del Departamento de estudios y Desarrollo del Servicio de Evaluaci\u00f3n Ambiental, Camila Carrasco y la encargada de la Oficina de Participaci\u00f3n Ciudadana y Escaz\u00fa de la Superintendencia del Medio Ambiente, Mirella Mar\u00edn.<\/p>\n<p>En el segundo, titulado \u201cDesaf\u00edos para la Segunda Reuni\u00f3n de la Conferencia de las Partes (COP) para el Acuerdo de Escaz\u00fa\u201d, nuevamente Constance Nalegach, junto al Director de Medio Ambiente, Cambio Clim\u00e1tico y Oc\u00e9anos (DIMA) del Ministerio de Relaciones Exteriores, Julio Cordano, fueron los interlocutores.<\/p>\n<p>La reuni\u00f3n fue de gran importancia, pues los asistentes pudieron informarse sobre los avances en la implementaci\u00f3n del Acuerdo de Escaz\u00fa en Chile y sobre los desaf\u00edos a enfrentar en la pr\u00f3xima Conferencia de las Partes, promoviendo la transparencia y la participaci\u00f3n ciudadana en la toma de decisiones en asuntos ambientales.<\/p>\n<p>\u00bfQuieres mirar nuevamente la reuni\u00f3n? Puedes hacerlo en el siguiente enlace:<\/p>\n<div class=\"video-shortcode\"><iframe title=\"Seminario: Acuerdo de Escaz\u00fa y los Ejes de implementaci\u00f3n nacional y pr\u00f3xima COP\" width=\"1100\" height=\"619\" src=\"https:\/\/www.youtube.com\/embed\/I8YdkLc2CzE?start=3&#038;feature=oembed\" frameborder=\"0\" allow=\"accelerometer; autoplay; clipboard-write; encrypted-media; gyroscope; picture-in-picture; web-share\" allowfullscreen><\/iframe><\/div>\n<p>&nbsp;<\/p>\n","protected":false},"excerpt":{"rendered":"<p>Santiago, 12 de abril de 2023.- Con m\u00e1s de 400 participantes se desarroll\u00f3 la reuni\u00f3n virtual \u201cAcuerdo de Escaz\u00fa y los Ejes de implementaci\u00f3n nacional y pr\u00f3xima COP\u201d, realizado el pasado 6 de abril, donde se discuti\u00f3 sobre la implementaci\u00f3n del Acuerdo de Escaz\u00fa en Chile y los desaf\u00edos a enfrentar en la pr\u00f3xima Conferencia de <a href=\"https:\/\/portal.sma.gob.cl\/index.php\/con-amplia-participacion-del-publico-se-desarrollo-la-reunion-virtual-acuerdo-de-escazu-y-los-ejes-de-implementacion-nacional-y-proxima-cop\/\">Leer m\u00e1s<\/a><\/p>\n","protected":false},"author":8,"featured_media":26254,"comment_status":"open","ping_status":"open","sticky":false,"template":"","format":"standard","meta":{"footnotes":""},"categories":[90,279,224],"tags":[],"class_list":["post-26251","post","type-post","status-publish","format-standard","has-post-thumbnail","hentry","category-comunicados-noticias","category-escazu","category-macrozona-norte"],"_links":{"self":[{"href":"https:\/\/portal.sma.gob.cl\/index.php\/wp-json\/wp\/v2\/posts\/26251","targetHints":{"allow":["GET"]}}],"collection":[{"href":"https:\/\/portal.sma.gob.cl\/index.php\/wp-json\/wp\/v2\/posts"}],"about":[{"href":"https:\/\/portal.sma.gob.cl\/index.php\/wp-json\/wp\/v2\/types\/post"}],"author":[{"embeddable":true,"href":"https:\/\/portal.sma.gob.cl\/index.php\/wp-json\/wp\/v2\/users\/8"}],"replies":[{"embeddable":true,"href":"https:\/\/portal.sma.gob.cl\/index.php\/wp-json\/wp\/v2\/comments?post=26251"}],"version-history":[{"count":5,"href":"https:\/\/portal.sma.gob.cl\/index.php\/wp-json\/wp\/v2\/posts\/26251\/revisions"}],"predecessor-version":[{"id":26257,"href":"https:\/\/portal.sma.gob.cl\/index.php\/wp-json\/wp\/v2\/posts\/26251\/revisions\/26257"}],"wp:featuredmedia":[{"embeddable":true,"href":"https:\/\/portal.sma.gob.cl\/index.php\/wp-json\/wp\/v2\/media\/26254"}],"wp:attachment":[{"href":"https:\/\/portal.sma.gob.cl\/index.php\/wp-json\/wp\/v2\/media?parent=26251"}],"wp:term":[{"taxonomy":"category","embeddable":true,"href":"https:\/\/portal.sma.gob.cl\/index.php\/wp-json\/wp\/v2\/categories?post=26251"},{"taxonomy":"post_tag","embeddable":true,"href":"https:\/\/portal.sma.gob.cl\/index.php\/wp-json\/wp\/v2\/tags?post=26251"}],"curies":[{"name":"wp","href":"https:\/\/api.w.org\/{rel}","templated":true}]}}