{"id":26261,"date":"2023-04-12T17:25:55","date_gmt":"2023-04-12T21:25:55","guid":{"rendered":"https:\/\/portal.sma.gob.cl\/?p=26261"},"modified":"2023-04-12T18:06:37","modified_gmt":"2023-04-12T22:06:37","slug":"superintendenta-plumer-visita-la-region-del-nuble-para-abordar-las-principales-demandas-ambientales-de-la-zona","status":"publish","type":"post","link":"https:\/\/portal.sma.gob.cl\/index.php\/superintendenta-plumer-visita-la-region-del-nuble-para-abordar-las-principales-demandas-ambientales-de-la-zona\/","title":{"rendered":"Superintendenta Plumer visita la Regi\u00f3n del \u00d1uble para abordar las principales demandas ambientales de la zona"},"content":{"rendered":"<ul>\n<li><strong>El recorrido por la zona incluy\u00f3 reuniones con las autoridades locales y una visita t\u00e9cnica al Complejo Nueva Aldea de Celco.<\/strong><\/li>\n<\/ul>\n<p><!--more--><\/p>\n<p><strong>Chill\u00e1n, 12 de abril de 2023.<\/strong>\u00a0La Superintendenta del Medio Ambiente, Marie Claude Plumer, en su primera visita a la regi\u00f3n del \u00d1uble, tuvo una ronda de reuniones con las autoridades de la zona, para conversar respecto de las demandas de la ciudadan\u00eda en ese territorio.<\/p>\n<p>Por la ma\u00f1ana tuvo una reuni\u00f3n protocolar con el Delegado Presidencial, Gabriel Pradenas, y con el seremi de Medio Ambiente, Mario Rivas, con quienes abord\u00f3 las principales preocupaciones socioambientales de la regi\u00f3n. Luego tuvo una visita al SEA Regional, donde pudo conversar con su directora, Any Riveros, y profesionales de dicha repartici\u00f3n encargada de la evaluaci\u00f3n ambiental de proyectos.<\/p>\n<p>Posteriormente, la Superintendenta tuvo una conversaci\u00f3n con el alcalde de Chill\u00e1n Viejo, Jorge del Pozo. En la oportunidad, junto al Jefe Regional de la SMA, Cristi\u00e1n Lineros, abordaron las principales acciones que est\u00e1 tomando el organismo ante las constantes denuncias por olores molestos de planteles porcinos de la zona.<\/p>\n<p>Respecto al cumplimiento ambiental en la regi\u00f3n, la Superintendenta Plumer, destac\u00f3 que \u201cen este caso, tenemos una zona agroindustrial que tiene problem\u00e1ticas muy propias. El objetivo com\u00fan desde la SMA es abordar los temas con la mayor eficacia y eficiencia que podamos. Esto exige no solamente un ejercicio directo de nuestro equipo a nivel nacional y en particular, de la Oficina Regional de \u00d1uble, sino tambi\u00e9n tener la capacidad de poder articular distintos actores, como es la relaci\u00f3n con los municipios, con el Gobierno Regional, y la buena y articulada relaci\u00f3n con los servicios p\u00fablicos regionales que son fundamentales dentro de la Red Nacional de Fiscalizaci\u00f3n Ambiental\u201d.<\/p>\n<p>Por su parte, el Seremi de Medio Ambiente, Mario Rivas, sostuvo: \u201cAgradecemos la visita de la Superintendenta, que permite visibilizar el rol de la SMA y seguir avanzando en fortalecer la institucionalidad ambiental de \u00d1uble. Esto va de la mano con potenciar la participaci\u00f3n ciudadana para que la comunidad conozca cu\u00e1ndo y c\u00f3mo hacer denuncias, y como se hace el seguimiento de los instrumentos ambientales, en el marco del cumplimiento del gobierno ecologista de nuestro presidente Gabriel Boric\u201d.<\/p>\n<p>Finalmente, la jornada en la regi\u00f3n concluy\u00f3 con una visita t\u00e9cnica al Complejo Forestal Nueva Aldea de Celulosa Arauco, donde Plumer pudo observar las instalaciones, los procesos de la celulosa, y visitar el \u00e1rea afectada por los incendios del verano. Tambi\u00e9n se visitaron obras del plan de renovaci\u00f3n de uniones de emisario submarino de dicha faena.<\/p>\n","protected":false},"excerpt":{"rendered":"<p>El recorrido por la zona incluy\u00f3 reuniones con las autoridades locales y una visita t\u00e9cnica al Complejo Nueva Aldea de Celco.<\/p>\n","protected":false},"author":9,"featured_media":26265,"comment_status":"open","ping_status":"open","sticky":false,"template":"","format":"standard","meta":{"footnotes":""},"categories":[90,107,226],"tags":[],"class_list":["post-26261","post","type-post","status-publish","format-standard","has-post-thumbnail","hentry","category-comunicados-noticias","category-destacado","category-macrozona-sur"],"_links":{"self":[{"href":"https:\/\/portal.sma.gob.cl\/index.php\/wp-json\/wp\/v2\/posts\/26261","targetHints":{"allow":["GET"]}}],"collection":[{"href":"https:\/\/portal.sma.gob.cl\/index.php\/wp-json\/wp\/v2\/posts"}],"about":[{"href":"https:\/\/portal.sma.gob.cl\/index.php\/wp-json\/wp\/v2\/types\/post"}],"author":[{"embeddable":true,"href":"https:\/\/portal.sma.gob.cl\/index.php\/wp-json\/wp\/v2\/users\/9"}],"replies":[{"embeddable":true,"href":"https:\/\/portal.sma.gob.cl\/index.php\/wp-json\/wp\/v2\/comments?post=26261"}],"version-history":[{"count":2,"href":"https:\/\/portal.sma.gob.cl\/index.php\/wp-json\/wp\/v2\/posts\/26261\/revisions"}],"predecessor-version":[{"id":26267,"href":"https:\/\/portal.sma.gob.cl\/index.php\/wp-json\/wp\/v2\/posts\/26261\/revisions\/26267"}],"wp:featuredmedia":[{"embeddable":true,"href":"https:\/\/portal.sma.gob.cl\/index.php\/wp-json\/wp\/v2\/media\/26265"}],"wp:attachment":[{"href":"https:\/\/portal.sma.gob.cl\/index.php\/wp-json\/wp\/v2\/media?parent=26261"}],"wp:term":[{"taxonomy":"category","embeddable":true,"href":"https:\/\/portal.sma.gob.cl\/index.php\/wp-json\/wp\/v2\/categories?post=26261"},{"taxonomy":"post_tag","embeddable":true,"href":"https:\/\/portal.sma.gob.cl\/index.php\/wp-json\/wp\/v2\/tags?post=26261"}],"curies":[{"name":"wp","href":"https:\/\/api.w.org\/{rel}","templated":true}]}}