{"id":26298,"date":"2023-04-25T13:30:39","date_gmt":"2023-04-25T17:30:39","guid":{"rendered":"https:\/\/portal.sma.gob.cl\/?p=26298"},"modified":"2023-04-25T13:15:08","modified_gmt":"2023-04-25T17:15:08","slug":"sma-inicia-sancionatorio-contra-aes-y-enap-por-incumplimientos-al-plan-de-descontaminacion-de-concon-quintero-y-puchuncavi","status":"publish","type":"post","link":"https:\/\/portal.sma.gob.cl\/index.php\/sma-inicia-sancionatorio-contra-aes-y-enap-por-incumplimientos-al-plan-de-descontaminacion-de-concon-quintero-y-puchuncavi\/","title":{"rendered":"SMA inicia sancionatorio contra AES y ENAP por incumplimientos al Plan de Descontaminaci\u00f3n de Conc\u00f3n, Quintero y Puchuncav\u00ed"},"content":{"rendered":"<p><strong>En ambos casos, se les imputa a las empresas no reducir su operaci\u00f3n, seg\u00fan lo aprobado en sus Planes Operacionales para los per\u00edodos de Episodios Cr\u00edticos en la bah\u00eda, ocurridos en marzo y abril de 2023. <\/strong><\/p>\n<p><strong>Valpara\u00edso, 25 de abril de 2023.<\/strong>\u00a0La Superintendencia del Medio Ambiente inici\u00f3 dos procedimientos sancionatorios contra empresas del cord\u00f3n industrial de Conc\u00f3n, Quintero y Puchuncav\u00ed, y que tienen Planes Operacionales establecidos para los periodos en que se declara Gesti\u00f3n de Episodios Cr\u00edticos (GEC): Terminal Mar\u00edtimo de ENAP y el Complejo Termoel\u00e9ctrico Ventanas de AES ANDES. En ambos casos, las empresas no dieron cumplimiento a la reducci\u00f3n de operaci\u00f3n establecida en dichos planes, los que tienen por objetivo reducir inmediatamente las emisiones de los contaminantes regulados en dicho Plan de Descontaminaci\u00f3n, apenas se registre un nivel de alerta, pre-emergencia o emergencia ambiental.<\/p>\n<p>En el Complejo Termoel\u00e9ctrico Ventanas, controlado por AES Andes, se verific\u00f3 que el 16 de marzo de 2023, cuando la Delegaci\u00f3n Presidencial de Valpara\u00edso, decret\u00f3 \u201cAlerta\u201d Ambiental por concentraci\u00f3n horaria de di\u00f3xido de azufre, la empresa no logr\u00f3 reducir en un 11% las emisiones generadas por dicho complejo, seg\u00fan lo establecido en su Plan Operacional 2022, evidenciando s\u00f3lo un m\u00e1ximo de reducci\u00f3n de 7,8%. Esta infracci\u00f3n ha sido clasificada como grave, por lo que la empresa arriesga hasta una multa de 5.000 UTA, equivalentes a $3.743 millones.<\/p>\n<p>En tanto, a la refiner\u00eda estatal ENAP se le imputan 3 cargos. Dos de estos fueron catalogados como leves, por falta de entrega de informaci\u00f3n de par\u00e1metros en su programa de monitoreo y superar algunos l\u00edmites m\u00e1ximos en descargas de residuos l\u00edquidos. El tercer cargo, clasificado como grave, se debe a que la empresa no disminuy\u00f3 en un 50% el flujo de descarga nominal de crudo (Crudo Buzios), en el Terminal Monoboya, seg\u00fan lo establecido en su Plan Operacional para episodios de GEC. Esto, luego de que la Delegaci\u00f3n Presidencial Regional de Valpara\u00edso declarara GEC el 3 de abril de 2023 por malas condiciones de ventilaci\u00f3n, y porque en la misma fecha \u2014seg\u00fan lo reportado por la Seremi de Salud de esa regi\u00f3n\u2014, aumentaron las consultas m\u00e9dicas en centros asistenciales de salud asociadas a emisiones atmosf\u00e9ricas en las comunas de Quintero, Puchuncav\u00ed y Conc\u00f3n, por un lapso de 5 horas. Con todo, la empresa arriesga multas de hasta 7.000 Unidades Tributarias Anuales (UTA), equivalentes a $5.240 millones.<\/p>\n<p>La Superintendenta del Medio Ambiente, Marie Claude Plumer, explic\u00f3 que \u201cla situaci\u00f3n de Conc\u00f3n, Quintero y Puchuncav\u00ed tiene un enfoque multidisciplinario en los equipos de trabajo de la SMA como territorio prioritario. El objetivo de abordar la fiscalizaci\u00f3n y eventual sanci\u00f3n de las empresas del cord\u00f3n industrial, especialmente cuando hay episodios cr\u00edticos y aumento de atenciones de salud de ni\u00f1os, ni\u00f1as y de la poblaci\u00f3n en general\u201d. La autoridad agreg\u00f3 que, \u201ccon la mayor celeridad revisamos toda la informaci\u00f3n disponible por los episodios ocurridos en abril para ENAP y en marzo para AES Andes, y verificamos que las empresas no redujeron sus l\u00edmites como se establece en sus Planes Operacionales. El cumplimiento de estas medidas es crucial, especialmente considerando el impacto que pueden tener en la salud de la poblaci\u00f3n\u201d.<\/p>\n<p>Tras la notificaci\u00f3n \u2014realizada el viernes 21 de abril\u2014 ENAP y AES Andes cuentan con 10 d\u00edas h\u00e1biles para presentar un Programa de Cumplimiento o con 15 d\u00edas para formular sus descargos, para continuar el procedimiento sancionatorio.<\/p>\n<blockquote><p>Para m\u00e1s detalles de estas formulaciones de cargos, ingresar al Sistema de Informaci\u00f3n de Fiscalizaci\u00f3n Ambiental (SNIFA) los siguientes links:<\/p><\/blockquote>\n<ul>\n<li>\n<blockquote><p>Terminal Mar\u00edtimo Quintero- ENAP: <a href=\"https:\/\/snifa.sma.gob.cl\/Sancionatorio\/Ficha\/3284\">https:\/\/snifa.sma.gob.cl\/Sancionatorio\/Ficha\/3284<\/a><\/p><\/blockquote>\n<\/li>\n<li>\n<blockquote><p>Complejo Termoel\u00e9ctrico Ventanas- AES Andes: <a href=\"https:\/\/snifa.sma.gob.cl\/Sancionatorio\/Ficha\/3283\">https:\/\/snifa.sma.gob.cl\/Sancionatorio\/Ficha\/3283<\/a><\/p><\/blockquote>\n<\/li>\n<\/ul>\n<p>&nbsp;<\/p>\n","protected":false},"excerpt":{"rendered":"<p>En ambos casos, se les imputa a las empresas no reducir su operaci\u00f3n, seg\u00fan lo aprobado en sus Planes Operacionales para los per\u00edodos de Episodios Cr\u00edticos en la bah\u00eda, ocurridos en marzo y abril de 2023. Valpara\u00edso, 25 de abril de 2023.\u00a0La Superintendencia del Medio Ambiente inici\u00f3 dos procedimientos sancionatorios contra empresas del cord\u00f3n industrial de <a href=\"https:\/\/portal.sma.gob.cl\/index.php\/sma-inicia-sancionatorio-contra-aes-y-enap-por-incumplimientos-al-plan-de-descontaminacion-de-concon-quintero-y-puchuncavi\/\">Leer m\u00e1s<\/a><\/p>\n","protected":false},"author":8,"featured_media":26302,"comment_status":"open","ping_status":"open","sticky":false,"template":"","format":"standard","meta":{"footnotes":""},"categories":[90,107,225],"tags":[],"class_list":["post-26298","post","type-post","status-publish","format-standard","has-post-thumbnail","hentry","category-comunicados-noticias","category-destacado","category-macrozona-centro"],"_links":{"self":[{"href":"https:\/\/portal.sma.gob.cl\/index.php\/wp-json\/wp\/v2\/posts\/26298","targetHints":{"allow":["GET"]}}],"collection":[{"href":"https:\/\/portal.sma.gob.cl\/index.php\/wp-json\/wp\/v2\/posts"}],"about":[{"href":"https:\/\/portal.sma.gob.cl\/index.php\/wp-json\/wp\/v2\/types\/post"}],"author":[{"embeddable":true,"href":"https:\/\/portal.sma.gob.cl\/index.php\/wp-json\/wp\/v2\/users\/8"}],"replies":[{"embeddable":true,"href":"https:\/\/portal.sma.gob.cl\/index.php\/wp-json\/wp\/v2\/comments?post=26298"}],"version-history":[{"count":2,"href":"https:\/\/portal.sma.gob.cl\/index.php\/wp-json\/wp\/v2\/posts\/26298\/revisions"}],"predecessor-version":[{"id":26300,"href":"https:\/\/portal.sma.gob.cl\/index.php\/wp-json\/wp\/v2\/posts\/26298\/revisions\/26300"}],"wp:featuredmedia":[{"embeddable":true,"href":"https:\/\/portal.sma.gob.cl\/index.php\/wp-json\/wp\/v2\/media\/26302"}],"wp:attachment":[{"href":"https:\/\/portal.sma.gob.cl\/index.php\/wp-json\/wp\/v2\/media?parent=26298"}],"wp:term":[{"taxonomy":"category","embeddable":true,"href":"https:\/\/portal.sma.gob.cl\/index.php\/wp-json\/wp\/v2\/categories?post=26298"},{"taxonomy":"post_tag","embeddable":true,"href":"https:\/\/portal.sma.gob.cl\/index.php\/wp-json\/wp\/v2\/tags?post=26298"}],"curies":[{"name":"wp","href":"https:\/\/api.w.org\/{rel}","templated":true}]}}