{"id":26323,"date":"2023-04-27T13:00:48","date_gmt":"2023-04-27T17:00:48","guid":{"rendered":"https:\/\/portal.sma.gob.cl\/?p=26323"},"modified":"2023-04-27T13:04:02","modified_gmt":"2023-04-27T17:04:02","slug":"se-inicia-periodo-gec-en-la-rm-sma-fiscalizara-grandes-establecimientos-que-deben-paralizar-en-preemergencia","status":"publish","type":"post","link":"https:\/\/portal.sma.gob.cl\/index.php\/se-inicia-periodo-gec-en-la-rm-sma-fiscalizara-grandes-establecimientos-que-deben-paralizar-en-preemergencia\/","title":{"rendered":"Se inicia per\u00edodo GEC en la RM: SMA fiscalizar\u00e1 Grandes Establecimientos que deben paralizar en preemergencia"},"content":{"rendered":"<ul>\n<li><strong>El per\u00edodo de Gesti\u00f3n de Episodios Cr\u00edticos (GEC) se extiende desde el 1 de mayo al 31 de agosto. Hasta el momento, 22 Grandes Establecimientos deber\u00e1n paralizar por no contar con un Plan de Reducci\u00f3n de Emisiones aprobado. <\/strong><\/li>\n<li><strong>Este a\u00f1o, el Ministerio de Transportes anunci\u00f3 la ampliaci\u00f3n de la zona donde no podr\u00e1n transitar los veh\u00edculos con restricci\u00f3n a toda la provincia de Santiago, incluidos Puente Alto y San Bernardo.<\/strong><\/li>\n<\/ul>\n<p><!--more--><\/p>\n<p><strong>Santiago, 27 de abril de 2022.<\/strong> Los ministros del Medio Ambiente, Maisa Rojas, y de Transportes y Telecomunicaciones, Juan Carlos Mu\u00f1oz, junto con la delegada presidencial RM, Constanza Mart\u00ednez, y la superintendenta del Medio Ambiente, Marie Claude Plumer, lanzaron esta ma\u00f1ana la <strong>Gesti\u00f3n de Episodios Cr\u00edticos (GEC)<\/strong> 2023 de la Regi\u00f3n Metropolitana, instancia que incluye medidas como la Restricci\u00f3n Vehicular y la paralizaci\u00f3n de industrias cuando se declara un episodio por mala calidad del aire en Santiago. Este rige entre el 1 de mayo y el 31 de agosto de cada a\u00f1o.<\/p>\n<p>En la ocasi\u00f3n, la <strong>ministra del Medio Ambiente Maisa Rojas <\/strong>anunci\u00f3 que ya se inici\u00f3 el proceso de revisi\u00f3n y actualizaci\u00f3n del Plan de Prevenci\u00f3n y Descontaminaci\u00f3n Atmosf\u00e9rica (PPDA) de la Regi\u00f3n Metropolitana. &#8220;Todos los planes de descontaminaci\u00f3n se deben revisar cada cinco a\u00f1os y eso significa que debemos evaluar si las medidas han contribuido a su objetivo, que es la disminuci\u00f3n del Material Particulado Grueso y fino\u201d. De acuerdo con los datos, el PPDA, en m\u00e1s de dos d\u00e9cadas de implementaci\u00f3n, ha alcanzado una reducci\u00f3n superior al 65% de los niveles de material particulado fino 2,5.<\/p>\n<p>Por su parte, <strong>el ministro de Transportes y Telecomunicaciones, Juan Carlos Mu\u00f1oz<\/strong>, indic\u00f3 que &#8220;vivir en un ambiente libre de contaminaci\u00f3n es el gran objetivo donde todos debemos aportar\u201d. Su cartera est\u00e1 a cargo de fiscalizar la restricci\u00f3n vehicular, ya que el 39% de las emisiones provienen de los casi 2 millones de veh\u00edculos motorizados en la RM. Por ello, anunci\u00f3 un cambio para la GEC 2023: \u201campliaremos el per\u00edmetro de restricci\u00f3n permanente desde el Anillo de Am\u00e9rico Vespucio a toda la provincia de Santiago m\u00e1s las comunas de Puente Alto y San Bernardo. Esto afecta a los veh\u00edculos catal\u00edticos inscritos hasta 2011 y las motos inscritas hasta 2010. Como Ministerio, tenemos la convicci\u00f3n de que esta medida, junto con el refuerzo de los controles por parte de Carabineros, los equipos municipales y de nuestro Programa de Fiscalizaci\u00f3n, ayudar\u00e1 a disminuir la contaminaci\u00f3n en la cuenca de Santiago, mejorando as\u00ed la calidad del aire y la calidad de vida de todos y todas&#8221;, agreg\u00f3.<\/p>\n<p>La <strong>Superintendenta del Medio Ambiente, Marie Claude Plumer<\/strong>, explic\u00f3 que la SMA es el organismo encargado de fiscalizar a las industrias de la Regi\u00f3n Metropolitana que tienen procesos de combusti\u00f3n con hornos y calderas, y que son responsables del 15% de la contaminaci\u00f3n de la cuenca de Santiago. \u201cEn el marco del periodo GEC y en el caso de que se declaren preemergencias o emergencias en la regi\u00f3n, son 22 las grandes empresas que deber\u00e1n paralizar sus operaciones este a\u00f1o, aunque la cifra puede variar dependiendo de si cumplen con la normativa\u201d, dijo. La autoridad a\u00f1adi\u00f3 que \u201clograr la reducci\u00f3n de emisiones ayuda a disminuir la contaminaci\u00f3n en la Regi\u00f3n Metropolitana para garantizar el derecho de las personas de vivir en un medioambiente libre de contaminaci\u00f3n\u201d.<\/p>\n<p><strong>La delegada presidencial RM, Constanza Mart\u00ednez, <\/strong>explic\u00f3 que \u201cen este nuevo per\u00edodo de GEC tenemos objetivos claros: cuidar la salud de las personas y cumplir las normas primarias de descontaminaci\u00f3n. Esto requiere un esfuerzo del sector agr\u00edcola, del sector industrial, del sector transporte, pero tambi\u00e9n del sector residencial\u201d.<\/p>\n<p>Mart\u00ednez explic\u00f3 que durante este a\u00f1o se va a aumentar el plazo en que no se pueden realizar las quemas agr\u00edcolas entre el 1 de marzo y el 31 de octubre. A\u00f1adi\u00f3 un llamado a todas las personas a hacerse responsables y que \u201cdurante este periodo de Gesti\u00f3n de Episodios Cr\u00edticos no utilicen ning\u00fan tipo de calefactor a le\u00f1a ni asociados, para que tambi\u00e9n cada uno de nosotros vaya poniendo de su parte para poder hacer de esta hermosa ciudad un lugar m\u00e1s limpio y menos contaminado\u201d.<\/p>\n<p><strong>LISTADO GRANDES EMPRESAS SUJETAS A PARALIZAR EN GEC 2023<\/strong><\/p>\n<p>En el caso de las fuentes estacionarias industriales, su fiscalizaci\u00f3n corresponde a la Superintendencia del Medio Ambiente (SMA). Para este 2023, de los 61 Grandes Establecimientos que deb\u00edan presentar su Plan de Reducci\u00f3n de Emisiones de acuerdo con el PPDA o la actualizaci\u00f3n de estos. Hasta la fecha 22 de ellos no han cumplido con esta medida, por lo que deber\u00edan paralizar en d\u00edas de preemergencia y emergencia ambiental. No obstante, esta cifra a\u00fan est\u00e1 en revisi\u00f3n, de acuerdo a los antecedentes que entreguen las empresas a lalos sistemas de informaci\u00f3n de SMA.<\/p>\n<p>Para acceder al listado, publicado mediante a <a href=\"https:\/\/www.diariooficial.interior.gob.cl\/edicionelectronica\/index.php?date=27-04-2023&amp;edition=43537\">Resoluci\u00f3n Exenta N\u00b0705 de 2023<\/a>, debe ingresar al <a href=\"https:\/\/portal.sma.gob.cl\/index.php\/2023\/04\/27\/sma-publica-listado-de-grandes-establecimientos-que-deben-paralizar-en-episodios-criticos-en-la-rm\/\">Portal Web de la SMA.<\/a><\/p>\n<blockquote><p>M\u00e1s informaci\u00f3n sobre todas las medidas del Plan de Descontaminaci\u00f3n de la RM visite: <a href=\"https:\/\/airerm.mma.gob.cl\/\">https:\/\/airerm.mma.gob.cl\/<\/a><\/p><\/blockquote>\n","protected":false},"excerpt":{"rendered":"<p>El per\u00edodo de Gesti\u00f3n de Episodios Cr\u00edticos (GEC) se extiende desde el 1 de mayo al 31 de agosto. Hasta el momento, 22 Grandes Establecimientos deber\u00e1n paralizar por no contar con un Plan de Reducci\u00f3n de Emisiones aprobado. Este a\u00f1o, el Ministerio de Transportes anunci\u00f3 la ampliaci\u00f3n de la zona donde no podr\u00e1n transitar los veh\u00edculos <a href=\"https:\/\/portal.sma.gob.cl\/index.php\/se-inicia-periodo-gec-en-la-rm-sma-fiscalizara-grandes-establecimientos-que-deben-paralizar-en-preemergencia\/\">Leer m\u00e1s<\/a><\/p>\n","protected":false},"author":9,"featured_media":26326,"comment_status":"open","ping_status":"open","sticky":false,"template":"","format":"standard","meta":{"footnotes":""},"categories":[90,107,225],"tags":[],"class_list":["post-26323","post","type-post","status-publish","format-standard","has-post-thumbnail","hentry","category-comunicados-noticias","category-destacado","category-macrozona-centro"],"_links":{"self":[{"href":"https:\/\/portal.sma.gob.cl\/index.php\/wp-json\/wp\/v2\/posts\/26323","targetHints":{"allow":["GET"]}}],"collection":[{"href":"https:\/\/portal.sma.gob.cl\/index.php\/wp-json\/wp\/v2\/posts"}],"about":[{"href":"https:\/\/portal.sma.gob.cl\/index.php\/wp-json\/wp\/v2\/types\/post"}],"author":[{"embeddable":true,"href":"https:\/\/portal.sma.gob.cl\/index.php\/wp-json\/wp\/v2\/users\/9"}],"replies":[{"embeddable":true,"href":"https:\/\/portal.sma.gob.cl\/index.php\/wp-json\/wp\/v2\/comments?post=26323"}],"version-history":[{"count":1,"href":"https:\/\/portal.sma.gob.cl\/index.php\/wp-json\/wp\/v2\/posts\/26323\/revisions"}],"predecessor-version":[{"id":26324,"href":"https:\/\/portal.sma.gob.cl\/index.php\/wp-json\/wp\/v2\/posts\/26323\/revisions\/26324"}],"wp:featuredmedia":[{"embeddable":true,"href":"https:\/\/portal.sma.gob.cl\/index.php\/wp-json\/wp\/v2\/media\/26326"}],"wp:attachment":[{"href":"https:\/\/portal.sma.gob.cl\/index.php\/wp-json\/wp\/v2\/media?parent=26323"}],"wp:term":[{"taxonomy":"category","embeddable":true,"href":"https:\/\/portal.sma.gob.cl\/index.php\/wp-json\/wp\/v2\/categories?post=26323"},{"taxonomy":"post_tag","embeddable":true,"href":"https:\/\/portal.sma.gob.cl\/index.php\/wp-json\/wp\/v2\/tags?post=26323"}],"curies":[{"name":"wp","href":"https:\/\/api.w.org\/{rel}","templated":true}]}}