{"id":26339,"date":"2023-04-28T13:09:38","date_gmt":"2023-04-28T17:09:38","guid":{"rendered":"https:\/\/portal.sma.gob.cl\/?p=26339"},"modified":"2023-04-28T13:09:38","modified_gmt":"2023-04-28T17:09:38","slug":"maipu-sma-formula-cargo-gravisimo-a-minera-jupiter-primera","status":"publish","type":"post","link":"https:\/\/portal.sma.gob.cl\/index.php\/maipu-sma-formula-cargo-gravisimo-a-minera-jupiter-primera\/","title":{"rendered":"Maip\u00fa: SMA formula cargo grav\u00edsimo a Minera J\u00fapiter Primera"},"content":{"rendered":"<p><strong>\u2022 La SMA fiscaliz\u00f3 este proyecto por denuncias de la Municipalidad de Maip\u00fa e inici\u00f3 el sancionatorio en marzo, pero s\u00f3lo a fines de abril se pudo notificar a un titular de la empresa. En los \u00faltimos d\u00edas el Liceo Reino de Dinamarca se vio afectado por el material particulado que emite esta instalaci\u00f3n.<\/strong><!--more--><\/p>\n<p><strong>Santiago, 28 de abril de 2023.<\/strong> La Superintendencia del Medio Ambiente (SMA) ha formulado un cargo grav\u00edsimo a Minera J\u00fapiter Primera de Maip\u00fa, debido a la ejecuci\u00f3n de un proyecto de extracci\u00f3n de \u00e1ridos, con m\u00e1s de 100.000 metros c\u00fabicos totales de material removido en pozo lastrero ubicado al interior del fundo La Rinconada de Lo Espejo, que abarca una superficie superior a 5 hect\u00e1reas, sin contar con la respectiva Resoluci\u00f3n de Calificaci\u00f3n Ambiental.<\/p>\n<p>En este caso, se ha clasificado la infracci\u00f3n como grav\u00edsima, por lo que la empresa arriesga la clausura temporal o definitiva, e incluso multas de hasta 10.000 Unidades Tributarias Anuales (UTA), equivalentes a m\u00e1s de $7.400 millones.<\/p>\n<p>\u201cEste proyecto se ha fiscalizado en diferentes ocasiones. Se ubica al interior de la Estaci\u00f3n experimental Agron\u00f3mica Germ\u00e1n Greve Silva de la Universidad de Chile, en la comuna de Maip\u00fa. Analizando la informaci\u00f3n recabada en terreno, junto al uso de im\u00e1genes satelitales e informes derivados de la Municipalidad de Maip\u00fa, se levanta la formulaci\u00f3n de cargos, ya que los vol\u00famenes que extrae el proyecto y su extensi\u00f3n en el terreno, muestran que se est\u00e1 ejecutando sin la debida evaluaci\u00f3n ambiental\u201d, explica la Superintendenta del Medio Ambiente, Marie Claude Plumer.<\/p>\n<p>En el expediente del caso, tambi\u00e9n se se\u00f1ala que la extracci\u00f3n de \u00e1ridos se ubica dentro de un \u00c1rea de Inter\u00e9s Agropecuario Exclusivo, por lo que esta faena de extracci\u00f3n adem\u00e1s ser\u00eda incompatible territorialmente con el uso de suelo permitido en el Plano Regulador Metropolitano.<\/p>\n<p>Adicionalmente, en este caso, concurren efectos adversos significativos sobre el componente ambiental suelo, gener\u00e1ndose da\u00f1o ambiental. Esto es de particular importancia en el contexto actual de cambio clim\u00e1tico. Tambi\u00e9n, el cambio de uso de suelo reduce la capacidad de resiliencia del ecosistema en que se emplaza e incrementa la vulnerabilidad y exposici\u00f3n ante eventos clim\u00e1ticos extremos cada vez m\u00e1s frecuentes en Chile como la sequ\u00eda, precipitaciones extremas, heladas y olas de calor.<\/p>\n<p>La autoridad explica que este caso se prioriz\u00f3 en la instituci\u00f3n, luego de las solicitudes de la Municipalidad de Maip\u00fa, debido a que esta faena se encuentra pr\u00f3xima al Liceo Reino de Dinamarca, el cual se ha visto afectado por el material particulado que emana de esta instalaci\u00f3n.<\/p>\n<p>Cabe destacar que la formulaci\u00f3n de cargos se realiz\u00f3 el 28 de marzo, pero no se pudo notificar a ning\u00fan representante de la empresa sino hasta fines de abril. Tras la notificaci\u00f3n de la presente resoluci\u00f3n, la empresa contar\u00e1 con un plazo de 10 d\u00edas h\u00e1biles para presentar un Programa de Cumplimiento (PdC) y de 15 d\u00edas h\u00e1biles para formular sus descargos tras la notificaci\u00f3n del presente sancionatorio.<\/p>\n<blockquote><p>\nPara m\u00e1s detalles de esta formulaci\u00f3n de cargos, debe ingresar al Sistema de Informaci\u00f3n de Fiscalizaci\u00f3n Ambiental (SNIFA): https:\/\/snifa.sma.gob.cl\/Sancionatorio\/Ficha\/3245<\/p><\/blockquote>\n","protected":false},"excerpt":{"rendered":"<p>\u2022 La SMA fiscaliz\u00f3 este proyecto por denuncias de la Municipalidad de Maip\u00fa e inici\u00f3 el sancionatorio en marzo, pero s\u00f3lo a fines de abril se pudo notificar a un titular de la empresa. En los \u00faltimos d\u00edas el Liceo Reino de Dinamarca se vio afectado por el material particulado que emite esta instalaci\u00f3n.<\/p>\n","protected":false},"author":9,"featured_media":26338,"comment_status":"open","ping_status":"open","sticky":false,"template":"","format":"standard","meta":{"footnotes":""},"categories":[90,225],"tags":[],"class_list":["post-26339","post","type-post","status-publish","format-standard","has-post-thumbnail","hentry","category-comunicados-noticias","category-macrozona-centro"],"_links":{"self":[{"href":"https:\/\/portal.sma.gob.cl\/index.php\/wp-json\/wp\/v2\/posts\/26339","targetHints":{"allow":["GET"]}}],"collection":[{"href":"https:\/\/portal.sma.gob.cl\/index.php\/wp-json\/wp\/v2\/posts"}],"about":[{"href":"https:\/\/portal.sma.gob.cl\/index.php\/wp-json\/wp\/v2\/types\/post"}],"author":[{"embeddable":true,"href":"https:\/\/portal.sma.gob.cl\/index.php\/wp-json\/wp\/v2\/users\/9"}],"replies":[{"embeddable":true,"href":"https:\/\/portal.sma.gob.cl\/index.php\/wp-json\/wp\/v2\/comments?post=26339"}],"version-history":[{"count":2,"href":"https:\/\/portal.sma.gob.cl\/index.php\/wp-json\/wp\/v2\/posts\/26339\/revisions"}],"predecessor-version":[{"id":26341,"href":"https:\/\/portal.sma.gob.cl\/index.php\/wp-json\/wp\/v2\/posts\/26339\/revisions\/26341"}],"wp:featuredmedia":[{"embeddable":true,"href":"https:\/\/portal.sma.gob.cl\/index.php\/wp-json\/wp\/v2\/media\/26338"}],"wp:attachment":[{"href":"https:\/\/portal.sma.gob.cl\/index.php\/wp-json\/wp\/v2\/media?parent=26339"}],"wp:term":[{"taxonomy":"category","embeddable":true,"href":"https:\/\/portal.sma.gob.cl\/index.php\/wp-json\/wp\/v2\/categories?post=26339"},{"taxonomy":"post_tag","embeddable":true,"href":"https:\/\/portal.sma.gob.cl\/index.php\/wp-json\/wp\/v2\/tags?post=26339"}],"curies":[{"name":"wp","href":"https:\/\/api.w.org\/{rel}","templated":true}]}}