{"id":26350,"date":"2023-05-04T10:06:11","date_gmt":"2023-05-04T14:06:11","guid":{"rendered":"https:\/\/portal.sma.gob.cl\/?p=26350"},"modified":"2023-05-04T12:42:47","modified_gmt":"2023-05-04T16:42:47","slug":"autoridades-ambientales-se-reunen-con-relator-sobre-los-ddhh-y-medioambiente-de-la-onu","status":"publish","type":"post","link":"https:\/\/portal.sma.gob.cl\/index.php\/autoridades-ambientales-se-reunen-con-relator-sobre-los-ddhh-y-medioambiente-de-la-onu\/","title":{"rendered":"Autoridades ambientales se re\u00fanen con relator sobre los DDHH y medioambiente de la ONU"},"content":{"rendered":"<div class=\"group w-full text-gray-800 dark:text-gray-100 border-b border-black\/10 dark:border-gray-900\/50 dark:bg-gray-800\">\n<div class=\"text-base gap-4 md:gap-6 md:max-w-2xl lg:max-w-xl xl:max-w-3xl p-4 md:py-6 flex lg:px-0 m-auto\">\n<div class=\"relative flex w-[calc(100%-50px)] flex-col gap-1 md:gap-3 lg:w-[calc(100%-115px)]\">\n<ul>\n<li class=\"flex flex-grow flex-col gap-3\"><strong>En la reuni\u00f3n, que tuvo lugar en el Ministerio del Medio Ambiente y que cont\u00f3 con la participaci\u00f3n de la Superintendenta Plumer, David Boyle conoci\u00f3 los progresos y avances en la materia, junto con el trabajo de implementaci\u00f3n del Acuerdo de Escaz\u00fa.<\/strong><\/li>\n<li class=\"flex flex-grow flex-col gap-3\"><strong>El relator se encuentra en Chile para elaborar un informe para el Consejo de Derechos Humanos de la ONU.<\/strong><\/li>\n<\/ul>\n<\/div>\n<\/div>\n<\/div>\n<div class=\"group w-full text-gray-800 dark:text-gray-100 border-b border-black\/10 dark:border-gray-900\/50 bg-gray-50 dark:bg-[#444654]\">\n<div class=\"text-base gap-4 md:gap-6 md:max-w-2xl lg:max-w-xl xl:max-w-3xl p-4 md:py-6 flex lg:px-0 m-auto\">\n<div class=\"relative flex w-[calc(100%-50px)] flex-col gap-1 md:gap-3 lg:w-[calc(100%-115px)]\">\n<div class=\"flex flex-grow flex-col gap-3\">\n<div class=\"min-h-[20px] flex flex-col items-start gap-4 whitespace-pre-wrap break-words\">\n<div class=\"markdown prose w-full break-words dark:prose-invert dark\">\n<p><strong>Santiago, 3 de mayo de 2023.-<\/strong> El Subsecretario del Medio Ambiente, Maximiliano Proa\u00f1o, junto a la Superintendenta de Medio Ambiente, Marie Claude Plumer, y la Jefa del Departamento de Estudios y Desarrollo del Servicio de Evaluaci\u00f3n Ambiental (SEA), Camila Carrasco, se reunieron con el relator sobre los DDHH y medioambiente de la ONU, David Boyd.<\/p>\n<p>Durante la reuni\u00f3n, que se llev\u00f3 a cabo en el Ministerio del Medio Ambiente, las autoridades ambientales expusieron el trabajo y avances en materia de DDHH y medioambiente, as\u00ed como el proceso de implementaci\u00f3n del Acuerdo de Escaz\u00fa. David Boyd, quien se encuentra en el pa\u00eds trabajando en un informe sobre Chile al Consejo de Derechos Humanos de la ONU, escuch\u00f3 atentamente las exposiciones de las autoridades chilenas.<\/p>\n<p>El Subsecretario Proa\u00f1o valor\u00f3 la importancia de la visita de Boyd, destacando que \u00abpudimos mostrar el trabajo en materia de Derechos Humanos frente a tem\u00e1ticas socioambientales que muchas veces son complejas. Por lo mismo, le expusimos el enfoque con el que estamos enfrentando situaciones que se han arrastrado por a\u00f1os en nuestro pa\u00eds, donde hemos planificado procesos para alcanzar la transici\u00f3n socioecol\u00f3gica justa\u00bb.<\/p>\n<p>La Superintendenta de Medio Ambiente, Marie Claude Plumer, destac\u00f3 que \u00abel relator viene a conocer en terreno y a reunirse con distintos actores para realizar un reporte en materias que poseen un gran inter\u00e9s, como son las zonas en transici\u00f3n o c\u00f3mo estamos enfrentando la crisis h\u00eddrica o de p\u00e9rdida de biodiversidad\u00bb.<\/p>\n<p>Por su parte, la Jefa del Departamento de Estudios y Desarrollo del SEA, Camila Carrasco, se\u00f1al\u00f3 que \u00abpoder comunicarle todo lo que estamos implementando a tan importante referente ha sido muy valioso y eleva nuestros est\u00e1ndares para que nuestro servicio contin\u00fae trabajando con a\u00fan mayor excelencia\u00bb.<\/p>\n<p>Finalmente, durante la conversaci\u00f3n se destac\u00f3 el proceso de implementaci\u00f3n del Acuerdo de Escaz\u00fa en el pa\u00eds. Constance Nalegach, Jefa de la Oficina de Asuntos Internacionales y una de las redactoras del tratado, explic\u00f3 que \u00abse presentaron los tres ejes en los que se est\u00e1 trabajando, en relaci\u00f3n a la difusi\u00f3n del Acuerdo, la obligaci\u00f3n que tienen como servidores p\u00fablicos y los cambios en medidas de gesti\u00f3n para fortalecer la democracia ambiental\u00bb. Adem\u00e1s, se destac\u00f3 el proceso participativo para identificar fechas y desaf\u00edos para mejorar los est\u00e1ndares en materia de medioambiente y DDHH.<\/p>\n<p>David Boyd visitar\u00e1 distintos pa\u00edses de Sudam\u00e9rica para realizar un informe acabado respecto al actual escenario de la regi\u00f3n en materia de DDHH y medioambiente, el que al final de su gira ser\u00e1 presentado.<\/p>\n<\/div>\n<\/div>\n<\/div>\n<\/div>\n<\/div>\n<\/div>\n","protected":false},"excerpt":{"rendered":"<p>En la reuni\u00f3n, que tuvo lugar en el Ministerio del Medio Ambiente y que cont\u00f3 con la participaci\u00f3n de la Superintendenta Plumer, David Boyle conoci\u00f3 los progresos y avances en la materia, junto con el trabajo de implementaci\u00f3n del Acuerdo de Escaz\u00fa. El relator se encuentra en Chile para elaborar un informe para el Consejo de <a href=\"https:\/\/portal.sma.gob.cl\/index.php\/autoridades-ambientales-se-reunen-con-relator-sobre-los-ddhh-y-medioambiente-de-la-onu\/\">Leer m\u00e1s<\/a><\/p>\n","protected":false},"author":8,"featured_media":26368,"comment_status":"open","ping_status":"open","sticky":false,"template":"","format":"standard","meta":{"footnotes":""},"categories":[90,107,224],"tags":[],"class_list":["post-26350","post","type-post","status-publish","format-standard","has-post-thumbnail","hentry","category-comunicados-noticias","category-destacado","category-macrozona-norte"],"_links":{"self":[{"href":"https:\/\/portal.sma.gob.cl\/index.php\/wp-json\/wp\/v2\/posts\/26350","targetHints":{"allow":["GET"]}}],"collection":[{"href":"https:\/\/portal.sma.gob.cl\/index.php\/wp-json\/wp\/v2\/posts"}],"about":[{"href":"https:\/\/portal.sma.gob.cl\/index.php\/wp-json\/wp\/v2\/types\/post"}],"author":[{"embeddable":true,"href":"https:\/\/portal.sma.gob.cl\/index.php\/wp-json\/wp\/v2\/users\/8"}],"replies":[{"embeddable":true,"href":"https:\/\/portal.sma.gob.cl\/index.php\/wp-json\/wp\/v2\/comments?post=26350"}],"version-history":[{"count":4,"href":"https:\/\/portal.sma.gob.cl\/index.php\/wp-json\/wp\/v2\/posts\/26350\/revisions"}],"predecessor-version":[{"id":26367,"href":"https:\/\/portal.sma.gob.cl\/index.php\/wp-json\/wp\/v2\/posts\/26350\/revisions\/26367"}],"wp:featuredmedia":[{"embeddable":true,"href":"https:\/\/portal.sma.gob.cl\/index.php\/wp-json\/wp\/v2\/media\/26368"}],"wp:attachment":[{"href":"https:\/\/portal.sma.gob.cl\/index.php\/wp-json\/wp\/v2\/media?parent=26350"}],"wp:term":[{"taxonomy":"category","embeddable":true,"href":"https:\/\/portal.sma.gob.cl\/index.php\/wp-json\/wp\/v2\/categories?post=26350"},{"taxonomy":"post_tag","embeddable":true,"href":"https:\/\/portal.sma.gob.cl\/index.php\/wp-json\/wp\/v2\/tags?post=26350"}],"curies":[{"name":"wp","href":"https:\/\/api.w.org\/{rel}","templated":true}]}}